{"id":103815,"date":"2023-09-27T15:13:19","date_gmt":"2023-09-27T15:13:19","guid":{"rendered":"https:\/\/primicias2262.com\/noticias\/?p=103815"},"modified":"2023-09-28T17:05:28","modified_gmt":"2023-09-28T17:05:28","slug":"la-secretaria-de-salud-impulsa-una-campana-articulada-en-la-lucha-contra-el-cancer-de-mama","status":"publish","type":"post","link":"https:\/\/primicias2262.com\/noticias\/la-secretaria-de-salud-impulsa-una-campana-articulada-en-la-lucha-contra-el-cancer-de-mama\/","title":{"rendered":"La Secretar\u00eda de Salud impulsa una campa\u00f1a articulada en la lucha contra el c\u00e1ncer de mama"},"content":{"rendered":"<p><strong>La Secretar\u00eda de Salud, a cargo de Andrea Perestiuk, impulsa una importante campa\u00f1a de detecci\u00f3n precoz del c\u00e1ncer de mama denominada \u201cNecoRosa\u201d a partir de octubre, mes en el que se concientiza sobre dicho tema, y para ello hay una importante articulaci\u00f3n con el primer y segundo nivel de la salud p\u00fablica, es decir, los centros de salud y los hospitales municipales.<\/strong><\/p>\n<p>Acompa\u00f1ada de la referente de Atenci\u00f3n Primaria de Salud, Carina Mazeris; y de la directora del Hospital Irurzun, Flavia Ag\u00fcero (\u00fanico nosocomio municipal que brinda el recurso accesible de la mamograf\u00eda de forma moderna), la secretaria de Salud se\u00f1al\u00f3 que \u201clo que hemos denominado \u201cNecoRosa\u201d tiene que ver con un programa que estamos lanzando de detecci\u00f3n precoz del c\u00e1ncer de mama en el contexto del mes donde se concientiza sobre la prevenci\u00f3n de este tema\u201d.<\/p>\n<p>No obstante, Perestiuk manifest\u00f3 que \u201csi bien se lanza en octubre porque se conmemora la fecha (el 19 de octubre), la idea es que el programa contin\u00fae durante todo el a\u00f1o, sabiendo que epidemiol\u00f3gicamente el c\u00e1ncer de mama lidera en cuanto a la patolog\u00eda cancer\u00edgena, as\u00ed que es algo que necesitamos poner en vigencia permanentemente y esto es un poco el puntapi\u00e9 inicial\u201d.<\/p>\n<figure class=\"wp-block-image size-full\"><img loading=\"lazy\" decoding=\"async\" class=\"wp-image-81291\" src=\"https:\/\/necochea.gov.ar\/wp-content\/uploads\/2023\/09\/26-09-FOTO-Andrea-Perestiuk.jpeg\" alt=\"\" width=\"1600\" height=\"1066\" \/><\/figure>\n<p>En ese marco, y \u201ccomo parte de las pol\u00edticas de cuidado y las acciones que debemos llevar adelante como gestores del sistema de salud, hemos articulado entre con el primer nivel de atenci\u00f3n: los centros de Atenci\u00f3n Primaria de Salud y las unidades sanitarias del interior del distrito; el Hospital Irurzun, el \u00fanico del sector p\u00fablico que tiene el equipamiento para realizar las mamograf\u00edas, y con el Hospital Ferreyra a trav\u00e9s de profesionales que formar\u00e1n parte de esta campa\u00f1a haciendo una jornada de atenci\u00f3n ginecol\u00f3gica por demanda espont\u00e1nea\u201d.<\/p>\n<p>En referencia a las mamograf\u00edas, la funcionaria precis\u00f3 que se trata de dar turnos protegidos en cada centro de salud para que puedan acceder las usuarias de 40 a\u00f1os en adelante y sin cobertura social, <strong>habiendo un d\u00eda destinado para cada CAPS para acceder de forma ordenada, como as\u00ed en las unidades sanitarias del interior del distrito, lo cual se puede observar detalladamente a continuaci\u00f3n, y que se realiza, inclusive, desde esta misma semana con el cierre del corriente mes.<\/strong><\/p>\n<figure class=\"wp-block-gallery has-nested-images columns-default is-cropped wp-block-gallery-3 is-layout-flex wp-block-gallery-is-layout-flex\">\n<figure class=\"wp-block-image size-large\"><img loading=\"lazy\" decoding=\"async\" class=\"wp-image-81294\" src=\"https:\/\/necochea.gov.ar\/wp-content\/uploads\/2023\/09\/PLACA-NecoRosa-CAPS.jpeg\" alt=\"\" width=\"1081\" height=\"1081\" data-id=\"81294\" \/><\/figure>\n<figure class=\"wp-block-image size-large\"><img loading=\"lazy\" decoding=\"async\" class=\"wp-image-81295\" src=\"https:\/\/necochea.gov.ar\/wp-content\/uploads\/2023\/09\/PLACA-NecoRosa-CAPS2.jpeg\" alt=\"\" width=\"1081\" height=\"1081\" data-id=\"81295\" \/><\/figure>\n<\/figure>\n<p>En ese aspecto, Mazeris resalt\u00f3 que \u201cel primer nivel de atenci\u00f3n tiene este organigrama en el que los CAPS tienen un d\u00eda asignado para dar los turnos y realizarse la mamograf\u00eda, entonces cualquier mujer que se quiere realizar el estudio se acerca al centro de salud y se va a hacer un listado para que se le otorgue el turno y se haga la mamograf\u00eda\u201d.<\/p>\n<p>Pero a su vez, en l\u00ednea con lo que anticipaba Perestiuk, la directora de APS puntualiz\u00f3 que \u201cel D\u00eda espec\u00edfico del c\u00e1ncer de mama, que es el 19 de octubre, tres profesionales ginec\u00f3logos en tres centros de salud atender\u00e1n libremente a demanda espont\u00e1nea y sin turno programado, para que cualquier mujer que tenga dudas o quiera realizarse un examen pueda acercarse. <strong>Ese jueves 19 ser\u00e1 en los Centro de Salud Sudoeste, Estaci\u00f3n Quequ\u00e9n y en el Fucile\u201d<\/strong>.<\/p>\n<figure class=\"wp-block-gallery has-nested-images columns-default is-cropped wp-block-gallery-5 is-layout-flex wp-block-gallery-is-layout-flex\">\n<figure class=\"wp-block-image size-large\"><img loading=\"lazy\" decoding=\"async\" class=\"wp-image-81292\" src=\"https:\/\/necochea.gov.ar\/wp-content\/uploads\/2023\/09\/26-09-FOTO-Carina-Mezeris.jpeg\" alt=\"\" width=\"1600\" height=\"1066\" data-id=\"81292\" \/><\/figure>\n<figure class=\"wp-block-image size-large\"><img loading=\"lazy\" decoding=\"async\" class=\"wp-image-81296\" src=\"https:\/\/necochea.gov.ar\/wp-content\/uploads\/2023\/09\/PLACA-NecoRosa-jornada-espontanea.jpeg\" alt=\"\" width=\"1600\" height=\"1600\" data-id=\"81296\" \/><\/figure>\n<\/figure>\n<p>Por su parte, la directora del Hospital Irurzun recalc\u00f3 que \u201ctodos los a\u00f1os se organizan el mes de la lucha contra el c\u00e1ncer de mama este tema de la detecci\u00f3n precoz que es tan importante\u201d, apuntando que \u201ccuando uno recomienda examinarse, m\u00e1s all\u00e1 de tocarse y examinar si hay alg\u00fan bulto, generalmente llegamos un poco tarde en esta cuesti\u00f3n, entonces la importancia de dar a conocer esta campa\u00f1a para aquellas personas que tengan m\u00e1s de 40 a\u00f1os y sin obra social, es para que puedan acceder todos los a\u00f1os a realizarse la mamograf\u00eda, y ese es un paso adelante a la detecci\u00f3n del tacto\u201d.<\/p>\n<figure class=\"wp-block-image size-full\"><img loading=\"lazy\" decoding=\"async\" class=\"wp-image-81293\" src=\"https:\/\/necochea.gov.ar\/wp-content\/uploads\/2023\/09\/26-09-FOTO-Flavia-Aguero.jpeg\" alt=\"\" width=\"1600\" height=\"1066\" \/><\/figure>\n<p>Por ello, \u201ccon todo el personal que trabaja en Diagn\u00f3stico por Im\u00e1genes este a\u00f1o se volvi\u00f3 a pensar en lo importante de la difusi\u00f3n para concientizar sobre la realizaci\u00f3n espec\u00edfica de la mamograf\u00eda\u201d, se\u00f1al\u00f3 Ag\u00fcero, para aportar que \u201chabilitamos turnos para los centros de salud y el interior en toda esta gesti\u00f3n que vamos trabajando\u201d, y en ese sentido subray\u00f3 \u201cel trabajo interdisciplinario para darle un empuje mayor a la difusi\u00f3n, que es muy necesaria para llegar a tiempo en algo que a lo mejor necesita una intervenci\u00f3n mucho mayor, pero si lo detectamos de forma temprana con una simple cirug\u00eda o intervenci\u00f3n vamos a evitar un tratamiento o incapacidad posterior\u201d.<\/p>\n<div id='gallery-1' class='gallery galleryid-103815 gallery-columns-2 gallery-size-medium'><figure class='gallery-item'>\n\t\t\t<div class='gallery-icon landscape'>\n\t\t\t\t<a href='https:\/\/primicias2262.com\/noticias\/la-secretaria-de-salud-impulsa-una-campana-articulada-en-la-lucha-contra-el-cancer-de-mama\/placa-necorosa\/'><img loading=\"lazy\" decoding=\"async\" width=\"300\" height=\"300\" src=\"https:\/\/primicias2262.com\/noticias\/wp-content\/uploads\/2023\/09\/PLACA-NecoRosa-300x300.jpeg\" class=\"attachment-medium size-medium\" alt=\"\" srcset=\"https:\/\/primicias2262.com\/noticias\/wp-content\/uploads\/2023\/09\/PLACA-NecoRosa-300x300.jpeg 300w, https:\/\/primicias2262.com\/noticias\/wp-content\/uploads\/2023\/09\/PLACA-NecoRosa-1024x1024.jpeg 1024w, https:\/\/primicias2262.com\/noticias\/wp-content\/uploads\/2023\/09\/PLACA-NecoRosa-150x150.jpeg 150w, https:\/\/primicias2262.com\/noticias\/wp-content\/uploads\/2023\/09\/PLACA-NecoRosa-768x767.jpeg 768w, https:\/\/primicias2262.com\/noticias\/wp-content\/uploads\/2023\/09\/PLACA-NecoRosa-696x695.jpeg 696w, https:\/\/primicias2262.com\/noticias\/wp-content\/uploads\/2023\/09\/PLACA-NecoRosa-1068x1067.jpeg 1068w, https:\/\/primicias2262.com\/noticias\/wp-content\/uploads\/2023\/09\/PLACA-NecoRosa.jpeg 1081w\" sizes=\"auto, (max-width: 300px) 100vw, 300px\" \/><\/a>\n\t\t\t<\/div><\/figure><figure class='gallery-item'>\n\t\t\t<div class='gallery-icon landscape'>\n\t\t\t\t<a href='https:\/\/primicias2262.com\/noticias\/la-secretaria-de-salud-impulsa-una-campana-articulada-en-la-lucha-contra-el-cancer-de-mama\/placa-necorosa-recomendaciones3\/'><img loading=\"lazy\" decoding=\"async\" width=\"300\" height=\"300\" src=\"https:\/\/primicias2262.com\/noticias\/wp-content\/uploads\/2023\/09\/PLACA-NecoRosa-recomendaciones3-300x300.jpeg\" class=\"attachment-medium size-medium\" alt=\"\" srcset=\"https:\/\/primicias2262.com\/noticias\/wp-content\/uploads\/2023\/09\/PLACA-NecoRosa-recomendaciones3-300x300.jpeg 300w, https:\/\/primicias2262.com\/noticias\/wp-content\/uploads\/2023\/09\/PLACA-NecoRosa-recomendaciones3-1024x1024.jpeg 1024w, https:\/\/primicias2262.com\/noticias\/wp-content\/uploads\/2023\/09\/PLACA-NecoRosa-recomendaciones3-150x150.jpeg 150w, https:\/\/primicias2262.com\/noticias\/wp-content\/uploads\/2023\/09\/PLACA-NecoRosa-recomendaciones3-768x767.jpeg 768w, https:\/\/primicias2262.com\/noticias\/wp-content\/uploads\/2023\/09\/PLACA-NecoRosa-recomendaciones3-696x695.jpeg 696w, https:\/\/primicias2262.com\/noticias\/wp-content\/uploads\/2023\/09\/PLACA-NecoRosa-recomendaciones3-1068x1067.jpeg 1068w, https:\/\/primicias2262.com\/noticias\/wp-content\/uploads\/2023\/09\/PLACA-NecoRosa-recomendaciones3.jpeg 1081w\" sizes=\"auto, (max-width: 300px) 100vw, 300px\" \/><\/a>\n\t\t\t<\/div><\/figure>\n\t\t<\/div>\n\n<div id='gallery-2' class='gallery galleryid-103815 gallery-columns-3 gallery-size-medium'><figure class='gallery-item'>\n\t\t\t<div class='gallery-icon landscape'>\n\t\t\t\t<a href='https:\/\/primicias2262.com\/noticias\/la-secretaria-de-salud-impulsa-una-campana-articulada-en-la-lucha-contra-el-cancer-de-mama\/placa-necorosa-recomendaciones2\/'><img loading=\"lazy\" decoding=\"async\" width=\"300\" height=\"300\" src=\"https:\/\/primicias2262.com\/noticias\/wp-content\/uploads\/2023\/09\/PLACA-NecoRosa-recomendaciones2-300x300.jpeg\" class=\"attachment-medium size-medium\" alt=\"\" srcset=\"https:\/\/primicias2262.com\/noticias\/wp-content\/uploads\/2023\/09\/PLACA-NecoRosa-recomendaciones2-300x300.jpeg 300w, https:\/\/primicias2262.com\/noticias\/wp-content\/uploads\/2023\/09\/PLACA-NecoRosa-recomendaciones2-1024x1024.jpeg 1024w, https:\/\/primicias2262.com\/noticias\/wp-content\/uploads\/2023\/09\/PLACA-NecoRosa-recomendaciones2-150x150.jpeg 150w, https:\/\/primicias2262.com\/noticias\/wp-content\/uploads\/2023\/09\/PLACA-NecoRosa-recomendaciones2-768x767.jpeg 768w, https:\/\/primicias2262.com\/noticias\/wp-content\/uploads\/2023\/09\/PLACA-NecoRosa-recomendaciones2-696x695.jpeg 696w, https:\/\/primicias2262.com\/noticias\/wp-content\/uploads\/2023\/09\/PLACA-NecoRosa-recomendaciones2-1068x1067.jpeg 1068w, https:\/\/primicias2262.com\/noticias\/wp-content\/uploads\/2023\/09\/PLACA-NecoRosa-recomendaciones2.jpeg 1081w\" sizes=\"auto, (max-width: 300px) 100vw, 300px\" \/><\/a>\n\t\t\t<\/div><\/figure><figure class='gallery-item'>\n\t\t\t<div class='gallery-icon landscape'>\n\t\t\t\t<a href='https:\/\/primicias2262.com\/noticias\/la-secretaria-de-salud-impulsa-una-campana-articulada-en-la-lucha-contra-el-cancer-de-mama\/placa-necorosa3\/'><img loading=\"lazy\" decoding=\"async\" width=\"300\" height=\"300\" src=\"https:\/\/primicias2262.com\/noticias\/wp-content\/uploads\/2023\/09\/PLACA-NecoRosa3-300x300.jpeg\" class=\"attachment-medium size-medium\" alt=\"\" srcset=\"https:\/\/primicias2262.com\/noticias\/wp-content\/uploads\/2023\/09\/PLACA-NecoRosa3-300x300.jpeg 300w, https:\/\/primicias2262.com\/noticias\/wp-content\/uploads\/2023\/09\/PLACA-NecoRosa3-1024x1024.jpeg 1024w, https:\/\/primicias2262.com\/noticias\/wp-content\/uploads\/2023\/09\/PLACA-NecoRosa3-150x150.jpeg 150w, https:\/\/primicias2262.com\/noticias\/wp-content\/uploads\/2023\/09\/PLACA-NecoRosa3-768x768.jpeg 768w, https:\/\/primicias2262.com\/noticias\/wp-content\/uploads\/2023\/09\/PLACA-NecoRosa3-696x696.jpeg 696w, https:\/\/primicias2262.com\/noticias\/wp-content\/uploads\/2023\/09\/PLACA-NecoRosa3-1068x1068.jpeg 1068w, https:\/\/primicias2262.com\/noticias\/wp-content\/uploads\/2023\/09\/PLACA-NecoRosa3.jpeg 1081w\" sizes=\"auto, (max-width: 300px) 100vw, 300px\" \/><\/a>\n\t\t\t<\/div><\/figure><figure class='gallery-item'>\n\t\t\t<div class='gallery-icon landscape'>\n\t\t\t\t<a href='https:\/\/primicias2262.com\/noticias\/la-secretaria-de-salud-impulsa-una-campana-articulada-en-la-lucha-contra-el-cancer-de-mama\/placa-necorosa-recomendaciones\/'><img loading=\"lazy\" decoding=\"async\" width=\"300\" height=\"300\" src=\"https:\/\/primicias2262.com\/noticias\/wp-content\/uploads\/2023\/09\/PLACA-NecoRosa-recomendaciones-300x300.jpeg\" class=\"attachment-medium size-medium\" alt=\"\" srcset=\"https:\/\/primicias2262.com\/noticias\/wp-content\/uploads\/2023\/09\/PLACA-NecoRosa-recomendaciones-300x300.jpeg 300w, https:\/\/primicias2262.com\/noticias\/wp-content\/uploads\/2023\/09\/PLACA-NecoRosa-recomendaciones-1024x1024.jpeg 1024w, https:\/\/primicias2262.com\/noticias\/wp-content\/uploads\/2023\/09\/PLACA-NecoRosa-recomendaciones-150x150.jpeg 150w, https:\/\/primicias2262.com\/noticias\/wp-content\/uploads\/2023\/09\/PLACA-NecoRosa-recomendaciones-768x767.jpeg 768w, https:\/\/primicias2262.com\/noticias\/wp-content\/uploads\/2023\/09\/PLACA-NecoRosa-recomendaciones-696x695.jpeg 696w, https:\/\/primicias2262.com\/noticias\/wp-content\/uploads\/2023\/09\/PLACA-NecoRosa-recomendaciones-1068x1067.jpeg 1068w, https:\/\/primicias2262.com\/noticias\/wp-content\/uploads\/2023\/09\/PLACA-NecoRosa-recomendaciones.jpeg 1081w\" sizes=\"auto, (max-width: 300px) 100vw, 300px\" \/><\/a>\n\t\t\t<\/div><\/figure>\n\t\t<\/div>\n\n","protected":false},"excerpt":{"rendered":"<p>La Secretar\u00eda de Salud, a cargo de Andrea Perestiuk, impulsa una importante campa\u00f1a de detecci\u00f3n precoz del c\u00e1ncer de mama denominada \u201cNecoRosa\u201d a partir de octubre, mes en el que se concientiza sobre dicho tema, y para ello hay una importante articulaci\u00f3n con el primer y segundo nivel de la salud p\u00fablica, es decir, los [&hellip;]<\/p>\n","protected":false},"author":3,"featured_media":103816,"comment_status":"open","ping_status":"open","sticky":false,"template":"","format":"standard","meta":{"footnotes":""},"categories":[3],"tags":[],"class_list":["post-103815","post","type-post","status-publish","format-standard","has-post-thumbnail","category-masnoticias"],"_links":{"self":[{"href":"https:\/\/primicias2262.com\/noticias\/wp-json\/wp\/v2\/posts\/103815","targetHints":{"allow":["GET"]}}],"collection":[{"href":"https:\/\/primicias2262.com\/noticias\/wp-json\/wp\/v2\/posts"}],"about":[{"href":"https:\/\/primicias2262.com\/noticias\/wp-json\/wp\/v2\/types\/post"}],"author":[{"embeddable":true,"href":"https:\/\/primicias2262.com\/noticias\/wp-json\/wp\/v2\/users\/3"}],"replies":[{"embeddable":true,"href":"https:\/\/primicias2262.com\/noticias\/wp-json\/wp\/v2\/comments?post=103815"}],"version-history":[{"count":2,"href":"https:\/\/primicias2262.com\/noticias\/wp-json\/wp\/v2\/posts\/103815\/revisions"}],"predecessor-version":[{"id":103837,"href":"https:\/\/primicias2262.com\/noticias\/wp-json\/wp\/v2\/posts\/103815\/revisions\/103837"}],"wp:featuredmedia":[{"embeddable":true,"href":"https:\/\/primicias2262.com\/noticias\/wp-json\/wp\/v2\/media\/103816"}],"wp:attachment":[{"href":"https:\/\/primicias2262.com\/noticias\/wp-json\/wp\/v2\/media?parent=103815"}],"wp:term":[{"taxonomy":"category","embeddable":true,"href":"https:\/\/primicias2262.com\/noticias\/wp-json\/wp\/v2\/categories?post=103815"},{"taxonomy":"post_tag","embeddable":true,"href":"https:\/\/primicias2262.com\/noticias\/wp-json\/wp\/v2\/tags?post=103815"}],"curies":[{"name":"wp","href":"https:\/\/api.w.org\/{rel}","templated":true}]}}