{"id":103824,"date":"2023-09-27T15:51:31","date_gmt":"2023-09-27T15:51:31","guid":{"rendered":"https:\/\/primicias2262.com\/noticias\/?p=103824"},"modified":"2023-09-28T17:48:28","modified_gmt":"2023-09-28T17:48:28","slug":"habra-que-hacer-un-paro-total-y-cuando-este-lleno-de-barcos-va-a-ser-muy-perjudicial-para-el-puerto","status":"publish","type":"post","link":"https:\/\/primicias2262.com\/noticias\/habra-que-hacer-un-paro-total-y-cuando-este-lleno-de-barcos-va-a-ser-muy-perjudicial-para-el-puerto\/","title":{"rendered":"\u201cHabr\u00e1 que hacer un paro total y cuando est\u00e9 lleno de barcos va a ser muy perjudicial para el puerto\u201d"},"content":{"rendered":"<p><strong>En disidencia con la gesti\u00f3n de Puerto Quequ\u00e9n, la falta de obras prometidas al inicio de la gesti\u00f3n del presidente del Consorcio, Jorge \u00c1lvaro, y la designaci\u00f3n reciente de Mariano Carrillo en representaci\u00f3n de la Uatre ante el directorio portuario, el dirigente del SUPA, David \u00c1lvarez, no descart\u00f3 una medida de fuerza total, aunque reconoce que ser\u00eda perjudicial no solo para la operatoria portuaria, sino tambi\u00e9n para la ciudad.<\/strong><\/p>\n<p>En di\u00e1logo con el periodista \u00a0Jorge G\u00f3mez para \u201cVoces de la Ciudad\u201d, \u00c1lvarez confirm\u00f3 que \u201chemos venido teniendo asambleas porque la inquietud de la gente y de los otros gremios que llaman a diario la tenemos que hacer saber, pero pareciera que nada les importara, ni siquiera que esto afecte al puerto, porque no hay contestaci\u00f3n alguna y nosotros vamos a seguir aunque quieran hacer o\u00eddos sordos para que esto no quede ac\u00e1 nom\u00e1s\u201d.<\/p>\n<p>En ese sentido, el dirigente del SUPA afirm\u00f3 que \u201ctodos los gremios apuntamos a lo mismo, a no dejar pasar esto de cualquier manera. Venimos haciendo asambleas a diario y cuando lo hacemos tenemos que dejar de hacer nuestra labor para hacer la asamblea, por eso es lamentable que a ninguna de esas personas les preocupe, empezaron a jugar cartas distintas y en vez de solucionar, alejan m\u00e1s problem\u00e1tica\u201d.<\/p>\n<p>Fue all\u00ed cuando manifest\u00f3 que \u201cquiz\u00e1 de manera ingenua, estoy esperando que recapaciten, se den cuenta de que esto no pueda ser as\u00ed y llamen a revertir esta situaci\u00f3n (en referencia a la designaci\u00f3n de Mariano Carrillo), pero van pasando los d\u00edas y nada surge efecto, por ello habr\u00e1 que hacer un paro total y cuando est\u00e9 lleno de barcos va a ser muy perjudicial para el puerto\u201d.<\/p>\n<p>Reconoci\u00f3 respecto a esto \u00faltimo que \u201cah\u00ed no solo perdemos nosotros, sino que pierde el quiosquero, el almacenero, el que administra combustible y as\u00ed mucha gente, por eso queremos que al puerto le vaya bien, vivimos de esto y tenemos una vida ac\u00e1 adentro, no somos paracaidistas que venimos de otro lado y total ma\u00f1ana te vas, por eso no queremos perjudicar al puerto pero es la \u00fanica herramienta que tenemos para hacer escuchar la voz\u201d.<\/p>\n<p>Incluso, \u00c1lvarez describi\u00f3 una situaci\u00f3n particular que se da desde las \u00faltimas horas: \u201cLa operatoria del puerto es las 24 horas y nosotros tenemos autorizaci\u00f3n de pasar con el auto particular a la zona primaria, pero ahora empezaron con que a esa zona no se puede entrar, es como cuando nombraron al directorio: empezamos a reclamar por la terminal para solucionar el problema a la gente y se acordaron de que ten\u00edan que nombrar al directorio, y de la noche a la ma\u00f1ana que lo resolvieron\u201d.<\/p>\n<p>\u201cEst\u00e1n en esas cosas, en vez de solucionar el muelle del giro 10 que est\u00e1 a punto de derrumbarse o las terminales que est\u00e1n en decadencia\u201d, concluy\u00f3.<\/p>\n","protected":false},"excerpt":{"rendered":"<p>En disidencia con la gesti\u00f3n de Puerto Quequ\u00e9n, la falta de obras prometidas al inicio de la gesti\u00f3n del presidente del Consorcio, Jorge \u00c1lvaro, y la designaci\u00f3n reciente de Mariano Carrillo en representaci\u00f3n de la Uatre ante el directorio portuario, el dirigente del SUPA, David \u00c1lvarez, no descart\u00f3 una medida de fuerza total, aunque reconoce [&hellip;]<\/p>\n","protected":false},"author":3,"featured_media":103431,"comment_status":"open","ping_status":"open","sticky":false,"template":"","format":"standard","meta":{"footnotes":""},"categories":[3],"tags":[],"class_list":["post-103824","post","type-post","status-publish","format-standard","has-post-thumbnail","category-masnoticias"],"_links":{"self":[{"href":"https:\/\/primicias2262.com\/noticias\/wp-json\/wp\/v2\/posts\/103824","targetHints":{"allow":["GET"]}}],"collection":[{"href":"https:\/\/primicias2262.com\/noticias\/wp-json\/wp\/v2\/posts"}],"about":[{"href":"https:\/\/primicias2262.com\/noticias\/wp-json\/wp\/v2\/types\/post"}],"author":[{"embeddable":true,"href":"https:\/\/primicias2262.com\/noticias\/wp-json\/wp\/v2\/users\/3"}],"replies":[{"embeddable":true,"href":"https:\/\/primicias2262.com\/noticias\/wp-json\/wp\/v2\/comments?post=103824"}],"version-history":[{"count":1,"href":"https:\/\/primicias2262.com\/noticias\/wp-json\/wp\/v2\/posts\/103824\/revisions"}],"predecessor-version":[{"id":103825,"href":"https:\/\/primicias2262.com\/noticias\/wp-json\/wp\/v2\/posts\/103824\/revisions\/103825"}],"wp:featuredmedia":[{"embeddable":true,"href":"https:\/\/primicias2262.com\/noticias\/wp-json\/wp\/v2\/media\/103431"}],"wp:attachment":[{"href":"https:\/\/primicias2262.com\/noticias\/wp-json\/wp\/v2\/media?parent=103824"}],"wp:term":[{"taxonomy":"category","embeddable":true,"href":"https:\/\/primicias2262.com\/noticias\/wp-json\/wp\/v2\/categories?post=103824"},{"taxonomy":"post_tag","embeddable":true,"href":"https:\/\/primicias2262.com\/noticias\/wp-json\/wp\/v2\/tags?post=103824"}],"curies":[{"name":"wp","href":"https:\/\/api.w.org\/{rel}","templated":true}]}}