{"id":103830,"date":"2023-09-28T11:05:49","date_gmt":"2023-09-28T11:05:49","guid":{"rendered":"https:\/\/primicias2262.com\/noticias\/?p=103830"},"modified":"2023-09-29T18:40:38","modified_gmt":"2023-09-29T18:40:38","slug":"voy-votar-a-rivero-pero-esta-haciendo-muy-poco-para-enamorar-al-electorado-del-yanqui-lopez-y-de-mauro-velazquez","status":"publish","type":"post","link":"https:\/\/primicias2262.com\/noticias\/voy-votar-a-rivero-pero-esta-haciendo-muy-poco-para-enamorar-al-electorado-del-yanqui-lopez-y-de-mauro-velazquez\/","title":{"rendered":"\u201cVoy votar a Rivero, pero est\u00e1 haciendo muy poco para enamorar al electorado del Yanqui L\u00f3pez y de Mauro Vel\u00e1zquez\u201d"},"content":{"rendered":"<p><strong>As\u00ed lo declar\u00f3 en \u201cVoces de la Ciudad\u201d el dirigente del Movimiento Evita, Luciano Lescano, quien asegur\u00f3 que priorizar\u00e1 el proyecto colectivo de Uni\u00f3n por la Patria, aunque no afloja en su postura cr\u00edtica contra el presidente del PJ y candidato a intendente, Marcelo Rivero.<\/strong><\/p>\n<p>En charla con el periodista Jorge G\u00f3mez, antes de meterse de lleno el tema de la carrera por la intendencia, Lescano se refiri\u00f3 a las asambleas barrio por barrio que comenzaron a realizar, con la idea de \u201cir a escuchar a la gente m\u00e1s que a discutir\u201d, es decir, \u201cescuchar por qu\u00e9 vot\u00f3 a Milei, a Bullrich o a Massa\u2026 queremos escuchar a nuestro pueblo, ya que gran parte del pueblo se manifest\u00f3 en las PASO\u201d.<\/p>\n<p>Seguidamente, apunt\u00f3 fuerte contra la figura del candidato a presidente por la Libertad Avanza: \u201cDebajo de la motosierra de Milei estamos todos los argentinos, no solo nosotros, y nos alerta mucho el avance de un pensamiento tan retrogrado\u201d, recordando a la pasada que \u201cla gente pens\u00f3 que Macri era un cambio y hoy tenemos una deuda de 45 mil millones de d\u00f3lares\u201d.<\/p>\n<p><a href=\"https:\/\/primicias2262.com\/noticias\/wp-content\/uploads\/2023\/09\/barrio-por-barrio-evita.jpg\"><img loading=\"lazy\" decoding=\"async\" class=\"aligncenter size-full wp-image-103832\" src=\"https:\/\/primicias2262.com\/noticias\/wp-content\/uploads\/2023\/09\/barrio-por-barrio-evita.jpg\" alt=\"\" width=\"1080\" height=\"1080\" srcset=\"https:\/\/primicias2262.com\/noticias\/wp-content\/uploads\/2023\/09\/barrio-por-barrio-evita.jpg 1080w, https:\/\/primicias2262.com\/noticias\/wp-content\/uploads\/2023\/09\/barrio-por-barrio-evita-300x300.jpg 300w, https:\/\/primicias2262.com\/noticias\/wp-content\/uploads\/2023\/09\/barrio-por-barrio-evita-1024x1024.jpg 1024w, https:\/\/primicias2262.com\/noticias\/wp-content\/uploads\/2023\/09\/barrio-por-barrio-evita-150x150.jpg 150w, https:\/\/primicias2262.com\/noticias\/wp-content\/uploads\/2023\/09\/barrio-por-barrio-evita-768x768.jpg 768w, https:\/\/primicias2262.com\/noticias\/wp-content\/uploads\/2023\/09\/barrio-por-barrio-evita-696x696.jpg 696w, https:\/\/primicias2262.com\/noticias\/wp-content\/uploads\/2023\/09\/barrio-por-barrio-evita-1068x1068.jpg 1068w\" sizes=\"auto, (max-width: 1080px) 100vw, 1080px\" \/><\/a>Pero en un rapto de optimismo, Lescano pronunci\u00f3 que \u201ccreo que el pr\u00f3ximo presidente ser\u00e1 Sergio Massa, estoy totalmente convencido, le\u00eda que el 60% del electorado tiene un rechazo muy fuerte a Milei y en un balotaje eso es importante, pero a su vez tenemos que llevar propuestas y una salida\u201d.<\/p>\n<p>A la hora de poner la lupa a nivel local, se\u00f1al\u00f3 que \u201cvoy a votar a Uni\u00f3n por la Patria boleta completa, todos saben que tengo mis diferencias con Marcelo Rivero y las he manifestado p\u00fablicamente, pero estamos en una etapa donde \u00e9l es el candidato a intendente oficial y tendr\u00e1 como gran responsabilidad volver a enamorar al electorado de 4500 votos de Daniel \u201cYanqui\u201d L\u00f3pez y de Mauro Vel\u00e1zquez para que lo elijan en octubre, y hoy est\u00e1 haciendo muy poco por eso\u201d.<\/p>\n","protected":false},"excerpt":{"rendered":"<p>As\u00ed lo declar\u00f3 en \u201cVoces de la Ciudad\u201d el dirigente del Movimiento Evita, Luciano Lescano, quien asegur\u00f3 que priorizar\u00e1 el proyecto colectivo de Uni\u00f3n por la Patria, aunque no afloja en su postura cr\u00edtica contra el presidente del PJ y candidato a intendente, Marcelo Rivero. En charla con el periodista Jorge G\u00f3mez, antes de meterse [&hellip;]<\/p>\n","protected":false},"author":3,"featured_media":102340,"comment_status":"open","ping_status":"open","sticky":false,"template":"","format":"standard","meta":{"footnotes":""},"categories":[3],"tags":[],"class_list":["post-103830","post","type-post","status-publish","format-standard","has-post-thumbnail","category-masnoticias"],"_links":{"self":[{"href":"https:\/\/primicias2262.com\/noticias\/wp-json\/wp\/v2\/posts\/103830","targetHints":{"allow":["GET"]}}],"collection":[{"href":"https:\/\/primicias2262.com\/noticias\/wp-json\/wp\/v2\/posts"}],"about":[{"href":"https:\/\/primicias2262.com\/noticias\/wp-json\/wp\/v2\/types\/post"}],"author":[{"embeddable":true,"href":"https:\/\/primicias2262.com\/noticias\/wp-json\/wp\/v2\/users\/3"}],"replies":[{"embeddable":true,"href":"https:\/\/primicias2262.com\/noticias\/wp-json\/wp\/v2\/comments?post=103830"}],"version-history":[{"count":3,"href":"https:\/\/primicias2262.com\/noticias\/wp-json\/wp\/v2\/posts\/103830\/revisions"}],"predecessor-version":[{"id":103880,"href":"https:\/\/primicias2262.com\/noticias\/wp-json\/wp\/v2\/posts\/103830\/revisions\/103880"}],"wp:featuredmedia":[{"embeddable":true,"href":"https:\/\/primicias2262.com\/noticias\/wp-json\/wp\/v2\/media\/102340"}],"wp:attachment":[{"href":"https:\/\/primicias2262.com\/noticias\/wp-json\/wp\/v2\/media?parent=103830"}],"wp:term":[{"taxonomy":"category","embeddable":true,"href":"https:\/\/primicias2262.com\/noticias\/wp-json\/wp\/v2\/categories?post=103830"},{"taxonomy":"post_tag","embeddable":true,"href":"https:\/\/primicias2262.com\/noticias\/wp-json\/wp\/v2\/tags?post=103830"}],"curies":[{"name":"wp","href":"https:\/\/api.w.org\/{rel}","templated":true}]}}