{"id":103835,"date":"2023-09-28T17:04:25","date_gmt":"2023-09-28T17:04:25","guid":{"rendered":"https:\/\/primicias2262.com\/noticias\/?p=103835"},"modified":"2023-09-29T17:55:05","modified_gmt":"2023-09-29T17:55:05","slug":"nos-paso-lo-que-nunca-en-muchos-anos-se-nos-termino-el-stock-de-nafta-super","status":"publish","type":"post","link":"https:\/\/primicias2262.com\/noticias\/nos-paso-lo-que-nunca-en-muchos-anos-se-nos-termino-el-stock-de-nafta-super\/","title":{"rendered":"\u201cNos pas\u00f3 lo que nunca en muchos a\u00f1os, se nos termin\u00f3 el stock de nafta S\u00faper\u201d"},"content":{"rendered":"<p><strong>As\u00ed lo defini\u00f3 el empresario local, Jos\u00e9 Luis Arrate, al vivir en carne propia los problemas de cupos de provisi\u00f3n de combustible para estacioneros que ven\u00edan afectando a otras ciudades en d\u00edas anteriores.<\/strong><\/p>\n<p>Ante la consulta del periodista Jorge G\u00f3mez en \u201cVoces de la Ciudad\u201d sobre el fin del mes de septiembre y el famoso stock de combustibles, el titular del Grupo Axion confirm\u00f3 que esa realidad lleg\u00f3 a Necochea. \u201cNos pas\u00f3 lo que nunca en muchos a\u00f1os, en el caso nuestro ya desde ayer est\u00e1 faltando alg\u00fan producto, se termin\u00f3 el stock de la nafta s\u00faper, y realmente no recuerdo nunca haberme quedado sin nafta\u201d, asegur\u00f3.<\/p>\n<p>Si bien \u201csiempre habl\u00e1mos y somos previsores y estamos con los stocks a pleno, lo cierto es ahora hace un a\u00f1o y medio o dos a\u00f1os que venimos con cupos limitados a los vol\u00famenes de venta hist\u00f3ricos que ten\u00edamos, los consumos se han ido ampliando y eso gener\u00f3 que el cupo no alcance, no hubo manera de gestionar una ampliaci\u00f3n y ayer nos quedamos sin nafta s\u00faper\u201d, se\u00f1al\u00f3, para acotar que \u201choy recibimos un poco de ese producto, pero no vamos a llegar a fin de mes con nafta s\u00faper\u201d.<\/p>\n<p>Es decir, a la actualidad cuentan con gas oil, Euro diesel o Premium, pero falta la S\u00faper que es la que trata de aprovechar la gente. \u201cEs el producto de m\u00e1s salida porque cuesta un poco menos\u201d, se\u00f1al\u00f3 Arrate, para avisar sobre el resto de las estaciones de servicio que \u201cestamos todos con lo justo y hay que aguantar hasta el lunes que ya es el mes siguiente\u201d.<\/p>\n<p><a href=\"https:\/\/primicias2262.com\/noticias\/wp-content\/uploads\/2023\/08\/ARRATE.jpg\"><img loading=\"lazy\" decoding=\"async\" class=\"aligncenter size-full wp-image-102426\" src=\"https:\/\/primicias2262.com\/noticias\/wp-content\/uploads\/2023\/08\/ARRATE.jpg\" alt=\"\" width=\"686\" height=\"400\" srcset=\"https:\/\/primicias2262.com\/noticias\/wp-content\/uploads\/2023\/08\/ARRATE.jpg 686w, https:\/\/primicias2262.com\/noticias\/wp-content\/uploads\/2023\/08\/ARRATE-300x175.jpg 300w, https:\/\/primicias2262.com\/noticias\/wp-content\/uploads\/2023\/08\/ARRATE-150x87.jpg 150w\" sizes=\"auto, (max-width: 686px) 100vw, 686px\" \/><\/a>De todas formas, previ\u00f3 que \u201cvamos a reanudar con un cupo que no va a alcanzar para todo el mes, porque no se est\u00e1 importando combustible y sabemos que nuestro pa\u00eds importa hist\u00f3ricamente el 30% de los combustibles que consume, los n\u00fameros no dan para importar y por ese motivo est\u00e1n los famosos cupos y la regulaci\u00f3n de entrega\u201d.<\/p>\n<p>\u201cEstamos inmersos en esto y vamos a llegar a la votaci\u00f3n del 22 de octubre con faltante de stock\u201d, avis\u00f3 Arrate, para concluir con tono cr\u00edtico que \u201cel gobierno congel\u00f3 los precios sin fundamento y sin tener en cuenta los aumentos de costos operativos que hay, se puso a congelar valores de algo que no produce, o que produce a trav\u00e9s de YPF que es una compa\u00f1\u00eda petrolera que trabaja a p\u00e9rdida y esta p\u00e9rdida la absorbe el gobierno\u201d.<\/p>\n","protected":false},"excerpt":{"rendered":"<p>As\u00ed lo defini\u00f3 el empresario local, Jos\u00e9 Luis Arrate, al vivir en carne propia los problemas de cupos de provisi\u00f3n de combustible para estacioneros que ven\u00edan afectando a otras ciudades en d\u00edas anteriores. Ante la consulta del periodista Jorge G\u00f3mez en \u201cVoces de la Ciudad\u201d sobre el fin del mes de septiembre y el famoso [&hellip;]<\/p>\n","protected":false},"author":3,"featured_media":100315,"comment_status":"open","ping_status":"open","sticky":false,"template":"","format":"standard","meta":{"footnotes":""},"categories":[3],"tags":[],"class_list":["post-103835","post","type-post","status-publish","format-standard","has-post-thumbnail","category-masnoticias"],"_links":{"self":[{"href":"https:\/\/primicias2262.com\/noticias\/wp-json\/wp\/v2\/posts\/103835","targetHints":{"allow":["GET"]}}],"collection":[{"href":"https:\/\/primicias2262.com\/noticias\/wp-json\/wp\/v2\/posts"}],"about":[{"href":"https:\/\/primicias2262.com\/noticias\/wp-json\/wp\/v2\/types\/post"}],"author":[{"embeddable":true,"href":"https:\/\/primicias2262.com\/noticias\/wp-json\/wp\/v2\/users\/3"}],"replies":[{"embeddable":true,"href":"https:\/\/primicias2262.com\/noticias\/wp-json\/wp\/v2\/comments?post=103835"}],"version-history":[{"count":1,"href":"https:\/\/primicias2262.com\/noticias\/wp-json\/wp\/v2\/posts\/103835\/revisions"}],"predecessor-version":[{"id":103836,"href":"https:\/\/primicias2262.com\/noticias\/wp-json\/wp\/v2\/posts\/103835\/revisions\/103836"}],"wp:featuredmedia":[{"embeddable":true,"href":"https:\/\/primicias2262.com\/noticias\/wp-json\/wp\/v2\/media\/100315"}],"wp:attachment":[{"href":"https:\/\/primicias2262.com\/noticias\/wp-json\/wp\/v2\/media?parent=103835"}],"wp:term":[{"taxonomy":"category","embeddable":true,"href":"https:\/\/primicias2262.com\/noticias\/wp-json\/wp\/v2\/categories?post=103835"},{"taxonomy":"post_tag","embeddable":true,"href":"https:\/\/primicias2262.com\/noticias\/wp-json\/wp\/v2\/tags?post=103835"}],"curies":[{"name":"wp","href":"https:\/\/api.w.org\/{rel}","templated":true}]}}