{"id":103844,"date":"2023-09-28T17:48:17","date_gmt":"2023-09-28T17:48:17","guid":{"rendered":"https:\/\/primicias2262.com\/noticias\/?p=103844"},"modified":"2023-09-29T17:58:03","modified_gmt":"2023-09-29T17:58:03","slug":"carola-bertoldi-salio-al-cruce-del-presidente-de-la-juventud-radical","status":"publish","type":"post","link":"https:\/\/primicias2262.com\/noticias\/carola-bertoldi-salio-al-cruce-del-presidente-de-la-juventud-radical\/","title":{"rendered":"Carola Bertoldi sali\u00f3 al cruce del presidente de la Juventud Radical"},"content":{"rendered":"<p><strong>La presidente del Comit\u00e9 de la UCR de Necochea, doctora Mar\u00eda Carola Bertoldi, desacredit\u00f3 este jueves 28 de septiembre -tal lo que se expresa en una nota al respecto- la postura asumida por el presidente de la Juventud Radical local, Abel Rodr\u00edguez, haciendo referencia al apoyo pol\u00edtico electoral de este a los candidatos de Juntos por el Cambio a nivel nacional y provincial, pero brindando adem\u00e1s su aval a la nominaci\u00f3n municipal del actual intendente, doctor Arturo Rojas, quien el 22 de octubre buscar\u00e1 ser reelecto como titular del Ejecutivo comunal local. <\/strong><br \/>\n<strong>El comunicado de Carola Bertoldi, donde se afirma que votar\u00e1n la lista completa de Juntos con Mart\u00edn Migueles incluido, est\u00e1 acompa\u00f1ado por la firma adherente de numerosos dirigentes de la UCR necochense.<\/strong><\/p>\n<p><strong>La postura de la titular de la UCR la expres\u00f3 en su muro de Facebook, con el siguiente texto:<\/strong><\/p>\n<p>\u201cDesconocemos y desacreditamos las opiniones vertidas por quien ocupa el cargo de presidente de la Juventud Radical. Sus manifestaciones no son avaladas por quienes le dieron el honor de ocupar ese cargo y frente a ellos deber\u00eda presentar su renuncia. La juventud siempre fue promotora de las mejores costumbres pol\u00edticas del partido, que son las de aceptar la voluntad popular y la de no arrodillarse frente al poder.<\/p>\n<p>La democracia se fortalece a trav\u00e9s de los controles y el equilibrio de poder y los radicales estamos m\u00e1s que preparados para honrar una vez m\u00e1s la conducta de los l\u00edderes que nos precedieron y a 40 a\u00f1os de su recuperaci\u00f3n a ellos miramos para alumbrar nuestro camino.<\/p>\n<p><strong>El 22 de Octubre los radicales votamos la boleta completa: Patricia Bullrich, N\u00e9stor Grindetti y Mart\u00edn Migueles.-<\/strong><\/p>\n<p><strong>ADHESIONES<\/strong><\/p>\n<p>MARIA CAROLA BERTOLDI &#8211; DIEGO CERS\u00d3SIMO &#8211; FRANCO DESINDER (Secretario Gral JR) &#8211; LEONARDO CAVALLO &#8211; KARINA TAURIAN &#8211; LAUTARO MOLLER &#8211; MARIO ALE &#8211; JULIETA JENSEN BEL\u00c9N D\u00cdAZ NARDELLI &#8211; ADRIANA ELIZABETH D\u00cdA (Presidente Junta Electoral UCR Necochea)- GUSTAVO VILLA &#8211; SANTIAGO MARTEL &#8211; VIRGINIA JACOB &#8211; GERVASIO CAPUTO &#8211; ANAL\u00cdA LAUGA &#8211; NICOL\u00c1S MATTIA &#8211; MAR\u00cdA BEL\u00c9N BARBAFINA &#8211; SANDRA RODR\u00cdGUEZ &#8211; JUAN PABLO VILLARREAL &#8211; MARCELA PARDI\u00d1AS &#8211; OSCAR OLARRIAGA &#8211; ROBERTO GLEN &#8211; DAMI\u00c1N UNIBASO &#8211; CONSTANZA PAG\u00c9S &#8211; DORA VIZCAY &#8211; AGUST\u00cdN FERN\u00c1NDEZ &#8211; HUGO ALDERETE &#8211; TOM\u00c1S JULIANO &#8211; MAR\u00cdA CRISTINA AZCUETA &#8211; \u00c1NGEL C\u00c9SAR BERTOLDI &#8211; ROC\u00cdO ESTEVAN &#8211; DANIEL ANSELMO MOLINA &#8211; SUSANA JENSEN &#8211; SEBASTI\u00c1N SARAS\u00cdBAR &#8211; LILIANA ROLD\u00c1N &#8211; LILIANA DI NEZIO &#8211; GRACIANA MAIZZANI HARO &#8211; GONZALO DIEZ &#8211; M\u00d3NICA HARO &#8211; DOLORES SOUTO &#8211; RODRIGO IRIGOYEN &#8211; ROBERTO TAURIAN -MAR\u00cdA CRISTINA MURRAY<\/p>\n<p><a href=\"https:\/\/primicias2262.com\/noticias\/wp-content\/uploads\/2023\/09\/carola-bertoldi-agosto-de-2023-scaled.jpg\"><img loading=\"lazy\" decoding=\"async\" class=\"aligncenter size-medium wp-image-103848\" src=\"https:\/\/primicias2262.com\/noticias\/wp-content\/uploads\/2023\/09\/carola-bertoldi-agosto-de-2023-232x300.jpg\" alt=\"\" width=\"232\" height=\"300\" srcset=\"https:\/\/primicias2262.com\/noticias\/wp-content\/uploads\/2023\/09\/carola-bertoldi-agosto-de-2023-232x300.jpg 232w, https:\/\/primicias2262.com\/noticias\/wp-content\/uploads\/2023\/09\/carola-bertoldi-agosto-de-2023-793x1024.jpg 793w, https:\/\/primicias2262.com\/noticias\/wp-content\/uploads\/2023\/09\/carola-bertoldi-agosto-de-2023-768x992.jpg 768w, https:\/\/primicias2262.com\/noticias\/wp-content\/uploads\/2023\/09\/carola-bertoldi-agosto-de-2023-1189x1536.jpg 1189w, https:\/\/primicias2262.com\/noticias\/wp-content\/uploads\/2023\/09\/carola-bertoldi-agosto-de-2023-1586x2048.jpg 1586w, https:\/\/primicias2262.com\/noticias\/wp-content\/uploads\/2023\/09\/carola-bertoldi-agosto-de-2023-150x194.jpg 150w, https:\/\/primicias2262.com\/noticias\/wp-content\/uploads\/2023\/09\/carola-bertoldi-agosto-de-2023-300x387.jpg 300w, https:\/\/primicias2262.com\/noticias\/wp-content\/uploads\/2023\/09\/carola-bertoldi-agosto-de-2023-696x899.jpg 696w, https:\/\/primicias2262.com\/noticias\/wp-content\/uploads\/2023\/09\/carola-bertoldi-agosto-de-2023-1068x1379.jpg 1068w, https:\/\/primicias2262.com\/noticias\/wp-content\/uploads\/2023\/09\/carola-bertoldi-agosto-de-2023-1920x2480.jpg 1920w, https:\/\/primicias2262.com\/noticias\/wp-content\/uploads\/2023\/09\/carola-bertoldi-agosto-de-2023-scaled.jpg 1982w\" sizes=\"auto, (max-width: 232px) 100vw, 232px\" \/><\/a><\/p>\n","protected":false},"excerpt":{"rendered":"<p>La presidente del Comit\u00e9 de la UCR de Necochea, doctora Mar\u00eda Carola Bertoldi, desacredit\u00f3 este jueves 28 de septiembre -tal lo que se expresa en una nota al respecto- la postura asumida por el presidente de la Juventud Radical local, Abel Rodr\u00edguez, haciendo referencia al apoyo pol\u00edtico electoral de este a los candidatos de Juntos [&hellip;]<\/p>\n","protected":false},"author":3,"featured_media":101760,"comment_status":"open","ping_status":"open","sticky":false,"template":"","format":"standard","meta":{"footnotes":""},"categories":[3],"tags":[],"class_list":["post-103844","post","type-post","status-publish","format-standard","has-post-thumbnail","category-masnoticias"],"_links":{"self":[{"href":"https:\/\/primicias2262.com\/noticias\/wp-json\/wp\/v2\/posts\/103844","targetHints":{"allow":["GET"]}}],"collection":[{"href":"https:\/\/primicias2262.com\/noticias\/wp-json\/wp\/v2\/posts"}],"about":[{"href":"https:\/\/primicias2262.com\/noticias\/wp-json\/wp\/v2\/types\/post"}],"author":[{"embeddable":true,"href":"https:\/\/primicias2262.com\/noticias\/wp-json\/wp\/v2\/users\/3"}],"replies":[{"embeddable":true,"href":"https:\/\/primicias2262.com\/noticias\/wp-json\/wp\/v2\/comments?post=103844"}],"version-history":[{"count":4,"href":"https:\/\/primicias2262.com\/noticias\/wp-json\/wp\/v2\/posts\/103844\/revisions"}],"predecessor-version":[{"id":103849,"href":"https:\/\/primicias2262.com\/noticias\/wp-json\/wp\/v2\/posts\/103844\/revisions\/103849"}],"wp:featuredmedia":[{"embeddable":true,"href":"https:\/\/primicias2262.com\/noticias\/wp-json\/wp\/v2\/media\/101760"}],"wp:attachment":[{"href":"https:\/\/primicias2262.com\/noticias\/wp-json\/wp\/v2\/media?parent=103844"}],"wp:term":[{"taxonomy":"category","embeddable":true,"href":"https:\/\/primicias2262.com\/noticias\/wp-json\/wp\/v2\/categories?post=103844"},{"taxonomy":"post_tag","embeddable":true,"href":"https:\/\/primicias2262.com\/noticias\/wp-json\/wp\/v2\/tags?post=103844"}],"curies":[{"name":"wp","href":"https:\/\/api.w.org\/{rel}","templated":true}]}}