{"id":103850,"date":"2023-09-30T16:42:32","date_gmt":"2023-09-30T16:42:32","guid":{"rendered":"https:\/\/primicias2262.com\/noticias\/?p=103850"},"modified":"2023-10-02T18:23:22","modified_gmt":"2023-10-02T18:23:22","slug":"se-anuncia-una-noche-de-gala-y-cultura-en-el-cine-teatro-paris-para-celebrar-el-142-aniversario-de-necochea","status":"publish","type":"post","link":"https:\/\/primicias2262.com\/noticias\/se-anuncia-una-noche-de-gala-y-cultura-en-el-cine-teatro-paris-para-celebrar-el-142-aniversario-de-necochea\/","title":{"rendered":"Se anuncia una Noche de Gala y Cultura en el Cine Teatro Paris para Celebrar el 142 Aniversario de Necochea"},"content":{"rendered":"<p><strong>El Cine Teatro Paris se prepara para recibir una noche extraordinaria el pr\u00f3ximo 12 de octubre a las 19:30 horas, en honor al 142 aniversario de la ciudad de Necochea. Este evento especial contar\u00e1 con la actuaci\u00f3n destacada de la Senior Big Band, bajo la direcci\u00f3n magistral del maestro Juan Carlos Gesualdi.<\/strong><\/p>\n<p>La Senior Big Band, con su nuevo repertorio promete transportar a la audiencia a trav\u00e9s de una experiencia sonora \u00fanica. Los asistentes tendr\u00e1n la oportunidad de disfrutar de un espect\u00e1culo musical de primera categor\u00eda que celebra la riqueza cultural de nuestra comunidad en este d\u00eda tan significativo.<\/p>\n<p><a href=\"https:\/\/primicias2262.com\/noticias\/wp-content\/uploads\/2023\/09\/WhatsApp-Image-2023-09-29-at-2.38.24-PM.jpeg\"><img loading=\"lazy\" decoding=\"async\" class=\"aligncenter size-full wp-image-103852\" src=\"https:\/\/primicias2262.com\/noticias\/wp-content\/uploads\/2023\/09\/WhatsApp-Image-2023-09-29-at-2.38.24-PM.jpeg\" alt=\"\" width=\"904\" height=\"1280\" srcset=\"https:\/\/primicias2262.com\/noticias\/wp-content\/uploads\/2023\/09\/WhatsApp-Image-2023-09-29-at-2.38.24-PM.jpeg 904w, https:\/\/primicias2262.com\/noticias\/wp-content\/uploads\/2023\/09\/WhatsApp-Image-2023-09-29-at-2.38.24-PM-212x300.jpeg 212w, https:\/\/primicias2262.com\/noticias\/wp-content\/uploads\/2023\/09\/WhatsApp-Image-2023-09-29-at-2.38.24-PM-723x1024.jpeg 723w, https:\/\/primicias2262.com\/noticias\/wp-content\/uploads\/2023\/09\/WhatsApp-Image-2023-09-29-at-2.38.24-PM-768x1087.jpeg 768w, https:\/\/primicias2262.com\/noticias\/wp-content\/uploads\/2023\/09\/WhatsApp-Image-2023-09-29-at-2.38.24-PM-150x212.jpeg 150w, https:\/\/primicias2262.com\/noticias\/wp-content\/uploads\/2023\/09\/WhatsApp-Image-2023-09-29-at-2.38.24-PM-300x425.jpeg 300w, https:\/\/primicias2262.com\/noticias\/wp-content\/uploads\/2023\/09\/WhatsApp-Image-2023-09-29-at-2.38.24-PM-696x985.jpeg 696w\" sizes=\"auto, (max-width: 904px) 100vw, 904px\" \/><\/a>En este evento excepcional, los visitantes tendr\u00e1n el honor de sumergirse en la naturaleza local a trav\u00e9s de una impresionante muestra de fotograf\u00edas organizada por el Club de Observadores de Aves de Necochea, una entidad dedicada a la apreciaci\u00f3n y conservaci\u00f3n de la fauna aviar, dependiente de Aves Argentinas. Esta exhibici\u00f3n fotogr\u00e1fica resaltar\u00e1 la belleza y la biodiversidad de nuestra regi\u00f3n, subrayando la importancia vital de la conservaci\u00f3n de la fauna local. Adem\u00e1s, servir\u00e1 como un est\u00edmulo para el turismo de avistamiento de aves en Necochea, una experiencia \u00fanica que conecta a las personas con la naturaleza de una manera especial.<\/p>\n<p><a href=\"https:\/\/primicias2262.com\/noticias\/wp-content\/uploads\/2023\/09\/WhatsApp-Image-2023-09-29-at-2.38.24-PM1.jpeg\"><img loading=\"lazy\" decoding=\"async\" class=\"aligncenter size-full wp-image-103851\" src=\"https:\/\/primicias2262.com\/noticias\/wp-content\/uploads\/2023\/09\/WhatsApp-Image-2023-09-29-at-2.38.24-PM1.jpeg\" alt=\"\" width=\"1280\" height=\"960\" srcset=\"https:\/\/primicias2262.com\/noticias\/wp-content\/uploads\/2023\/09\/WhatsApp-Image-2023-09-29-at-2.38.24-PM1.jpeg 1280w, https:\/\/primicias2262.com\/noticias\/wp-content\/uploads\/2023\/09\/WhatsApp-Image-2023-09-29-at-2.38.24-PM1-300x225.jpeg 300w, https:\/\/primicias2262.com\/noticias\/wp-content\/uploads\/2023\/09\/WhatsApp-Image-2023-09-29-at-2.38.24-PM1-1024x768.jpeg 1024w, https:\/\/primicias2262.com\/noticias\/wp-content\/uploads\/2023\/09\/WhatsApp-Image-2023-09-29-at-2.38.24-PM1-768x576.jpeg 768w, https:\/\/primicias2262.com\/noticias\/wp-content\/uploads\/2023\/09\/WhatsApp-Image-2023-09-29-at-2.38.24-PM1-150x113.jpeg 150w, https:\/\/primicias2262.com\/noticias\/wp-content\/uploads\/2023\/09\/WhatsApp-Image-2023-09-29-at-2.38.24-PM1-696x522.jpeg 696w, https:\/\/primicias2262.com\/noticias\/wp-content\/uploads\/2023\/09\/WhatsApp-Image-2023-09-29-at-2.38.24-PM1-1068x801.jpeg 1068w\" sizes=\"auto, (max-width: 1280px) 100vw, 1280px\" \/><\/a>Este evento, auspiciado por la Sociedad Francesa de Socorros mutuos, busca no solo celebrar el pasado y el presente de nuestra querida ciudad, sino tambi\u00e9n inspirar a las generaciones futuras a apreciar y proteger nuestro entorno natural y cultural.<\/p>\n<p><strong>Detalles del Evento:<\/strong><\/p>\n<p>Fecha: 12 de octubre<br \/>\nHora: 19:30 horas<br \/>\nLugar: Cine Teatro Paris<br \/>\nLa entrada es gratuita y abierta a todo el p\u00fablico. Todos est\u00e1n invitados a unirse a esta noche de celebraci\u00f3n, m\u00fasica excepcional y aprecio por la belleza de nuestro entorno local.<\/p>\n<p>Para m\u00e1s informaci\u00f3n, por favor, p\u00f3ngase en contacto con:<\/p>\n<p>ANDREA RAMPOGNA<br \/>\n2262487632<\/p>\n","protected":false},"excerpt":{"rendered":"<p>El Cine Teatro Paris se prepara para recibir una noche extraordinaria el pr\u00f3ximo 12 de octubre a las 19:30 horas, en honor al 142 aniversario de la ciudad de Necochea. Este evento especial contar\u00e1 con la actuaci\u00f3n destacada de la Senior Big Band, bajo la direcci\u00f3n magistral del maestro Juan Carlos Gesualdi. La Senior Big [&hellip;]<\/p>\n","protected":false},"author":3,"featured_media":103853,"comment_status":"open","ping_status":"open","sticky":false,"template":"","format":"standard","meta":{"footnotes":""},"categories":[3],"tags":[],"class_list":["post-103850","post","type-post","status-publish","format-standard","has-post-thumbnail","category-masnoticias"],"_links":{"self":[{"href":"https:\/\/primicias2262.com\/noticias\/wp-json\/wp\/v2\/posts\/103850","targetHints":{"allow":["GET"]}}],"collection":[{"href":"https:\/\/primicias2262.com\/noticias\/wp-json\/wp\/v2\/posts"}],"about":[{"href":"https:\/\/primicias2262.com\/noticias\/wp-json\/wp\/v2\/types\/post"}],"author":[{"embeddable":true,"href":"https:\/\/primicias2262.com\/noticias\/wp-json\/wp\/v2\/users\/3"}],"replies":[{"embeddable":true,"href":"https:\/\/primicias2262.com\/noticias\/wp-json\/wp\/v2\/comments?post=103850"}],"version-history":[{"count":1,"href":"https:\/\/primicias2262.com\/noticias\/wp-json\/wp\/v2\/posts\/103850\/revisions"}],"predecessor-version":[{"id":103854,"href":"https:\/\/primicias2262.com\/noticias\/wp-json\/wp\/v2\/posts\/103850\/revisions\/103854"}],"wp:featuredmedia":[{"embeddable":true,"href":"https:\/\/primicias2262.com\/noticias\/wp-json\/wp\/v2\/media\/103853"}],"wp:attachment":[{"href":"https:\/\/primicias2262.com\/noticias\/wp-json\/wp\/v2\/media?parent=103850"}],"wp:term":[{"taxonomy":"category","embeddable":true,"href":"https:\/\/primicias2262.com\/noticias\/wp-json\/wp\/v2\/categories?post=103850"},{"taxonomy":"post_tag","embeddable":true,"href":"https:\/\/primicias2262.com\/noticias\/wp-json\/wp\/v2\/tags?post=103850"}],"curies":[{"name":"wp","href":"https:\/\/api.w.org\/{rel}","templated":true}]}}