{"id":103858,"date":"2023-09-29T17:57:45","date_gmt":"2023-09-29T17:57:45","guid":{"rendered":"https:\/\/primicias2262.com\/noticias\/?p=103858"},"modified":"2023-09-29T17:57:53","modified_gmt":"2023-09-29T17:57:53","slug":"llegaron-las-urnas-para-la-eleccion-general-del-22-de-octubre","status":"publish","type":"post","link":"https:\/\/primicias2262.com\/noticias\/llegaron-las-urnas-para-la-eleccion-general-del-22-de-octubre\/","title":{"rendered":"Llegaron las urnas para la elecci\u00f3n general del 22 de octubre"},"content":{"rendered":"<p><strong>Por Jorge G\u00f3mez<\/strong><\/p>\n<p>Arribaron en la siesta de este jueves 28 de septiembre a la sede local del Correo Argentino, situada en avenida 58 esquina 63, las urnas que se utilizar\u00e1n en el comicio general obligatorio que se llevar\u00e1 a cabo localmente el 22 de octubre pr\u00f3ximo, ocasi\u00f3n en que se elegir\u00e1 presidente y vice de la Naci\u00f3n, gobernador y vice de la Provincia de\u00a0 Buenos Aires, y el cargo de intendente municipal para el periodo diciembre de 2023-diciembre de 2027, adem\u00e1s de los puestos legislativos nacionales y provinciales.<\/p>\n<p>Al igual que en las primarias de agosto pasado, llegaron hoy a nuestra ciudad 254 urnas y una tanda de 25 que se destinar\u00e1n al partido de San Cayetano, las que se trasladar\u00e1n ma\u00f1ana viernes al vecino distrito.<\/p>\n<div id='gallery-1' class='gallery galleryid-103858 gallery-columns-2 gallery-size-medium'><figure class='gallery-item'>\n\t\t\t<div class='gallery-icon portrait'>\n\t\t\t\t<a href='https:\/\/primicias2262.com\/noticias\/llegaron-las-urnas-para-la-eleccion-general-del-22-de-octubre\/whatsapp-image-2023-09-28-at-5-12-20-pm2\/'><img loading=\"lazy\" decoding=\"async\" width=\"225\" height=\"300\" src=\"https:\/\/primicias2262.com\/noticias\/wp-content\/uploads\/2023\/09\/WhatsApp-Image-2023-09-28-at-5.12.20-PM2-225x300.jpeg\" class=\"attachment-medium size-medium\" alt=\"\" srcset=\"https:\/\/primicias2262.com\/noticias\/wp-content\/uploads\/2023\/09\/WhatsApp-Image-2023-09-28-at-5.12.20-PM2-225x300.jpeg 225w, https:\/\/primicias2262.com\/noticias\/wp-content\/uploads\/2023\/09\/WhatsApp-Image-2023-09-28-at-5.12.20-PM2-150x200.jpeg 150w, https:\/\/primicias2262.com\/noticias\/wp-content\/uploads\/2023\/09\/WhatsApp-Image-2023-09-28-at-5.12.20-PM2-300x400.jpeg 300w, https:\/\/primicias2262.com\/noticias\/wp-content\/uploads\/2023\/09\/WhatsApp-Image-2023-09-28-at-5.12.20-PM2-696x928.jpeg 696w, https:\/\/primicias2262.com\/noticias\/wp-content\/uploads\/2023\/09\/WhatsApp-Image-2023-09-28-at-5.12.20-PM2.jpeg 768w\" sizes=\"auto, (max-width: 225px) 100vw, 225px\" \/><\/a>\n\t\t\t<\/div><\/figure><figure class='gallery-item'>\n\t\t\t<div class='gallery-icon portrait'>\n\t\t\t\t<a href='https:\/\/primicias2262.com\/noticias\/llegaron-las-urnas-para-la-eleccion-general-del-22-de-octubre\/whatsapp-image-2023-09-28-at-5-12-20-pm1\/'><img loading=\"lazy\" decoding=\"async\" width=\"225\" height=\"300\" src=\"https:\/\/primicias2262.com\/noticias\/wp-content\/uploads\/2023\/09\/WhatsApp-Image-2023-09-28-at-5.12.20-PM1-225x300.jpeg\" class=\"attachment-medium size-medium\" alt=\"\" srcset=\"https:\/\/primicias2262.com\/noticias\/wp-content\/uploads\/2023\/09\/WhatsApp-Image-2023-09-28-at-5.12.20-PM1-225x300.jpeg 225w, https:\/\/primicias2262.com\/noticias\/wp-content\/uploads\/2023\/09\/WhatsApp-Image-2023-09-28-at-5.12.20-PM1-150x200.jpeg 150w, https:\/\/primicias2262.com\/noticias\/wp-content\/uploads\/2023\/09\/WhatsApp-Image-2023-09-28-at-5.12.20-PM1-300x400.jpeg 300w, https:\/\/primicias2262.com\/noticias\/wp-content\/uploads\/2023\/09\/WhatsApp-Image-2023-09-28-at-5.12.20-PM1-696x928.jpeg 696w, https:\/\/primicias2262.com\/noticias\/wp-content\/uploads\/2023\/09\/WhatsApp-Image-2023-09-28-at-5.12.20-PM1.jpeg 768w\" sizes=\"auto, (max-width: 225px) 100vw, 225px\" \/><\/a>\n\t\t\t<\/div><\/figure>\n\t\t<\/div>\n\n","protected":false},"excerpt":{"rendered":"<p>Por Jorge G\u00f3mez Arribaron en la siesta de este jueves 28 de septiembre a la sede local del Correo Argentino, situada en avenida 58 esquina 63, las urnas que se utilizar\u00e1n en el comicio general obligatorio que se llevar\u00e1 a cabo localmente el 22 de octubre pr\u00f3ximo, ocasi\u00f3n en que se elegir\u00e1 presidente y vice [&hellip;]<\/p>\n","protected":false},"author":3,"featured_media":103859,"comment_status":"open","ping_status":"open","sticky":false,"template":"","format":"standard","meta":{"footnotes":""},"categories":[5],"tags":[],"class_list":{"0":"post-103858","1":"post","2":"type-post","3":"status-publish","4":"format-standard","5":"has-post-thumbnail","7":"category-neco"},"_links":{"self":[{"href":"https:\/\/primicias2262.com\/noticias\/wp-json\/wp\/v2\/posts\/103858","targetHints":{"allow":["GET"]}}],"collection":[{"href":"https:\/\/primicias2262.com\/noticias\/wp-json\/wp\/v2\/posts"}],"about":[{"href":"https:\/\/primicias2262.com\/noticias\/wp-json\/wp\/v2\/types\/post"}],"author":[{"embeddable":true,"href":"https:\/\/primicias2262.com\/noticias\/wp-json\/wp\/v2\/users\/3"}],"replies":[{"embeddable":true,"href":"https:\/\/primicias2262.com\/noticias\/wp-json\/wp\/v2\/comments?post=103858"}],"version-history":[{"count":2,"href":"https:\/\/primicias2262.com\/noticias\/wp-json\/wp\/v2\/posts\/103858\/revisions"}],"predecessor-version":[{"id":103863,"href":"https:\/\/primicias2262.com\/noticias\/wp-json\/wp\/v2\/posts\/103858\/revisions\/103863"}],"wp:featuredmedia":[{"embeddable":true,"href":"https:\/\/primicias2262.com\/noticias\/wp-json\/wp\/v2\/media\/103859"}],"wp:attachment":[{"href":"https:\/\/primicias2262.com\/noticias\/wp-json\/wp\/v2\/media?parent=103858"}],"wp:term":[{"taxonomy":"category","embeddable":true,"href":"https:\/\/primicias2262.com\/noticias\/wp-json\/wp\/v2\/categories?post=103858"},{"taxonomy":"post_tag","embeddable":true,"href":"https:\/\/primicias2262.com\/noticias\/wp-json\/wp\/v2\/tags?post=103858"}],"curies":[{"name":"wp","href":"https:\/\/api.w.org\/{rel}","templated":true}]}}