{"id":103864,"date":"2023-09-30T17:03:53","date_gmt":"2023-09-30T17:03:53","guid":{"rendered":"https:\/\/primicias2262.com\/noticias\/?p=103864"},"modified":"2023-10-02T19:02:08","modified_gmt":"2023-10-02T19:02:08","slug":"sigue-la-vacunacion-covid-en-los-caps-sudoeste-y-fomento-y-se-hisopa-en-el-hospital-modular","status":"publish","type":"post","link":"https:\/\/primicias2262.com\/noticias\/sigue-la-vacunacion-covid-en-los-caps-sudoeste-y-fomento-y-se-hisopa-en-el-hospital-modular\/","title":{"rendered":"Sigue la vacunaci\u00f3n Covid en los CAPS Sudoeste y Fomento y se hisopa en el Hospital Modular"},"content":{"rendered":"<p><strong>As\u00ed lo confirm\u00f3 la directora de Atenci\u00f3n Primaria de la Salud, Carina Mazeris, al ser consultada por el periodista Jorge G\u00f3mez en \u201cVoces de la Ciudad\u201d, ante informaciones nacionales que dan cuenta de nuevos contagios y algunos fallecimientos por coronavirus.<\/strong><\/p>\n<p>En ese aspecto, se insta a seguir vacun\u00e1ndose, principalmente a mayores de 50 a\u00f1os, acerca de lo que la doctora record\u00f3 que \u201cel esquema de vacunaci\u00f3n sigue habitualmente como se trabaj\u00f3 todo el a\u00f1o: en el CAPS Sudoeste en 81 y 58, y EN Fomento de Quequ\u00e9n; la disponibilidad de dosis sigui\u00f3 siempre y no siempre hay tanta demanda, sino que crece cuando aumentan los casos, pero hay dosis y adem\u00e1s se realizan los hisopados en el Hospital Modular\u201d.<\/p>\n<p>Tanto para la vacunaci\u00f3n en ambos CAPS como para los hisopados en el Modular del Hospital Ferreyra, Mazeris apunt\u00f3 que de lunes a viernes de 8 a 12 hs. la gente puede acercarse.<\/p>\n<p>\u201cEn el acto la enfermera chequea c\u00f3mo est\u00e1 el esquema de cada paciente, y recuerden que tienen que pasar cuatro meses desde la \u00faltima dosis recibida\u201d, apunt\u00f3 la directora de APS, para confirmar que \u201cla emergencia termin\u00f3 pero el virus contin\u00faa, aunque casos ambulatorios no hay ni tenemos notificaciones de aumento de casos en la ciudad\u201d.<\/p>\n","protected":false},"excerpt":{"rendered":"<p>As\u00ed lo confirm\u00f3 la directora de Atenci\u00f3n Primaria de la Salud, Carina Mazeris, al ser consultada por el periodista Jorge G\u00f3mez en \u201cVoces de la Ciudad\u201d, ante informaciones nacionales que dan cuenta de nuevos contagios y algunos fallecimientos por coronavirus. En ese aspecto, se insta a seguir vacun\u00e1ndose, principalmente a mayores de 50 a\u00f1os, acerca [&hellip;]<\/p>\n","protected":false},"author":3,"featured_media":103865,"comment_status":"open","ping_status":"open","sticky":false,"template":"","format":"standard","meta":{"footnotes":""},"categories":[3],"tags":[],"class_list":["post-103864","post","type-post","status-publish","format-standard","has-post-thumbnail","category-masnoticias"],"_links":{"self":[{"href":"https:\/\/primicias2262.com\/noticias\/wp-json\/wp\/v2\/posts\/103864","targetHints":{"allow":["GET"]}}],"collection":[{"href":"https:\/\/primicias2262.com\/noticias\/wp-json\/wp\/v2\/posts"}],"about":[{"href":"https:\/\/primicias2262.com\/noticias\/wp-json\/wp\/v2\/types\/post"}],"author":[{"embeddable":true,"href":"https:\/\/primicias2262.com\/noticias\/wp-json\/wp\/v2\/users\/3"}],"replies":[{"embeddable":true,"href":"https:\/\/primicias2262.com\/noticias\/wp-json\/wp\/v2\/comments?post=103864"}],"version-history":[{"count":3,"href":"https:\/\/primicias2262.com\/noticias\/wp-json\/wp\/v2\/posts\/103864\/revisions"}],"predecessor-version":[{"id":103886,"href":"https:\/\/primicias2262.com\/noticias\/wp-json\/wp\/v2\/posts\/103864\/revisions\/103886"}],"wp:featuredmedia":[{"embeddable":true,"href":"https:\/\/primicias2262.com\/noticias\/wp-json\/wp\/v2\/media\/103865"}],"wp:attachment":[{"href":"https:\/\/primicias2262.com\/noticias\/wp-json\/wp\/v2\/media?parent=103864"}],"wp:term":[{"taxonomy":"category","embeddable":true,"href":"https:\/\/primicias2262.com\/noticias\/wp-json\/wp\/v2\/categories?post=103864"},{"taxonomy":"post_tag","embeddable":true,"href":"https:\/\/primicias2262.com\/noticias\/wp-json\/wp\/v2\/tags?post=103864"}],"curies":[{"name":"wp","href":"https:\/\/api.w.org\/{rel}","templated":true}]}}