{"id":103868,"date":"2023-10-01T17:06:19","date_gmt":"2023-10-01T17:06:19","guid":{"rendered":"https:\/\/primicias2262.com\/noticias\/?p=103868"},"modified":"2023-10-03T16:56:00","modified_gmt":"2023-10-03T16:56:00","slug":"tenemos-un-intendente-distinto-que-esta-en-contacto-con-el-ciudadano-y-es-un-lider-de-gestion","status":"publish","type":"post","link":"https:\/\/primicias2262.com\/noticias\/tenemos-un-intendente-distinto-que-esta-en-contacto-con-el-ciudadano-y-es-un-lider-de-gestion\/","title":{"rendered":"\u201cTenemos un intendente distinto, que est\u00e1 en contacto con el ciudadano y es un l\u00edder de gesti\u00f3n\u201d"},"content":{"rendered":"<p><strong>Paula Farami\u00f1\u00e1n se volvi\u00f3 a presentar en sociedad como la d\u00e9cima candidata a concejala por Nueva Necochea y destac\u00f3 el enorme trabajo de Arturo Rojas al frente del municipio. Pidi\u00f3 a la ciudadan\u00eda que lo respalde con el voto para sumar la mayor cantidad de concejales y asegurar la gobernabilidad: \u201cNo es lo mismo viajar en colectivo que en avi\u00f3n\u201d.<\/strong><\/p>\n<p>Para comenzar a hablar de su candidatura como concejala por Nueva Necochea, a poco menos de un mes para las elecciones definitivas de octubre, Paula Farami\u00f1\u00e1n se detuvo primero en una caracterizaci\u00f3n del l\u00edder del espacio, el intendente Arturo Rojas, que tambi\u00e9n define, en buena parte, al equipo que lo acompa\u00f1a en esta aventura.<\/p>\n<p>\u201cHe podido ir observando su crecimiento, tanto pol\u00edtico como personal\u201d, comenz\u00f3 diciendo la letrada, para asegurar luego que \u201ces un hombre que sabe ad\u00f3nde quiere llegar\u201d; y utiliz\u00f3 una an\u00e9cdota que vivi\u00f3 cuando era secretaria del Colegio de Abogados, y el mandatario aun no ten\u00eda esa investidura, para asegurar que \u201ces una persona con programa, lo cual no abunda\u201d.<\/p>\n<p>Apreciando las cualidades de su jefe pol\u00edtico, la postulante a una bancada en el Concejo Deliberante argument\u00f3 que a las anteriores condiciones \u201chay que agregar otra cuesti\u00f3n que no es menor: la realidad es que cuando llego \u00e9l est\u00e1 (en la Municipalidad), cuando me voy est\u00e1 y cuando vuelvo porque me olvid\u00e9 algo sigue estando, y el laburo tiene que ver con eso\u201d.<\/p>\n<p>\u201cMe parece que se predica con el ejemplo, y la gente que acompa\u00f1amos a Rojas no tenemos mucho tiempo para detenernos, porque \u00e9l es un carro que sigue\u201d, asegur\u00f3 el d\u00e9cimo nombre de la lista 895 con chances de ingresar al \u00f3rgano legislativo dom\u00e9stico en una entrevista concedida al programa radial Voces de la Ciudad, por la FM Vinilo.<\/p>\n<p>Sobre el supuesto verticalismo de la gesti\u00f3n de Gobierno municipal, Farami\u00f1\u00e1n confi\u00f3 que \u201cArturo es como un l\u00edder de gesti\u00f3n: \u00e9l te dice ad\u00f3nde quiere apuntar y delega\u201d, y sum\u00f3: \u201cEsa es la diferencia entre tener un equipo de trabajo y un grupo de trabajo, que es lo que no veo en otros lugares\u201d.<\/p>\n<p>Para terminar de calificar al Intendente, la directora del \u00e1rea de Legales de la comuna sentenci\u00f3: \u201cTenemos un intendente distinto, que est\u00e1 en contacto con el ciudadano, constantemente, diariamente\u201d. En ese sentido, \u201cel otro d\u00eda lo escuch\u00e9 decir que, de ahora en m\u00e1s, ning\u00fan intendente se va a poder encerrar en su oficina, y esto es cierto\u201d, porque \u201ccada problema \u00e9l lo toma como algo personal, como algo particular y como algo a tratar. La vida de cada persona, cada vez que se acercan a la Oficina M\u00f3vil, a la Privada o a Gobierno, es importante para \u00e9l\u201d.<\/p>\n<p>Meti\u00e9ndose en la campa\u00f1a electoral, la abogada dispar\u00f3: \u201cPrevio a las PASO me llamaba mucho la atenci\u00f3n las hipot\u00e9ticas propuestas de otros candidatos, donde lo que ve\u00eda era que se debat\u00edan cuestiones que ten\u00edan que ver con lo provincial y lo nacional, no con la vida del vecino\u201d.<\/p>\n<p>\u201cY nosotros estamos para ocuparnos de la vida del vecino. El Intendente se ocupa de la vida del vecino, adem\u00e1s de gestionar aquello que hace a la Provincia o a la Naci\u00f3n para el mejoramiento de la vida del vecino, pero siempre pensando en nuestro distrito\u201d, remarc\u00f3.<\/p>\n<p>Para terminar, la d\u00e9cima candidata a concejala por Nueva Necochea pidi\u00f3 a la ciudadan\u00eda acompa\u00f1ar con el voto a Arturo Rojas para poder sumar la mayor cantidad de concejales y asegurar la gobernabilidad, porque \u201cno es lo mismo viajar en colectivo que en avi\u00f3n\u201d, parangon\u00f3.<\/p>\n","protected":false},"excerpt":{"rendered":"<p>Paula Farami\u00f1\u00e1n se volvi\u00f3 a presentar en sociedad como la d\u00e9cima candidata a concejala por Nueva Necochea y destac\u00f3 el enorme trabajo de Arturo Rojas al frente del municipio. Pidi\u00f3 a la ciudadan\u00eda que lo respalde con el voto para sumar la mayor cantidad de concejales y asegurar la gobernabilidad: \u201cNo es lo mismo viajar [&hellip;]<\/p>\n","protected":false},"author":3,"featured_media":103869,"comment_status":"open","ping_status":"open","sticky":false,"template":"","format":"standard","meta":{"footnotes":""},"categories":[3],"tags":[],"class_list":["post-103868","post","type-post","status-publish","format-standard","has-post-thumbnail","category-masnoticias"],"_links":{"self":[{"href":"https:\/\/primicias2262.com\/noticias\/wp-json\/wp\/v2\/posts\/103868","targetHints":{"allow":["GET"]}}],"collection":[{"href":"https:\/\/primicias2262.com\/noticias\/wp-json\/wp\/v2\/posts"}],"about":[{"href":"https:\/\/primicias2262.com\/noticias\/wp-json\/wp\/v2\/types\/post"}],"author":[{"embeddable":true,"href":"https:\/\/primicias2262.com\/noticias\/wp-json\/wp\/v2\/users\/3"}],"replies":[{"embeddable":true,"href":"https:\/\/primicias2262.com\/noticias\/wp-json\/wp\/v2\/comments?post=103868"}],"version-history":[{"count":1,"href":"https:\/\/primicias2262.com\/noticias\/wp-json\/wp\/v2\/posts\/103868\/revisions"}],"predecessor-version":[{"id":103870,"href":"https:\/\/primicias2262.com\/noticias\/wp-json\/wp\/v2\/posts\/103868\/revisions\/103870"}],"wp:featuredmedia":[{"embeddable":true,"href":"https:\/\/primicias2262.com\/noticias\/wp-json\/wp\/v2\/media\/103869"}],"wp:attachment":[{"href":"https:\/\/primicias2262.com\/noticias\/wp-json\/wp\/v2\/media?parent=103868"}],"wp:term":[{"taxonomy":"category","embeddable":true,"href":"https:\/\/primicias2262.com\/noticias\/wp-json\/wp\/v2\/categories?post=103868"},{"taxonomy":"post_tag","embeddable":true,"href":"https:\/\/primicias2262.com\/noticias\/wp-json\/wp\/v2\/tags?post=103868"}],"curies":[{"name":"wp","href":"https:\/\/api.w.org\/{rel}","templated":true}]}}