{"id":103873,"date":"2023-09-29T18:46:54","date_gmt":"2023-09-29T18:46:54","guid":{"rendered":"https:\/\/primicias2262.com\/noticias\/?p=103873"},"modified":"2023-10-03T11:53:30","modified_gmt":"2023-10-03T11:53:30","slug":"pronto-inician-las-perforaciones-para-la-exploracion-petrolera-no-se-por-que-no-forma-parte-de-la-agenda-politica-local","status":"publish","type":"post","link":"https:\/\/primicias2262.com\/noticias\/pronto-inician-las-perforaciones-para-la-exploracion-petrolera-no-se-por-que-no-forma-parte-de-la-agenda-politica-local\/","title":{"rendered":"Pronto inician las perforaciones para la exploraci\u00f3n petrolera: \u201cNo s\u00e9 por qu\u00e9 no forma parte de la agenda pol\u00edtica local\u201d"},"content":{"rendered":"<p><strong>As\u00ed lo manifest\u00f3 el presidente del Partido Justicialista local y candidato a intendente por Uni\u00f3n por la Patria, Marcelo Rivero, el d\u00eda despu\u00e9s de la charla sobre exploraci\u00f3n y explotaci\u00f3n petrolera offshore realizada en el Consorcio de Gesti\u00f3n de Puerto Quequ\u00e9n, con la presencia del Ing. especializado en el tema, Pablo L\u00f3pez.<\/strong><\/p>\n<p>En su visita a \u201cVoces de la Ciudad\u201d, cuando el periodista Jorge G\u00f3mez le solicit\u00f3 un balance de la presentaci\u00f3n a Rivero, el \u201cChelo\u201d expres\u00f3 que \u201cfue una hermosa conferencia a cargo de Pablo L\u00f3pez, director de la carrera de Ingenier\u00eda en Petr\u00f3leo en la Universidad Nacional Arturo Jauretche, especialista en la exploraci\u00f3n y explotaci\u00f3n del petr\u00f3leo offshore, con quien hicimos una presentaci\u00f3n ante mucha gente en el Consorcio del Puerto\u201d.<\/p>\n<p>Seguidamente sintetiz\u00f3 que \u201cPablo explic\u00f3 de qu\u00e9 se trata el proyecto de exploraci\u00f3n y posterior explotaci\u00f3n petrolera frente a nuestras costas y el auditorio qued\u00f3 satisfecho con esta nueva posibilidad, que es un proyecto de origen nacional que la Provincia adopt\u00f3 y que lamentablemente a nivel local no forma parte de la agenda p\u00fablica y mucho menos de la agenda pol\u00edtica, y no s\u00e9 por qu\u00e9\u201d.<\/p>\n<p><a href=\"https:\/\/primicias2262.com\/noticias\/wp-content\/uploads\/2023\/07\/marcelo-rivero-chelo.jpg\"><img loading=\"lazy\" decoding=\"async\" class=\"aligncenter size-full wp-image-102405\" src=\"https:\/\/primicias2262.com\/noticias\/wp-content\/uploads\/2023\/07\/marcelo-rivero-chelo.jpg\" alt=\"\" width=\"1024\" height=\"576\" srcset=\"https:\/\/primicias2262.com\/noticias\/wp-content\/uploads\/2023\/07\/marcelo-rivero-chelo.jpg 1024w, https:\/\/primicias2262.com\/noticias\/wp-content\/uploads\/2023\/07\/marcelo-rivero-chelo-300x169.jpg 300w, https:\/\/primicias2262.com\/noticias\/wp-content\/uploads\/2023\/07\/marcelo-rivero-chelo-768x432.jpg 768w, https:\/\/primicias2262.com\/noticias\/wp-content\/uploads\/2023\/07\/marcelo-rivero-chelo-150x84.jpg 150w, https:\/\/primicias2262.com\/noticias\/wp-content\/uploads\/2023\/07\/marcelo-rivero-chelo-696x392.jpg 696w\" sizes=\"auto, (max-width: 1024px) 100vw, 1024px\" \/><\/a>Adem\u00e1s, \u201cla exploraci\u00f3n y explotaci\u00f3n petrolera comienza en diciembre de este a\u00f1o, no dentro de cinco a\u00f1os\u201d, afirm\u00f3 Rivero, para acotar que \u201cestamos en v\u00edsperas de una elecci\u00f3n donde los candidatos deber\u00edan estar presentando propuestas que queremos para un distrito mejor, y en vez de criticar por criticar, deber\u00edamos debatir qu\u00e9 medidas deber\u00edamos tomar para lograr un desarrollo integral del distrito e insertar este tema\u201d.<\/p>\n<p>\u201cVemos por ejemplo que en Mar del Plata est\u00e1n mucho m\u00e1s adelantados que nosotros con este tema, trabajando en forma conjunta la pol\u00edtica con la clase trabajadora y el \u00e1mbito comercial, ya que estamos hablando de la incorporaci\u00f3n de una nueva actividad econ\u00f3mica a la econom\u00eda de nuestro distrito, como es la explotaci\u00f3n petrolera, que genera muchos puestos de trabajo con salarios muy altos y con actividad durante todo el a\u00f1o\u201d, compar\u00f3<\/p>\n<p>El presidente del PJ se\u00f1al\u00f3 que el proyecto contempla un volumen de producci\u00f3n similar al de Vaca Muerta y ser\u00e1 una inversi\u00f3n multimillonaria, y nosotros venimos sosteniendo esta propuesta desde que la plante\u00f3 el gobierno de la Provincia, que lo ha hecho propio y por eso es tan importante la sinton\u00eda pol\u00edtica con Provincia y el gobierno nacional\u201d.<\/p>\n<p>Dicho proyecto \u201ces una pol\u00edtica que comenz\u00f3 en 2012 y que ahora sigue adelante, pero en Necochea la clase dirigente no la debate ni brinda informaci\u00f3n necesaria, y nosotros planteamos un amplio debate, con todos los pro y los contra, convocando a los especialistas como los estamos haciendo, como as\u00ed a las instituciones y organizaciones de trabajadores\u201d, culmin\u00f3.<\/p>\n","protected":false},"excerpt":{"rendered":"<p>As\u00ed lo manifest\u00f3 el presidente del Partido Justicialista local y candidato a intendente por Uni\u00f3n por la Patria, Marcelo Rivero, el d\u00eda despu\u00e9s de la charla sobre exploraci\u00f3n y explotaci\u00f3n petrolera offshore realizada en el Consorcio de Gesti\u00f3n de Puerto Quequ\u00e9n, con la presencia del Ing. especializado en el tema, Pablo L\u00f3pez. En su visita [&hellip;]<\/p>\n","protected":false},"author":3,"featured_media":103874,"comment_status":"open","ping_status":"open","sticky":false,"template":"","format":"standard","meta":{"footnotes":""},"categories":[3],"tags":[],"class_list":["post-103873","post","type-post","status-publish","format-standard","has-post-thumbnail","category-masnoticias"],"_links":{"self":[{"href":"https:\/\/primicias2262.com\/noticias\/wp-json\/wp\/v2\/posts\/103873","targetHints":{"allow":["GET"]}}],"collection":[{"href":"https:\/\/primicias2262.com\/noticias\/wp-json\/wp\/v2\/posts"}],"about":[{"href":"https:\/\/primicias2262.com\/noticias\/wp-json\/wp\/v2\/types\/post"}],"author":[{"embeddable":true,"href":"https:\/\/primicias2262.com\/noticias\/wp-json\/wp\/v2\/users\/3"}],"replies":[{"embeddable":true,"href":"https:\/\/primicias2262.com\/noticias\/wp-json\/wp\/v2\/comments?post=103873"}],"version-history":[{"count":1,"href":"https:\/\/primicias2262.com\/noticias\/wp-json\/wp\/v2\/posts\/103873\/revisions"}],"predecessor-version":[{"id":103875,"href":"https:\/\/primicias2262.com\/noticias\/wp-json\/wp\/v2\/posts\/103873\/revisions\/103875"}],"wp:featuredmedia":[{"embeddable":true,"href":"https:\/\/primicias2262.com\/noticias\/wp-json\/wp\/v2\/media\/103874"}],"wp:attachment":[{"href":"https:\/\/primicias2262.com\/noticias\/wp-json\/wp\/v2\/media?parent=103873"}],"wp:term":[{"taxonomy":"category","embeddable":true,"href":"https:\/\/primicias2262.com\/noticias\/wp-json\/wp\/v2\/categories?post=103873"},{"taxonomy":"post_tag","embeddable":true,"href":"https:\/\/primicias2262.com\/noticias\/wp-json\/wp\/v2\/tags?post=103873"}],"curies":[{"name":"wp","href":"https:\/\/api.w.org\/{rel}","templated":true}]}}