{"id":103881,"date":"2023-10-02T18:23:06","date_gmt":"2023-10-02T18:23:06","guid":{"rendered":"https:\/\/primicias2262.com\/noticias\/?p=103881"},"modified":"2023-10-03T17:07:54","modified_gmt":"2023-10-03T17:07:54","slug":"transporte-urbano-este-lunes-entro-en-vigencia-la-nueva-tarifa-del-boleto-plano","status":"publish","type":"post","link":"https:\/\/primicias2262.com\/noticias\/transporte-urbano-este-lunes-entro-en-vigencia-la-nueva-tarifa-del-boleto-plano\/","title":{"rendered":"Transporte urbano: este lunes entr\u00f3 en vigencia la nueva tarifa del boleto plano"},"content":{"rendered":"<p><strong>\u201cSe actualizaron las m\u00e1quinas SUBE y ya est\u00e1n cobrando el nuevo valor\u201d, se\u00f1al\u00f3 la contadora de la empresa Transporte Necochea, Mar\u00eda In\u00e9s Lesca. El nuevo valor del boleto plano es de 170 pesos.<\/strong><\/p>\n<p>Tal como se ven\u00eda informando desde la semana anterior, este lunes comenz\u00f3 a regir el aumento de la tarifa del transporte p\u00fablico local, que fuera aprobado mediante la ordenanza 11243\/23 sancionada el pasado 7 de septiembre. En ese marco, el periodista Jorge G\u00f3mez dialog\u00f3 con la contadora de la empresa prestar\u00eda al aire de Voces de la Ciudad\u201d.<\/p>\n<p>\u201cSe actualizaron las m\u00e1quinas SUBE y las unidades ya est\u00e1n cobrando el nuevo valor\u201d, confirm\u00f3 Lesca, quien a pesar del aumento dej\u00f3 entrever que \u201cnos permite aliviar un poco pero no significa al aumento que nos ha representado a nosotros el aumento, por ejemplo del combustible, as\u00ed que en ese sentido estamos atr\u00e1s\u201d.<\/p>\n<p><a href=\"https:\/\/primicias2262.com\/noticias\/wp-content\/uploads\/2023\/10\/maria-ines-lesca-mayo-de-2023.jpg\"><img loading=\"lazy\" decoding=\"async\" class=\"aligncenter size-full wp-image-103882\" src=\"https:\/\/primicias2262.com\/noticias\/wp-content\/uploads\/2023\/10\/maria-ines-lesca-mayo-de-2023.jpg\" alt=\"\" width=\"2104\" height=\"2463\" srcset=\"https:\/\/primicias2262.com\/noticias\/wp-content\/uploads\/2023\/10\/maria-ines-lesca-mayo-de-2023.jpg 2104w, https:\/\/primicias2262.com\/noticias\/wp-content\/uploads\/2023\/10\/maria-ines-lesca-mayo-de-2023-256x300.jpg 256w, https:\/\/primicias2262.com\/noticias\/wp-content\/uploads\/2023\/10\/maria-ines-lesca-mayo-de-2023-875x1024.jpg 875w, https:\/\/primicias2262.com\/noticias\/wp-content\/uploads\/2023\/10\/maria-ines-lesca-mayo-de-2023-768x899.jpg 768w, https:\/\/primicias2262.com\/noticias\/wp-content\/uploads\/2023\/10\/maria-ines-lesca-mayo-de-2023-1312x1536.jpg 1312w, https:\/\/primicias2262.com\/noticias\/wp-content\/uploads\/2023\/10\/maria-ines-lesca-mayo-de-2023-1749x2048.jpg 1749w, https:\/\/primicias2262.com\/noticias\/wp-content\/uploads\/2023\/10\/maria-ines-lesca-mayo-de-2023-150x176.jpg 150w, https:\/\/primicias2262.com\/noticias\/wp-content\/uploads\/2023\/10\/maria-ines-lesca-mayo-de-2023-300x351.jpg 300w, https:\/\/primicias2262.com\/noticias\/wp-content\/uploads\/2023\/10\/maria-ines-lesca-mayo-de-2023-696x815.jpg 696w, https:\/\/primicias2262.com\/noticias\/wp-content\/uploads\/2023\/10\/maria-ines-lesca-mayo-de-2023-1068x1250.jpg 1068w, https:\/\/primicias2262.com\/noticias\/wp-content\/uploads\/2023\/10\/maria-ines-lesca-mayo-de-2023-1920x2248.jpg 1920w\" sizes=\"auto, (max-width: 2104px) 100vw, 2104px\" \/><\/a>En cuanto a los nuevos valores, el costo de la tarifa plana en los micros urbanos pas\u00f3 a ser desde este lunes de 170 pesos; la Tarifa Social es de 76,50 pesos y el Boleto Obrero de 136 pesos, tanto para las unidades de Transporte Necochea (azules) como para las de Micro \u00d3mnibus Nueva Pompeya SRL (verdes).<\/p>\n<p>En cuanto a las finanzas en general de ambas compa\u00f1\u00edas, la contadora manifest\u00f3 que el subsidio provincial est\u00e1 al d\u00eda pero que el nacional est\u00e1 atrasado desde junio. \u201cNosotros estamos siempre al d\u00eda y ahora estamos juntando para los sueldos que hay que afrontar, pero seguimos esperando por esos subsidios que son muy importantes\u201d.<\/p>\n","protected":false},"excerpt":{"rendered":"<p>\u201cSe actualizaron las m\u00e1quinas SUBE y ya est\u00e1n cobrando el nuevo valor\u201d, se\u00f1al\u00f3 la contadora de la empresa Transporte Necochea, Mar\u00eda In\u00e9s Lesca. El nuevo valor del boleto plano es de 170 pesos. Tal como se ven\u00eda informando desde la semana anterior, este lunes comenz\u00f3 a regir el aumento de la tarifa del transporte p\u00fablico [&hellip;]<\/p>\n","protected":false},"author":3,"featured_media":101662,"comment_status":"open","ping_status":"open","sticky":false,"template":"","format":"standard","meta":{"footnotes":""},"categories":[3],"tags":[],"class_list":["post-103881","post","type-post","status-publish","format-standard","has-post-thumbnail","category-masnoticias"],"_links":{"self":[{"href":"https:\/\/primicias2262.com\/noticias\/wp-json\/wp\/v2\/posts\/103881","targetHints":{"allow":["GET"]}}],"collection":[{"href":"https:\/\/primicias2262.com\/noticias\/wp-json\/wp\/v2\/posts"}],"about":[{"href":"https:\/\/primicias2262.com\/noticias\/wp-json\/wp\/v2\/types\/post"}],"author":[{"embeddable":true,"href":"https:\/\/primicias2262.com\/noticias\/wp-json\/wp\/v2\/users\/3"}],"replies":[{"embeddable":true,"href":"https:\/\/primicias2262.com\/noticias\/wp-json\/wp\/v2\/comments?post=103881"}],"version-history":[{"count":2,"href":"https:\/\/primicias2262.com\/noticias\/wp-json\/wp\/v2\/posts\/103881\/revisions"}],"predecessor-version":[{"id":103907,"href":"https:\/\/primicias2262.com\/noticias\/wp-json\/wp\/v2\/posts\/103881\/revisions\/103907"}],"wp:featuredmedia":[{"embeddable":true,"href":"https:\/\/primicias2262.com\/noticias\/wp-json\/wp\/v2\/media\/101662"}],"wp:attachment":[{"href":"https:\/\/primicias2262.com\/noticias\/wp-json\/wp\/v2\/media?parent=103881"}],"wp:term":[{"taxonomy":"category","embeddable":true,"href":"https:\/\/primicias2262.com\/noticias\/wp-json\/wp\/v2\/categories?post=103881"},{"taxonomy":"post_tag","embeddable":true,"href":"https:\/\/primicias2262.com\/noticias\/wp-json\/wp\/v2\/tags?post=103881"}],"curies":[{"name":"wp","href":"https:\/\/api.w.org\/{rel}","templated":true}]}}