{"id":103891,"date":"2023-10-03T11:53:15","date_gmt":"2023-10-03T11:53:15","guid":{"rendered":"https:\/\/primicias2262.com\/noticias\/?p=103891"},"modified":"2023-10-04T17:47:59","modified_gmt":"2023-10-04T17:47:59","slug":"tratamiento-de-los-residuos-tenemos-que-empezar-a-concientizar-a-la-gente-de-separar-en-dos-bolsas-en-su-casa","status":"publish","type":"post","link":"https:\/\/primicias2262.com\/noticias\/tratamiento-de-los-residuos-tenemos-que-empezar-a-concientizar-a-la-gente-de-separar-en-dos-bolsas-en-su-casa\/","title":{"rendered":"Tratamiento de los residuos: \u201cTenemos que empezar a concientizar a la gente de separar en dos bolsas en su casa\u201d"},"content":{"rendered":"<p><strong>En torno a la planta de tratamiento de los residuos que se est\u00e1 erigiendo y que traer\u00e1 un cambio de paradigma en materia ambiental para Necochea, la concejal Ruth Kalle detall\u00f3 en \u201cVoces de la Ciudad\u201d los diferentes puntos que llevar\u00e1 el nuevo proceso.<\/strong><\/p>\n<p>En nota con el periodista Jorge G\u00f3mez, destac\u00f3 antes que nada que \u201cpersonalmente es una satisfacci\u00f3n enorme, este tema viene de hace unos cuantos meses cuando empezamos con todo el programa del Neco Recicla, que es una mesa donde nos sentamos concejales, el Ejecutivo, Todo para Ellos y gente de la educaci\u00f3n, es decir los integrantes de la comunidad que tienen que trabajar en la estrategia nacional de gesti\u00f3n de residuos s\u00f3lidos urbanos, aplicado a las provincias y ciudades que comienzan con\u00a0 todo el trabajo de reciclado\u201d.<\/p>\n<p><a href=\"https:\/\/primicias2262.com\/noticias\/wp-content\/uploads\/2023\/10\/gomez-kalle.jpeg\"><img loading=\"lazy\" decoding=\"async\" class=\"aligncenter size-full wp-image-103892\" src=\"https:\/\/primicias2262.com\/noticias\/wp-content\/uploads\/2023\/10\/gomez-kalle.jpeg\" alt=\"\" width=\"1024\" height=\"968\" srcset=\"https:\/\/primicias2262.com\/noticias\/wp-content\/uploads\/2023\/10\/gomez-kalle.jpeg 1024w, https:\/\/primicias2262.com\/noticias\/wp-content\/uploads\/2023\/10\/gomez-kalle-300x284.jpeg 300w, https:\/\/primicias2262.com\/noticias\/wp-content\/uploads\/2023\/10\/gomez-kalle-768x726.jpeg 768w, https:\/\/primicias2262.com\/noticias\/wp-content\/uploads\/2023\/10\/gomez-kalle-150x142.jpeg 150w, https:\/\/primicias2262.com\/noticias\/wp-content\/uploads\/2023\/10\/gomez-kalle-696x658.jpeg 696w\" sizes=\"auto, (max-width: 1024px) 100vw, 1024px\" \/><\/a>La edil parafrase\u00f3 al intendente Arturo Rojas al reafirmar que \u201cpara dar mil pasos hay que empezar con el paso N\u00ba 1, y para nosotros esto es m\u00e1s que el primer paso, y a su vez tenemos la satisfacci\u00f3n de cumplir con la palabra de lo que nos comprometimos y propusimos en su momento, tanto el municipio como la empresa. Esta planta ser\u00e1 para siempre y tendr\u00e1 un impacto sumamente positivo en la salud y el ambiente\u201d.<\/p>\n<p>Dicho esto, la edil de Nueva Necochea manifest\u00f3 que \u201cpoder presentar esta planta es una satisfacci\u00f3n y es un proceso que requiere tiempo, planificaci\u00f3n y un orden para hacerlo en etapas, ya que no se puede hacer de un d\u00eda para otro\u201d, reafirmando que \u201clos basurales a cielo abierto son un problema en el mundo entero\u201d y que el proceso de generaci\u00f3n de basura tambi\u00e9n tiene etapas: \u201cLa primera es en casa, los ciudadanos somos generadores diarios de basura, y tenemos que empezar a hacer un trabajo con los chicos en las escuelas y nosotros los adultos de empezar a separar en origen los vidrios, el cart\u00f3n, el pl\u00e1stico, la chapa, el metal de todo lo org\u00e1nico, que va por otro lado\u201d.<\/p>\n<p><a href=\"https:\/\/primicias2262.com\/noticias\/wp-content\/uploads\/2023\/10\/FOTO-Arturo-Rojas-Basurero-Planta-Separacion2.jpeg\"><img loading=\"lazy\" decoding=\"async\" class=\"aligncenter size-full wp-image-103894\" src=\"https:\/\/primicias2262.com\/noticias\/wp-content\/uploads\/2023\/10\/FOTO-Arturo-Rojas-Basurero-Planta-Separacion2.jpeg\" alt=\"\" width=\"1280\" height=\"853\" srcset=\"https:\/\/primicias2262.com\/noticias\/wp-content\/uploads\/2023\/10\/FOTO-Arturo-Rojas-Basurero-Planta-Separacion2.jpeg 1280w, https:\/\/primicias2262.com\/noticias\/wp-content\/uploads\/2023\/10\/FOTO-Arturo-Rojas-Basurero-Planta-Separacion2-300x200.jpeg 300w, https:\/\/primicias2262.com\/noticias\/wp-content\/uploads\/2023\/10\/FOTO-Arturo-Rojas-Basurero-Planta-Separacion2-1024x682.jpeg 1024w, https:\/\/primicias2262.com\/noticias\/wp-content\/uploads\/2023\/10\/FOTO-Arturo-Rojas-Basurero-Planta-Separacion2-768x512.jpeg 768w, https:\/\/primicias2262.com\/noticias\/wp-content\/uploads\/2023\/10\/FOTO-Arturo-Rojas-Basurero-Planta-Separacion2-150x100.jpeg 150w, https:\/\/primicias2262.com\/noticias\/wp-content\/uploads\/2023\/10\/FOTO-Arturo-Rojas-Basurero-Planta-Separacion2-696x464.jpeg 696w, https:\/\/primicias2262.com\/noticias\/wp-content\/uploads\/2023\/10\/FOTO-Arturo-Rojas-Basurero-Planta-Separacion2-1068x712.jpeg 1068w\" sizes=\"auto, (max-width: 1280px) 100vw, 1280px\" \/><\/a>Fue all\u00ed cuando sintetiz\u00f3 que \u201ctenemos que empezar a concientizar a la gente de separar en dos bolsas en su casa, no es m\u00e1s que eso. En uno va lo org\u00e1nico, es decir, lo que consumimos a diario; y todo lo que tiene que ver con materiales m\u00e1s duros o secos son los que debo separar\u201d.<\/p>\n<p>\u201cEs una cultura diferente, un paradigma diferente y a partir de esto se ver\u00e1 la responsabilidad ciudadana. Cada uno de nosotros tiene que empezar a entender que la separaci\u00f3n la debo hacer yo en mi casa, no puede venir el cami\u00f3n a separarme, y despu\u00e9s est\u00e1 la responsabilidad de la empresa con la recolecci\u00f3n como segundo paso\u201d, recalc\u00f3, para anticipar que \u201chabr\u00e1 un d\u00eda de la semana en que se recolecte lo org\u00e1nico y otro en que se recolecte lo inorg\u00e1nico, lo que tambi\u00e9n permite que la ciudad est\u00e9 limpia\u201d.<\/p>\n<p>Kalle prosigui\u00f3 describiendo que \u201cel tercer paso ser\u00e1 el transporte y la transferencia de los residuos hacia el tratamiento, el basural a cielo abierto es lo que hay que erradicar y sanear\u201d, y este nuevo paradigma va a permitir que todo lo que sea seco y reciclable vaya a la planta de tratamiento, mientras que lo que no se puede reciclar de ese proceso ir\u00e1 al relleno sanitario, y tambi\u00e9n habr\u00e1 puntos limpios\u201d.<\/p>\n<p><strong>Trabajadores informales tambi\u00e9n se beneficiar\u00e1n<\/strong><\/p>\n<p>Otra faceta muy interesante del proyecto es que m\u00e1s all\u00e1 del trabajo de Todo para Ellos con el pl\u00e1stico, de a poco se empezar\u00e1 a incluir a recicladores urbanos que trabajan de manera informal con el cart\u00f3n. \u201cPoder sumarlos a ellos al trabajo formal e institucionalizado tambi\u00e9n les va a cambiar la vida, porque van a poder tener acceso a una obra social o una cuenta bancaria\u201d, subray\u00f3 la concejal.<\/p>\n<p>Por fuera de lo reciclado, Ruth explic\u00f3 que \u201clo que no se pueda trabajar ir\u00e1 al relleno sanitario, lo org\u00e1nico va directo al relleno sanitario, y el punto final -que es la disposici\u00f3n final- ir\u00e1 a cavas que se construyeron con un material resistente con los est\u00e1ndares internacionales para que los l\u00edquidos lixiviados de la basura org\u00e1nica no pase a las napas, con lo cual estamos cuidando el suelo, y a la par de eso el basural que conforma esa monta\u00f1a de basura hoy en d\u00eda, se va a empezar a remediar\u201d.<\/p>\n<p><a href=\"https:\/\/primicias2262.com\/noticias\/wp-content\/uploads\/2023\/10\/FOTO-Arturo-Rojas-Basurero-Planta-Separacion3.jpeg\"><img loading=\"lazy\" decoding=\"async\" class=\"aligncenter size-full wp-image-103895\" src=\"https:\/\/primicias2262.com\/noticias\/wp-content\/uploads\/2023\/10\/FOTO-Arturo-Rojas-Basurero-Planta-Separacion3.jpeg\" alt=\"\" width=\"1280\" height=\"853\" srcset=\"https:\/\/primicias2262.com\/noticias\/wp-content\/uploads\/2023\/10\/FOTO-Arturo-Rojas-Basurero-Planta-Separacion3.jpeg 1280w, https:\/\/primicias2262.com\/noticias\/wp-content\/uploads\/2023\/10\/FOTO-Arturo-Rojas-Basurero-Planta-Separacion3-300x200.jpeg 300w, https:\/\/primicias2262.com\/noticias\/wp-content\/uploads\/2023\/10\/FOTO-Arturo-Rojas-Basurero-Planta-Separacion3-1024x682.jpeg 1024w, https:\/\/primicias2262.com\/noticias\/wp-content\/uploads\/2023\/10\/FOTO-Arturo-Rojas-Basurero-Planta-Separacion3-768x512.jpeg 768w, https:\/\/primicias2262.com\/noticias\/wp-content\/uploads\/2023\/10\/FOTO-Arturo-Rojas-Basurero-Planta-Separacion3-150x100.jpeg 150w, https:\/\/primicias2262.com\/noticias\/wp-content\/uploads\/2023\/10\/FOTO-Arturo-Rojas-Basurero-Planta-Separacion3-696x464.jpeg 696w, https:\/\/primicias2262.com\/noticias\/wp-content\/uploads\/2023\/10\/FOTO-Arturo-Rojas-Basurero-Planta-Separacion3-1068x712.jpeg 1068w\" sizes=\"auto, (max-width: 1280px) 100vw, 1280px\" \/><\/a><strong>Econom\u00eda circular<\/strong><\/p>\n<p>Finalmente, Kalle se mostr\u00f3 conforme porque se van cumpliendo las obligaciones de com\u00fan acuerco con la empresa Relisa, y se\u00f1al\u00f3 que \u201ccuando la empresa entregue la llave al municipio, a partir de ah\u00ed Todo para Ellos empezar\u00e1 a trabajar la planta como ellos lo saben hacer y de a poco se ir\u00e1n incorporando los otros materiales que se pueden reciclar, y ah\u00ed la idea es convocar a la comunidad y a los peque\u00f1os grupos que trabajan con materiales reciclables y as\u00ed empezar con la econom\u00eda circular\u201d.<\/p>\n<p>\u00bfQu\u00e9 es la econom\u00eda circular? \u201cLo que para m\u00ed es basura, para el otro es un objeto valioso a reinsertar en el mercado laboral. Yo descarto mi basura, pero permito que otra persona le d\u00e9 un valor agregado, y a su vez cuido el ambiente y genero una econom\u00eda solidaria con un mont\u00f3n de gente que trabaja de esto\u201d, culmin\u00f3 la otrora secretaria de Salud.<\/p>\n","protected":false},"excerpt":{"rendered":"<p>En torno a la planta de tratamiento de los residuos que se est\u00e1 erigiendo y que traer\u00e1 un cambio de paradigma en materia ambiental para Necochea, la concejal Ruth Kalle detall\u00f3 en \u201cVoces de la Ciudad\u201d los diferentes puntos que llevar\u00e1 el nuevo proceso. En nota con el periodista Jorge G\u00f3mez, destac\u00f3 antes que nada [&hellip;]<\/p>\n","protected":false},"author":3,"featured_media":103893,"comment_status":"open","ping_status":"open","sticky":false,"template":"","format":"standard","meta":{"footnotes":""},"categories":[3],"tags":[],"class_list":["post-103891","post","type-post","status-publish","format-standard","has-post-thumbnail","category-masnoticias"],"_links":{"self":[{"href":"https:\/\/primicias2262.com\/noticias\/wp-json\/wp\/v2\/posts\/103891","targetHints":{"allow":["GET"]}}],"collection":[{"href":"https:\/\/primicias2262.com\/noticias\/wp-json\/wp\/v2\/posts"}],"about":[{"href":"https:\/\/primicias2262.com\/noticias\/wp-json\/wp\/v2\/types\/post"}],"author":[{"embeddable":true,"href":"https:\/\/primicias2262.com\/noticias\/wp-json\/wp\/v2\/users\/3"}],"replies":[{"embeddable":true,"href":"https:\/\/primicias2262.com\/noticias\/wp-json\/wp\/v2\/comments?post=103891"}],"version-history":[{"count":2,"href":"https:\/\/primicias2262.com\/noticias\/wp-json\/wp\/v2\/posts\/103891\/revisions"}],"predecessor-version":[{"id":103931,"href":"https:\/\/primicias2262.com\/noticias\/wp-json\/wp\/v2\/posts\/103891\/revisions\/103931"}],"wp:featuredmedia":[{"embeddable":true,"href":"https:\/\/primicias2262.com\/noticias\/wp-json\/wp\/v2\/media\/103893"}],"wp:attachment":[{"href":"https:\/\/primicias2262.com\/noticias\/wp-json\/wp\/v2\/media?parent=103891"}],"wp:term":[{"taxonomy":"category","embeddable":true,"href":"https:\/\/primicias2262.com\/noticias\/wp-json\/wp\/v2\/categories?post=103891"},{"taxonomy":"post_tag","embeddable":true,"href":"https:\/\/primicias2262.com\/noticias\/wp-json\/wp\/v2\/tags?post=103891"}],"curies":[{"name":"wp","href":"https:\/\/api.w.org\/{rel}","templated":true}]}}