{"id":103897,"date":"2023-10-03T16:50:26","date_gmt":"2023-10-03T16:50:26","guid":{"rendered":"https:\/\/primicias2262.com\/noticias\/?p=103897"},"modified":"2023-10-04T17:43:01","modified_gmt":"2023-10-04T17:43:01","slug":"esta-es-una-eleccion-muy-particular-porque-esta-resuelta-antes-de-votarse","status":"publish","type":"post","link":"https:\/\/primicias2262.com\/noticias\/esta-es-una-eleccion-muy-particular-porque-esta-resuelta-antes-de-votarse\/","title":{"rendered":"\u201cEsta es una elecci\u00f3n muy particular porque est\u00e1 resuelta antes de votarse\u201d"},"content":{"rendered":"<p><strong>As\u00ed lo asegur\u00f3 a nivel local el dirigente radical, Alberto Esnaola, quien ya le atribuye el triunfo a Arturo Rojas, y en ese aspecto se\u00f1al\u00f3 que trabaj\u00f3 para tener una oposici\u00f3n unida, la cual hoy ve totalmente desarticulada.<\/strong><\/p>\n<p>En nota con el periodista Jorge G\u00f3mez en \u201cVoces de la Ciudad\u201d, el concejal mandato cumplido y expresidente del comit\u00e9 radical, Alberto Esnaola, afirm\u00f3 que \u201cesta es una elecci\u00f3n marcada por una car\u00e1cter\u00edstica muy particular: que est\u00e1 resulta antes de votarse, faltar\u00e1 ver el volumen de votos que tenga el intendente Arturo Rojas\u201d.<\/p>\n<p>Enseguida rememor\u00f3 la elecci\u00f3n de 2015 \u201ccon una puja tremenda entre Pablo Aued y Rojas con Facundo L\u00f3pez y el Frente Renovador, y m\u00e1s de 10 mil cortes con Juntos por el Cambio ganando\u201d, o \u201csi volvemos m\u00e1s para atr\u00e1s la del 2011 con Horacio Tellechea ganando, y en 2007 con la elecci\u00f3n polarizada entre Daniel Molina y Gast\u00f3n Guarracino\u201d, pero \u201cque ahora est\u00e9 resuelta esta elecci\u00f3n tiene que ver con algunas circunstancias que marcamos al principio de a\u00f1o: una oposici\u00f3n absolutamente desarticulada, sin ninguna vocaci\u00f3n real de pelear por el poder, con muchos m\u00e1s candidatos que dirigentes\u201d, argument\u00f3.<\/p>\n<p>Acto seguido, Esnaola asegur\u00f3 que \u201cen el \u00faltimo a\u00f1o que estuve al frente del Comit\u00e9 junto a los que me acompa\u00f1aron en la conducci\u00f3n, trabajamos a discreci\u00f3n para tratar de unificar a la oposici\u00f3n, tuvimos muchas reuniones incluso con Juan Pedro Arabarco (candidato de la Agrupaci\u00f3n Comunal Transformadora) porque cre\u00edamos que ten\u00eda que competir dentro del espacio de Juntos por el Cambio, y hoy la unidad opositora tendr\u00eda m\u00e1s competitividad ante el Intendente y m\u00e1s equilibrio a lo que posteriormente ser\u00e1 con seguridad el segundo mandato de Rojas\u201d.<\/p>\n<p>En cuanto al radicalismo, mencion\u00f3 que \u201cno somos una agrupaci\u00f3n municipalista, que es adonde nos quieren llevar algunos o nos est\u00e1n llevando\u201d, sino que \u201ca nivel local necesit\u00e1bamos tener la claridad conceptual de que el radicalismo no solo iba a acompa\u00f1ar un candidato a intendente, sino trabajar en ese sentido, y hoy desgraciadamente la conducci\u00f3n partidaria que encabezan Carola Bertoldi, Mateo Ruppel y Dami\u00e1n Unibaso nos ha llevado a esto: a una situaci\u00f3n donde se discute con la juventud radical, que no es m\u00e1s que un sello de goma\u201d.<\/p>\n<p>El hist\u00f3rico dirigente de la UCR manifest\u00f3 que \u201cse abort\u00f3 la posibilidad y exigencia de buscar la unidad de la oposici\u00f3n por culpa de los intereses personales de querer ser candidato a cualquier precio, y ha sido la peor elecci\u00f3n del radicalismo\u201d, remarcando a la pasada que \u201cDami\u00e1n Unibaso fue el candidato, pero hubo una decisi\u00f3n pol\u00edtica de llamar a una elecci\u00f3n que fue un desastre\u2026 Unibaso dijo que el proceso de unidad hab\u00eda sido ejemplar, pero se estaba mintiendo a s\u00ed mismo, y eso lo sab\u00eda la gente y por eso se vio reflejado en la elecci\u00f3n\u201d.<\/p>\n<p>\u201cEs por eso que quer\u00edamos un plenario, para que no pasara esto que pas\u00f3, un plenario habr\u00eda generado un debate y hubiese sacado un apoyo expl\u00edcito a las tres candidaturas m\u00e1s importantes, en este caso Patricia Bullrich, N\u00e9stor Grindetti y Mart\u00edn Migueles, con lo cual no hubiese dejado margen para que alg\u00fan p\u00edcaro pretendiese hacer su negocio personal con el hoy intendente, Arturo Rojas\u201d, concluy\u00f3.<\/p>\n","protected":false},"excerpt":{"rendered":"<p>As\u00ed lo asegur\u00f3 a nivel local el dirigente radical, Alberto Esnaola, quien ya le atribuye el triunfo a Arturo Rojas, y en ese aspecto se\u00f1al\u00f3 que trabaj\u00f3 para tener una oposici\u00f3n unida, la cual hoy ve totalmente desarticulada. En nota con el periodista Jorge G\u00f3mez en \u201cVoces de la Ciudad\u201d, el concejal mandato cumplido y [&hellip;]<\/p>\n","protected":false},"author":3,"featured_media":103899,"comment_status":"open","ping_status":"open","sticky":false,"template":"","format":"standard","meta":{"footnotes":""},"categories":[3],"tags":[],"class_list":["post-103897","post","type-post","status-publish","format-standard","has-post-thumbnail","category-masnoticias"],"_links":{"self":[{"href":"https:\/\/primicias2262.com\/noticias\/wp-json\/wp\/v2\/posts\/103897","targetHints":{"allow":["GET"]}}],"collection":[{"href":"https:\/\/primicias2262.com\/noticias\/wp-json\/wp\/v2\/posts"}],"about":[{"href":"https:\/\/primicias2262.com\/noticias\/wp-json\/wp\/v2\/types\/post"}],"author":[{"embeddable":true,"href":"https:\/\/primicias2262.com\/noticias\/wp-json\/wp\/v2\/users\/3"}],"replies":[{"embeddable":true,"href":"https:\/\/primicias2262.com\/noticias\/wp-json\/wp\/v2\/comments?post=103897"}],"version-history":[{"count":2,"href":"https:\/\/primicias2262.com\/noticias\/wp-json\/wp\/v2\/posts\/103897\/revisions"}],"predecessor-version":[{"id":103926,"href":"https:\/\/primicias2262.com\/noticias\/wp-json\/wp\/v2\/posts\/103897\/revisions\/103926"}],"wp:featuredmedia":[{"embeddable":true,"href":"https:\/\/primicias2262.com\/noticias\/wp-json\/wp\/v2\/media\/103899"}],"wp:attachment":[{"href":"https:\/\/primicias2262.com\/noticias\/wp-json\/wp\/v2\/media?parent=103897"}],"wp:term":[{"taxonomy":"category","embeddable":true,"href":"https:\/\/primicias2262.com\/noticias\/wp-json\/wp\/v2\/categories?post=103897"},{"taxonomy":"post_tag","embeddable":true,"href":"https:\/\/primicias2262.com\/noticias\/wp-json\/wp\/v2\/tags?post=103897"}],"curies":[{"name":"wp","href":"https:\/\/api.w.org\/{rel}","templated":true}]}}