{"id":103901,"date":"2023-10-03T17:07:42","date_gmt":"2023-10-03T17:07:42","guid":{"rendered":"https:\/\/primicias2262.com\/noticias\/?p=103901"},"modified":"2023-10-04T13:52:49","modified_gmt":"2023-10-04T13:52:49","slug":"vinilo-de-necochea-es-la-primera-radio-del-pais-en-implementar-un-sistema-de-transmision-netamente-sustentable","status":"publish","type":"post","link":"https:\/\/primicias2262.com\/noticias\/vinilo-de-necochea-es-la-primera-radio-del-pais-en-implementar-un-sistema-de-transmision-netamente-sustentable\/","title":{"rendered":"Vinilo de Necochea es la primera radio del pa\u00eds en implementar un sistema de transmisi\u00f3n netamente sustentable"},"content":{"rendered":"<p><strong>La colocaci\u00f3n de los paneles solares en la radio FM Vinilo 103.5, fue llevada a cabo por el grupo de alumnos del Centro de Formaci\u00f3n Profesional que trabaja junto al Prof. Norberto \u201cTano\u201d Cafiel.<\/strong><\/p>\n<p>En \u201cVoces de la Ciudad\u201d, el programa que conduce el periodista Jorge G\u00f3mez precisamente por FM Vinilo, que est\u00e1 ubicada en 42 entre 91 y 93, Cafiel confirm\u00f3 que desde el lunes de esta semana la radio funciona con energ\u00eda propia y es la primera sustentable del pa\u00eds.<\/p>\n<p><a href=\"https:\/\/primicias2262.com\/noticias\/wp-content\/uploads\/2023\/10\/WhatsApp-Image-2023-10-03-at-2.04.43-PM.jpeg\"><img loading=\"lazy\" decoding=\"async\" class=\"aligncenter size-full wp-image-103905\" src=\"https:\/\/primicias2262.com\/noticias\/wp-content\/uploads\/2023\/10\/WhatsApp-Image-2023-10-03-at-2.04.43-PM.jpeg\" alt=\"\" width=\"1600\" height=\"702\" srcset=\"https:\/\/primicias2262.com\/noticias\/wp-content\/uploads\/2023\/10\/WhatsApp-Image-2023-10-03-at-2.04.43-PM.jpeg 1600w, https:\/\/primicias2262.com\/noticias\/wp-content\/uploads\/2023\/10\/WhatsApp-Image-2023-10-03-at-2.04.43-PM-300x132.jpeg 300w, https:\/\/primicias2262.com\/noticias\/wp-content\/uploads\/2023\/10\/WhatsApp-Image-2023-10-03-at-2.04.43-PM-1024x449.jpeg 1024w, https:\/\/primicias2262.com\/noticias\/wp-content\/uploads\/2023\/10\/WhatsApp-Image-2023-10-03-at-2.04.43-PM-768x337.jpeg 768w, https:\/\/primicias2262.com\/noticias\/wp-content\/uploads\/2023\/10\/WhatsApp-Image-2023-10-03-at-2.04.43-PM-1536x674.jpeg 1536w, https:\/\/primicias2262.com\/noticias\/wp-content\/uploads\/2023\/10\/WhatsApp-Image-2023-10-03-at-2.04.43-PM-150x66.jpeg 150w, https:\/\/primicias2262.com\/noticias\/wp-content\/uploads\/2023\/10\/WhatsApp-Image-2023-10-03-at-2.04.43-PM-696x305.jpeg 696w, https:\/\/primicias2262.com\/noticias\/wp-content\/uploads\/2023\/10\/WhatsApp-Image-2023-10-03-at-2.04.43-PM-1068x469.jpeg 1068w\" sizes=\"auto, (max-width: 1600px) 100vw, 1600px\" \/><\/a>El profesor explic\u00f3 que \u201cdentro del marco de Generaci\u00f3n Distribuida de la ley 27424, que acompa\u00f1a a aquellos privados a ayudar a mejorar el medio ambiente y bajar la contaminaci\u00f3n y empezar a trabajar sobre el efecto invernadero, cuyo 28% del mismo se debe a la utilizaci\u00f3n de la energ\u00eda convencional de la planta termoel\u00e9ctrica, la radio Vinilo es la \u00fanica hasta ahora en el pa\u00eds netamente sustentable\u201d.<\/p>\n<p>Desde lo t\u00e9cnico, el \u201cTano\u201d explic\u00f3 que \u201cse arm\u00f3 un sistema de paneles solares compuesto por siete placas de 450 watts \u00a0en pico de potencia con un inversor\u00a0 h\u00edbrido y hasta ahora es el \u00fanico de Argentina, que le da la posibilidad a los que utilizan el medio de difusi\u00f3n de priorizar la autogeneraci\u00f3n, cuando baja el sol pasa a bater\u00edas y si por alguna raz\u00f3n se consumen las bater\u00edas, reci\u00e9n ah\u00ed pasa a 220\u201d.<\/p>\n<p><a href=\"https:\/\/primicias2262.com\/noticias\/wp-content\/uploads\/2023\/10\/WhatsApp-Image-2023-10-03-at-2.04.43-PM1.jpeg\"><img loading=\"lazy\" decoding=\"async\" class=\"aligncenter size-full wp-image-103903\" src=\"https:\/\/primicias2262.com\/noticias\/wp-content\/uploads\/2023\/10\/WhatsApp-Image-2023-10-03-at-2.04.43-PM1.jpeg\" alt=\"\" width=\"1599\" height=\"900\" srcset=\"https:\/\/primicias2262.com\/noticias\/wp-content\/uploads\/2023\/10\/WhatsApp-Image-2023-10-03-at-2.04.43-PM1.jpeg 1599w, https:\/\/primicias2262.com\/noticias\/wp-content\/uploads\/2023\/10\/WhatsApp-Image-2023-10-03-at-2.04.43-PM1-300x169.jpeg 300w, https:\/\/primicias2262.com\/noticias\/wp-content\/uploads\/2023\/10\/WhatsApp-Image-2023-10-03-at-2.04.43-PM1-1024x576.jpeg 1024w, https:\/\/primicias2262.com\/noticias\/wp-content\/uploads\/2023\/10\/WhatsApp-Image-2023-10-03-at-2.04.43-PM1-768x432.jpeg 768w, https:\/\/primicias2262.com\/noticias\/wp-content\/uploads\/2023\/10\/WhatsApp-Image-2023-10-03-at-2.04.43-PM1-1536x865.jpeg 1536w, https:\/\/primicias2262.com\/noticias\/wp-content\/uploads\/2023\/10\/WhatsApp-Image-2023-10-03-at-2.04.43-PM1-150x84.jpeg 150w, https:\/\/primicias2262.com\/noticias\/wp-content\/uploads\/2023\/10\/WhatsApp-Image-2023-10-03-at-2.04.43-PM1-696x392.jpeg 696w, https:\/\/primicias2262.com\/noticias\/wp-content\/uploads\/2023\/10\/WhatsApp-Image-2023-10-03-at-2.04.43-PM1-1068x601.jpeg 1068w\" sizes=\"auto, (max-width: 1599px) 100vw, 1599px\" \/><\/a>Si bien en cuestiones econ\u00f3micas, la inversi\u00f3n se va a amortizar en tres a\u00f1os y medio o cuatro, Cafiel se\u00f1al\u00f3 que \u201cal no tener depreciaci\u00f3n los equipos de ah\u00ed para adelante es todo rentabilidad, pero m\u00e1s all\u00e1 de lo econ\u00f3mico, ac\u00e1 hay una radio que hace punta en el pa\u00eds para bajar el efecto invernadero y es tremendamente importante\u201d, afirm\u00f3.<\/p>\n<p>En ese aspecto, asegur\u00f3 que \u201ccon el Centro de Formaci\u00f3n Profesional N\u00ba 402 estamos capacitando a docentes de la Provincia de Buenos Aires para que incursionen en estas \u00e1reas y no hay registros alguno de esto de transmitir con energ\u00eda limpia\u201d.<\/p>\n<p><a href=\"https:\/\/primicias2262.com\/noticias\/wp-content\/uploads\/2023\/10\/WhatsApp-Image-2023-10-03-at-2.04.43-PM2.jpeg\"><img loading=\"lazy\" decoding=\"async\" class=\"aligncenter size-full wp-image-103904\" src=\"https:\/\/primicias2262.com\/noticias\/wp-content\/uploads\/2023\/10\/WhatsApp-Image-2023-10-03-at-2.04.43-PM2.jpeg\" alt=\"\" width=\"1600\" height=\"702\" srcset=\"https:\/\/primicias2262.com\/noticias\/wp-content\/uploads\/2023\/10\/WhatsApp-Image-2023-10-03-at-2.04.43-PM2.jpeg 1600w, https:\/\/primicias2262.com\/noticias\/wp-content\/uploads\/2023\/10\/WhatsApp-Image-2023-10-03-at-2.04.43-PM2-300x132.jpeg 300w, https:\/\/primicias2262.com\/noticias\/wp-content\/uploads\/2023\/10\/WhatsApp-Image-2023-10-03-at-2.04.43-PM2-1024x449.jpeg 1024w, https:\/\/primicias2262.com\/noticias\/wp-content\/uploads\/2023\/10\/WhatsApp-Image-2023-10-03-at-2.04.43-PM2-768x337.jpeg 768w, https:\/\/primicias2262.com\/noticias\/wp-content\/uploads\/2023\/10\/WhatsApp-Image-2023-10-03-at-2.04.43-PM2-1536x674.jpeg 1536w, https:\/\/primicias2262.com\/noticias\/wp-content\/uploads\/2023\/10\/WhatsApp-Image-2023-10-03-at-2.04.43-PM2-150x66.jpeg 150w, https:\/\/primicias2262.com\/noticias\/wp-content\/uploads\/2023\/10\/WhatsApp-Image-2023-10-03-at-2.04.43-PM2-696x305.jpeg 696w, https:\/\/primicias2262.com\/noticias\/wp-content\/uploads\/2023\/10\/WhatsApp-Image-2023-10-03-at-2.04.43-PM2-1068x469.jpeg 1068w\" sizes=\"auto, (max-width: 1600px) 100vw, 1600px\" \/><\/a><\/p>\n","protected":false},"excerpt":{"rendered":"<p>La colocaci\u00f3n de los paneles solares en la radio FM Vinilo 103.5, fue llevada a cabo por el grupo de alumnos del Centro de Formaci\u00f3n Profesional que trabaja junto al Prof. Norberto \u201cTano\u201d Cafiel. En \u201cVoces de la Ciudad\u201d, el programa que conduce el periodista Jorge G\u00f3mez precisamente por FM Vinilo, que est\u00e1 ubicada en [&hellip;]<\/p>\n","protected":false},"author":3,"featured_media":103902,"comment_status":"open","ping_status":"open","sticky":false,"template":"","format":"standard","meta":{"footnotes":""},"categories":[3],"tags":[],"class_list":["post-103901","post","type-post","status-publish","format-standard","has-post-thumbnail","category-masnoticias"],"_links":{"self":[{"href":"https:\/\/primicias2262.com\/noticias\/wp-json\/wp\/v2\/posts\/103901","targetHints":{"allow":["GET"]}}],"collection":[{"href":"https:\/\/primicias2262.com\/noticias\/wp-json\/wp\/v2\/posts"}],"about":[{"href":"https:\/\/primicias2262.com\/noticias\/wp-json\/wp\/v2\/types\/post"}],"author":[{"embeddable":true,"href":"https:\/\/primicias2262.com\/noticias\/wp-json\/wp\/v2\/users\/3"}],"replies":[{"embeddable":true,"href":"https:\/\/primicias2262.com\/noticias\/wp-json\/wp\/v2\/comments?post=103901"}],"version-history":[{"count":1,"href":"https:\/\/primicias2262.com\/noticias\/wp-json\/wp\/v2\/posts\/103901\/revisions"}],"predecessor-version":[{"id":103906,"href":"https:\/\/primicias2262.com\/noticias\/wp-json\/wp\/v2\/posts\/103901\/revisions\/103906"}],"wp:featuredmedia":[{"embeddable":true,"href":"https:\/\/primicias2262.com\/noticias\/wp-json\/wp\/v2\/media\/103902"}],"wp:attachment":[{"href":"https:\/\/primicias2262.com\/noticias\/wp-json\/wp\/v2\/media?parent=103901"}],"wp:term":[{"taxonomy":"category","embeddable":true,"href":"https:\/\/primicias2262.com\/noticias\/wp-json\/wp\/v2\/categories?post=103901"},{"taxonomy":"post_tag","embeddable":true,"href":"https:\/\/primicias2262.com\/noticias\/wp-json\/wp\/v2\/tags?post=103901"}],"curies":[{"name":"wp","href":"https:\/\/api.w.org\/{rel}","templated":true}]}}