{"id":103908,"date":"2023-10-03T17:53:11","date_gmt":"2023-10-03T17:53:11","guid":{"rendered":"https:\/\/primicias2262.com\/noticias\/?p=103908"},"modified":"2023-10-04T16:59:16","modified_gmt":"2023-10-04T16:59:16","slug":"la-escuela-cristiana-peniel-tiene-20-anos-en-la-ciudad-y-esta-abierta-a-toda-la-comunidad","status":"publish","type":"post","link":"https:\/\/primicias2262.com\/noticias\/la-escuela-cristiana-peniel-tiene-20-anos-en-la-ciudad-y-esta-abierta-a-toda-la-comunidad\/","title":{"rendered":"\u201cLa Escuela Cristiana Peniel tiene 20 a\u00f1os en la ciudad y est\u00e1 abierta a toda la comunidad\u201d"},"content":{"rendered":"<p><strong>As\u00ed lo se\u00f1al\u00f3 el director de la instituci\u00f3n primaria, Enzo Calzada, quien explic\u00f3 al aire de \u201cVoces de la Ciudad\u201d que fueron a\u00f1os duros para la escuela y actualmente funcionan con una matr\u00edcula total de 20 ni\u00f1os, pero quieren seguir adelante y apostar por una visi\u00f3n educativa que naci\u00f3 en 2003.<\/strong><\/p>\n<p>En di\u00e1logo con el periodista Jorge G\u00f3mez, el director de la Escuela Cristiana Peniel, ubicada en calle 40 N\u00ba 3554 entre 71 y 73, junto con el Jard\u00edn Una Peque\u00f1a Luz, Enzo Calzada, se\u00f1al\u00f3 que \u201ces una instituci\u00f3n que ya tiene 20 a\u00f1os en la ciudad y est\u00e1 abierta a toda la comunidad, cuando hablamos que al ser cristiana por ah\u00ed mucha gente no conoce, pero la escuela est\u00e1 reconocida por la Direcci\u00f3n General de Cultura y Educaci\u00f3n de la Provincia de Buenos Aires y es muy linda en cuanto al proyecto educativo que tiene\u201d.<\/p>\n<p><a href=\"https:\/\/primicias2262.com\/noticias\/wp-content\/uploads\/2023\/10\/enzo-calzada-peniel.jpeg\"><img loading=\"lazy\" decoding=\"async\" class=\"aligncenter size-full wp-image-103910\" src=\"https:\/\/primicias2262.com\/noticias\/wp-content\/uploads\/2023\/10\/enzo-calzada-peniel.jpeg\" alt=\"\" width=\"1024\" height=\"768\" srcset=\"https:\/\/primicias2262.com\/noticias\/wp-content\/uploads\/2023\/10\/enzo-calzada-peniel.jpeg 1024w, https:\/\/primicias2262.com\/noticias\/wp-content\/uploads\/2023\/10\/enzo-calzada-peniel-300x225.jpeg 300w, https:\/\/primicias2262.com\/noticias\/wp-content\/uploads\/2023\/10\/enzo-calzada-peniel-768x576.jpeg 768w, https:\/\/primicias2262.com\/noticias\/wp-content\/uploads\/2023\/10\/enzo-calzada-peniel-150x113.jpeg 150w, https:\/\/primicias2262.com\/noticias\/wp-content\/uploads\/2023\/10\/enzo-calzada-peniel-696x522.jpeg 696w\" sizes=\"auto, (max-width: 1024px) 100vw, 1024px\" \/><\/a>En tal sentido, el directivo asegur\u00f3 que \u201ces una escuela primaria com\u00fan, la \u00fanica evang\u00e9lica de la ciudad y con nivel primario con 1\u00ba, 2\u00ba y 3\u00ba A\u00f1o, y 4\u00ba, 5\u00ba y 6\u00ba de Segundo Ciclo, m\u00e1s el nivel inicial con salas integradas de 3, 4 y 5 a\u00f1os, todo en el mismo edificio. \u201cEl nivel inicial este a\u00f1o no pudo abrir sus puertas, pero s\u00ed lo har\u00e1 el a\u00f1o que viene en el ciclo lectivo 2024\u201d, aclar\u00f3.<\/p>\n<p>M\u00e1s all\u00e1 de haber contado con un pico de 125 alumnos en su matr\u00edcula, hoy la instituci\u00f3n va surfeando una ola bastante dif\u00edcil, pero no baja los brazos. \u201cHubo muchos cambios en la instituci\u00f3n y falta de matr\u00edcula, venimos de dos a\u00f1os con pocos ni\u00f1os\u201d, apunt\u00f3 Clazada, especificando que \u201cen la actualidad son 20 ni\u00f1os en total en la escuela\u201d, y argumentando que \u201cla baja se gener\u00f3 partir de la pandemia, y al no ser una escuela subvencionada la matr\u00edcula decreci\u00f3. Actualmente trabajamos en circular, por agrupamientos, por ejemplo trabajan juntos ni\u00f1os de 1\u00ba, 2\u00ba y 3\u00ba, y de segundo ciclo 4\u00ba, 5\u00ba y 6\u00ba\u201d.<\/p>\n<p><a href=\"https:\/\/primicias2262.com\/noticias\/wp-content\/uploads\/2023\/10\/escuela-Peniel2.jpg\"><img loading=\"lazy\" decoding=\"async\" class=\"aligncenter size-full wp-image-103912\" src=\"https:\/\/primicias2262.com\/noticias\/wp-content\/uploads\/2023\/10\/escuela-Peniel2.jpg\" alt=\"\" width=\"1080\" height=\"1080\" srcset=\"https:\/\/primicias2262.com\/noticias\/wp-content\/uploads\/2023\/10\/escuela-Peniel2.jpg 1080w, https:\/\/primicias2262.com\/noticias\/wp-content\/uploads\/2023\/10\/escuela-Peniel2-300x300.jpg 300w, https:\/\/primicias2262.com\/noticias\/wp-content\/uploads\/2023\/10\/escuela-Peniel2-1024x1024.jpg 1024w, https:\/\/primicias2262.com\/noticias\/wp-content\/uploads\/2023\/10\/escuela-Peniel2-150x150.jpg 150w, https:\/\/primicias2262.com\/noticias\/wp-content\/uploads\/2023\/10\/escuela-Peniel2-768x768.jpg 768w, https:\/\/primicias2262.com\/noticias\/wp-content\/uploads\/2023\/10\/escuela-Peniel2-696x696.jpg 696w, https:\/\/primicias2262.com\/noticias\/wp-content\/uploads\/2023\/10\/escuela-Peniel2-1068x1068.jpg 1068w\" sizes=\"auto, (max-width: 1080px) 100vw, 1080px\" \/><\/a>Cuando se le pregunt\u00f3 si realmente conven\u00eda abrir la escuela con tan pocos ni\u00f1os, el directivo revel\u00f3 que \u201cpara este a\u00f1o estuvimos con la disyuntiva de seguir o no\u201d, pero casi en una declaraci\u00f3n de principios afirm\u00f3 que \u201cno es una escuela que persiga un fin econ\u00f3mico en s\u00ed, sino que se busca brindar una educaci\u00f3n diferente al ni\u00f1o\u201d, de hecho \u201ctenemos el lema \u201cInstruye al ni\u00f1o en su camino y aun cuando fuere viejo no se olvidar\u00e1 de ello\u201d, as\u00ed que hay ciertos docentes con quienes tenemos una carga grande por lo que ense\u00f1amos y por lo que es la escuela en s\u00ed, creemos que es un lugar muy lindo para que siga funcionando\u201d.<\/p>\n<p><strong>Abierta la inscripci\u00f3n para el ciclo lectivo 2024<\/strong><\/p>\n<p>Acot\u00f3 al respecto que \u201choy en d\u00eda hay seis docentes a los que le paga la propia escuela, regidos por el IPS, pero todos los insumos salen de la propia escuela, lo que pagan las familias y la ayuda de la iglesia, aunque necesitamos ni\u00f1os\u201d, reconoci\u00f3, y en tal sentido inform\u00f3 que ya est\u00e1 abierta la inscripci\u00f3n para el ciclo lectivo del a\u00f1o venidero, tanto para el nivel Inicial como el Primario, y los interesados en inscribirse pueden averiguar al Facebook \u00a0Escuela Cristina Peniel; al Instagram Complejo Educativo Peniel o al WhatsApp 2262-578189.<\/p>\n<p><a href=\"https:\/\/primicias2262.com\/noticias\/wp-content\/uploads\/2023\/10\/Banner-Peniel.jpg\"><img loading=\"lazy\" decoding=\"async\" class=\"aligncenter size-full wp-image-103909\" src=\"https:\/\/primicias2262.com\/noticias\/wp-content\/uploads\/2023\/10\/Banner-Peniel.jpg\" alt=\"\" width=\"526\" height=\"526\" srcset=\"https:\/\/primicias2262.com\/noticias\/wp-content\/uploads\/2023\/10\/Banner-Peniel.jpg 526w, https:\/\/primicias2262.com\/noticias\/wp-content\/uploads\/2023\/10\/Banner-Peniel-300x300.jpg 300w, https:\/\/primicias2262.com\/noticias\/wp-content\/uploads\/2023\/10\/Banner-Peniel-150x150.jpg 150w\" sizes=\"auto, (max-width: 526px) 100vw, 526px\" \/><\/a><\/p>\n<p>Finalmente, Calzada inform\u00f3 que la escuela ofrece todas las \u00e1reas: Ciencias Naturales, Sociales, Matem\u00e1ticas, Pr\u00e1cticas del Lenguaje, y adem\u00e1s Educaci\u00f3n F\u00edsica y Art\u00edstica. Asimismo, \u201clos chicos tienen talleres de Ingl\u00e9s y tenemos una materia que se llama Educaci\u00f3n Cristiana, a trav\u00e9s de la cual se ense\u00f1an valores y principios basados en la Biblia\u201d, subray\u00f3, para concluir que \u201cal no tener secundaria articulamos con varias escuelas p\u00fablicas, como por ejemplo la Escuela Secundaria N\u00ba 7\u201d.<\/p>\n<p><a href=\"https:\/\/primicias2262.com\/noticias\/wp-content\/uploads\/2023\/10\/escuela-Peniel3.jpg\"><img loading=\"lazy\" decoding=\"async\" class=\"aligncenter size-full wp-image-103913\" src=\"https:\/\/primicias2262.com\/noticias\/wp-content\/uploads\/2023\/10\/escuela-Peniel3.jpg\" alt=\"\" width=\"1200\" height=\"1600\" srcset=\"https:\/\/primicias2262.com\/noticias\/wp-content\/uploads\/2023\/10\/escuela-Peniel3.jpg 1200w, https:\/\/primicias2262.com\/noticias\/wp-content\/uploads\/2023\/10\/escuela-Peniel3-225x300.jpg 225w, https:\/\/primicias2262.com\/noticias\/wp-content\/uploads\/2023\/10\/escuela-Peniel3-768x1024.jpg 768w, https:\/\/primicias2262.com\/noticias\/wp-content\/uploads\/2023\/10\/escuela-Peniel3-1152x1536.jpg 1152w, https:\/\/primicias2262.com\/noticias\/wp-content\/uploads\/2023\/10\/escuela-Peniel3-150x200.jpg 150w, https:\/\/primicias2262.com\/noticias\/wp-content\/uploads\/2023\/10\/escuela-Peniel3-300x400.jpg 300w, https:\/\/primicias2262.com\/noticias\/wp-content\/uploads\/2023\/10\/escuela-Peniel3-696x928.jpg 696w, https:\/\/primicias2262.com\/noticias\/wp-content\/uploads\/2023\/10\/escuela-Peniel3-1068x1424.jpg 1068w\" sizes=\"auto, (max-width: 1200px) 100vw, 1200px\" \/><\/a><\/p>\n","protected":false},"excerpt":{"rendered":"<p>As\u00ed lo se\u00f1al\u00f3 el director de la instituci\u00f3n primaria, Enzo Calzada, quien explic\u00f3 al aire de \u201cVoces de la Ciudad\u201d que fueron a\u00f1os duros para la escuela y actualmente funcionan con una matr\u00edcula total de 20 ni\u00f1os, pero quieren seguir adelante y apostar por una visi\u00f3n educativa que naci\u00f3 en 2003. En di\u00e1logo con el [&hellip;]<\/p>\n","protected":false},"author":3,"featured_media":103911,"comment_status":"open","ping_status":"open","sticky":false,"template":"","format":"standard","meta":{"footnotes":""},"categories":[3],"tags":[],"class_list":["post-103908","post","type-post","status-publish","format-standard","has-post-thumbnail","category-masnoticias"],"_links":{"self":[{"href":"https:\/\/primicias2262.com\/noticias\/wp-json\/wp\/v2\/posts\/103908","targetHints":{"allow":["GET"]}}],"collection":[{"href":"https:\/\/primicias2262.com\/noticias\/wp-json\/wp\/v2\/posts"}],"about":[{"href":"https:\/\/primicias2262.com\/noticias\/wp-json\/wp\/v2\/types\/post"}],"author":[{"embeddable":true,"href":"https:\/\/primicias2262.com\/noticias\/wp-json\/wp\/v2\/users\/3"}],"replies":[{"embeddable":true,"href":"https:\/\/primicias2262.com\/noticias\/wp-json\/wp\/v2\/comments?post=103908"}],"version-history":[{"count":2,"href":"https:\/\/primicias2262.com\/noticias\/wp-json\/wp\/v2\/posts\/103908\/revisions"}],"predecessor-version":[{"id":103921,"href":"https:\/\/primicias2262.com\/noticias\/wp-json\/wp\/v2\/posts\/103908\/revisions\/103921"}],"wp:featuredmedia":[{"embeddable":true,"href":"https:\/\/primicias2262.com\/noticias\/wp-json\/wp\/v2\/media\/103911"}],"wp:attachment":[{"href":"https:\/\/primicias2262.com\/noticias\/wp-json\/wp\/v2\/media?parent=103908"}],"wp:term":[{"taxonomy":"category","embeddable":true,"href":"https:\/\/primicias2262.com\/noticias\/wp-json\/wp\/v2\/categories?post=103908"},{"taxonomy":"post_tag","embeddable":true,"href":"https:\/\/primicias2262.com\/noticias\/wp-json\/wp\/v2\/tags?post=103908"}],"curies":[{"name":"wp","href":"https:\/\/api.w.org\/{rel}","templated":true}]}}