{"id":103915,"date":"2023-10-04T13:52:27","date_gmt":"2023-10-04T13:52:27","guid":{"rendered":"https:\/\/primicias2262.com\/noticias\/?p=103915"},"modified":"2023-10-06T14:55:17","modified_gmt":"2023-10-06T14:55:17","slug":"se-desarrollan-hasta-el-viernes-en-el-instituto-163-las-jornadas-de-investigacion-de-estudiantes-del-nivel-superior","status":"publish","type":"post","link":"https:\/\/primicias2262.com\/noticias\/se-desarrollan-hasta-el-viernes-en-el-instituto-163-las-jornadas-de-investigacion-de-estudiantes-del-nivel-superior\/","title":{"rendered":"Se desarrollan hasta el viernes en el Instituto 163 las Jornadas de Investigaci\u00f3n de Estudiantes del Nivel Superior"},"content":{"rendered":"<p><strong>La regente de la instituci\u00f3n que funciona en el Colegio Nacional,\u00a0 Carolina Bernab\u00e9, dio detalles de esta 13\u00aa edici\u00f3n de las jornadas donde participan tambi\u00e9n instituciones afines de la ciudad y la regi\u00f3n.<\/strong><\/p>\n<p>En \u201cVoces de la Ciudad\u201d, durante una nota realizada por el periodista Jorge G\u00f3mez, la Prof. Bernab\u00e9 se\u00f1al\u00f3 este mi\u00e9rcoles que \u201choy empieza para nuestro instituto un evento muy importante que ya lleva 13 a\u00f1os, surgi\u00f3 en sus inicios como una inquietud de los estudiantes de dar a conocer con el resto de la comunidad educativa y la ciudad en su conjunto, todo lo que se produce y se trabaja en las aulas de nuestra carrera\u201d.<\/p>\n<p>La tem\u00e1tica especial de esta edici\u00f3n, tendr\u00e1 que ver con los 40 a\u00f1os de la Democracia, y as\u00ed lo dio a conocer Carolina. \u201cCon los 40 a\u00f1os ininterrumpidos de la Democracia nos parec\u00eda importante resaltar y darle ese enfoque a las jornadas, entendiendo a los institutos de Formaci\u00f3n Docente como espacios de democratizaci\u00f3n\u201d.<\/p>\n<p>Finalmente, inform\u00f3 que \u201carranca a las 18 con un panel inaugural con los estudiantes del 4\u00ba A\u00f1o del Profesorado de Historia que ya est\u00e1n terminando su carrera, y dicho panel tratar\u00e1 sobre el an\u00e1lisis de los 40 a\u00f1os ininterrumpidos de Democracia\u201d, para concluir que el evento \u201cest\u00e1 divido en bloques y tenemos espacios en simult\u00e1neo donde las seis carreras de la instituci\u00f3n (Historia, Geograf\u00eda, Matem\u00e1tica, Ingl\u00e9s, Lengua y Literatura y Biolog\u00eda) estar\u00e1n participando, y a su vez contaremos con estudiantes del Instituto N\u00ba 31 y de la Universidad Nacional de Mar del Plata\u201d.<\/p>\n<p>El Instituto terciario N\u00ba 163, vale recordarse, funciona en la Unidad Acad\u00e9mica \u201cJos\u00e9 Manuel Estrada\u201d, en el hist\u00f3rico edifico del Colegio Nacional, en calle 57 entre 58 y 60.<\/p>\n<p><strong>Cronograma de las XIII Jornadas de Investigaci\u00f3n de Estudiantes del Nivel Superior<\/strong><\/p>\n<p><strong>Miercoles jueves y viernes<\/strong><\/p>\n<p><strong>CRONOGRAMA DE ACTIVIDADES Y ESPACIOS<\/strong><\/p>\n<p>Mi\u00e9rcoles 4 de octubre de 2023<\/p>\n<p>\u201c40 a\u00f1os de Democracia\u201d<\/p>\n<p>Espacio 1: BIBLIOTECA<\/p>\n<p>18:00 Apertura de las XIII Jornadas de Investigaci\u00f3n de Estudiantes del Nivel Superior<\/p>\n<p>BLOQUE I:<\/p>\n<p>18:10 a 19:00 Coloquio de apertura: \u201cUna mirada hist\u00f3rica a 40 a\u00f1os de la vuelta a la Democracia. Reflexiones sobre avances, retrocesos y nuevos desaf\u00edos\u201d Autores: Acu\u00f1a Iriel, Batillier Jerem\u00edas, Ben\u00edtez Elizabeth, Flor Garramone Nicol\u00e1s, Granata Nicol\u00e1s, Pintos Natalia. (4\u00b0 a\u00f1o Profesorado de Historia) Docente orientadora: Mar\u00eda Elisa Gregorio.<\/p>\n<p>19:00 a 19:20 \u201cEl rol de la Iglesia en la escalada de violencia en la Argentina\u201d Autor: Franco Dav\u00edd Gussoni Maripan (4\u00ba a\u00f1o Historia) Docente orientador: Ariel Gamboa.<\/p>\n<p>19:20 a 19:40 \u201cMatrices societales en Am\u00e9rica Latina. Las Comunidades Ind\u00edgenas y su trascendencia.\u201d Integrantes: Escanciano Anah\u00ed; Heim Zulma In\u00e9s; Marrone Francisco; Pittarello Claudia Angelina; Ram\u00edrez Chiara Macarena Soledad; Reynoso Juan Esteban. (2\u00b0a\u00f1o Profesorado de Geograf\u00eda) Docente orientador: Juli\u00e1n Loguercio<\/p>\n<p>19:40 a 20:00 \u201cEl caso de un submarino U-Boote en las costas quequenenses. Problemas de investigaci\u00f3n exploratoria\u201d Autor: Chiri, Nicol\u00e1s. (4\u00ba a\u00f1o. Profesorado de Historia) Profesora Orientadora: Mar\u00eda Elisa Gregorio.<\/p>\n<p>RECESO.<\/p>\n<p>BLOQUE II<\/p>\n<p>20:15 a 20:40 \u201cProyecto \u201cPuro Hueso\u201d y articulaci\u00f3n con ISFD N\u00ba 163 \u201cJ. M. Estrada (Profesorados de Biolog\u00eda y Geograf\u00eda) y la EES N\u00ba 3 \u201cIslas Malvinas\u201d de Quequ\u00e9n\u201d. Alumnos integrantes Del Profesorado de Geograf\u00eda: Marrone, Francisco; Reynoso, Juan E.; Pittarello, Claudia A.; Heim, Zulma; Ramirez Chiara, Macarena S.; Escanciano, Anah\u00ed. Alumnos Del Profesorado de Biolog\u00eda: Bueno, Selene; Garc\u00eda, Milagros; Mendez, Selva. Docentes orientadoras: Barbara S. Caputto; Ricardo Guich\u00f3n; Ver\u00f3nica Ballester<\/p>\n<p>20:40 a 21:00 \u201cLa colectividad japonesa en Necochea. Entre la invisibilidad y el jard\u00edn japon\u00e9s.\u201d Autor: Federico Marioli. (4\u00b0a\u00f1o de Historia) Docente orientadora: Mar\u00eda Elisa Gregorio.<\/p>\n<p>21:00 a 21:20\u00a0 \u201cLa gesti\u00f3n de los residuos s\u00f3lidos urbanos en Lober\u00eda\u201d. Autores:Acu\u00f1a, Iriel; Barilatti, Jes\u00fas; Capandegui, Gabriel; Charra, Soledad; Domench, Lautaro; Dom\u00ednguez, Adriana; Laszuk, Oriana; Maurelli, Silvana; S\u00e1nchez, Aar\u00f3n (3\u00ba a\u00f1o Profesorado de Geograf\u00eda) Profesoras orientadoras: Misuraca, Mariana; Quesada, Silvia y Villanueba, Agustina.<\/p>\n<p>21:20 a 21:40 Populismos: debate historiogr\u00e1fico: Brasil, M\u00e9xico y Venezuela. Autoras: Agustina y Laura Llamb\u00ed. Docente orientadora: Pitencel, Marcela<\/p>\n<p>Espacio 2: SALA DE REUNIONES<\/p>\n<p>BLOQUE I:<\/p>\n<p>19:00 a 19:20 \u201cUna propuesta de reflexi\u00f3n gramatical para el aula de Pr\u00e1cticas del Lenguaje\u201d. Autoras: Sof\u00eda Cambiaso, Luc\u00eda Justo Ben\u00edtez, Martina Resnik. (2\u00ba a\u00f1o Profesorado de Lengua y Literatura). Docentes orientadoras: Claudia Monti y Natalia Rodr\u00edguez.<\/p>\n<p>19:20 a 19:40 \u201c\u00bfLA MUERTE DE MART\u00cdN FIERRO? Un an\u00e1lisis de las reescrituras de El guacho Mart\u00edn Fierro de Oscar Fari\u00f1a y El gran surub\u00ed de Pedro Mairal y Jorge Gonz\u00e1lez.\u201d Autoras: Fiamma Bartoli Posse, Ana Bordolli, Magal\u00ed Hemmingsen, Natalia Salvatierra. (4\u00b0 a\u00f1o Profesorado de Lengua y Literatura). Docente orientadora: Florencia Raffaghelli.<\/p>\n<p>19:40 a 20:00 \u201cPropuestas pedag\u00f3gicas desde la ESI de Cometierra de Dolores Reyes\u201d Integrantes: Rodr\u00edguez, Carolina; Casaburi, Nicol\u00e1s. (4\u00b0 a\u00f1o Profesorado de Lengua y Literatura). Docente orientadora: Marianela Carreras.<\/p>\n<p>RECESO<\/p>\n<p>BLOQUE II<\/p>\n<p>20:15 a 20:40 \u201cJuventud Trans en la ciudad de Necochea\u201d. Autores: Carla Gonz\u00e1lez, Paula Gazzaniga, Mar\u00eda Jos\u00e9 Quiroga, L\u00eda Mingo. (Tecnicatura en Acompa\u00f1amiento Terap\u00e9utico ISFDyT N\u00ba31) Profesora orientadora: Susana Rodr\u00edguez.<\/p>\n<p>20:40 a 21:00 \u201cEutanasia y bio\u00e9tica\u201d. Autores: Jennifer Juliana D\u00edaz Auzmendi, Mar\u00eda Marta Giaccio, Leila Aylen J\u00e9rez, Yesica Martinez; Francisco Zazpe. (3\u00ba a\u00f1o Tecnicatura Superior en Acompa\u00f1amiento Terap\u00e9utico \u2013 ISFDyT N\u00b031) Docente Orientadora: Susana Rodr\u00edguez.<\/p>\n<p>21:00 a 21:20 El maltrato infantil y las intervenciones de los centros de atenci\u00f3n primaria en la salud de Necochea\u201d Integrantes: Bascu\u00f1an Silvina. Garc\u00eda Leonardo. Laterza, F\u00e1tima. Scampini Ascone, Roc\u00edo. (3\u00b0 a\u00f1o Tecnicatura Superior en Acompa\u00f1amiento Terap\u00e9utico &#8211; ISFDyT 31). Docente orientadora: Susana Rodr\u00edguez.<\/p>\n<p>Jueves 5 de octubre de 2023<\/p>\n<p>\u201cDesaf\u00edos de la democracia y nuevos lineamientos curriculares\u201d<\/p>\n<p>Espacio 1: BIBLIOTECA<\/p>\n<p>18:00 a 19:00 Apertura segunda jornada sobre ESI Lic. en Psicolog\u00eda Maite Heras.<\/p>\n<p>BLOQUE I:<\/p>\n<p>19:00 a 19:20 \u00abHerramientas para abordar los estigmas de la piel. Narrativa de experiencia sobre pr\u00e1ctica docente. Autores: : Couste, Victoria; Landeyro , Abigail; Meana, Alessandro; Pasino , Emmanuel. (4\u00b0 a\u00f1o Profesorado de Biolog\u00eda) Docentes orientadoras: Stella Maris Gonz\u00e1lez, Mar\u00eda Bel\u00e9n Lozano.<\/p>\n<p>19:20 a 19:40 \u201cESI y violencia en el \u00e1mbito educativo\u201d Autores: Bertelsen Iara, Cotado Julieta, De Andreotti Francisco, D\u00edaz Lukas, Duport Estefan\u00eda, Escudero Chiarella Jer\u00f3nimo, Far\u00edas Juan Pedro, Gargiulo Camila, Gorgojo Ezequiel, Petrelli Mariana, Roumec Daiana, Soto Gast\u00f3n, Willems Vera, Zamora Luc\u00eda (1\u00ba a\u00f1o Profesorado de Ingl\u00e9s). Profesoras orientadoras: Rojas Mar\u00eda de los \u00c1ngeles y Chovan Florencia<\/p>\n<p>19:40 a 20:00 \u201cPropuesta Institucional ESI en la escuela: Departamento de ESI\u201d Expositores: Ponce M\u00f3nica y Fesler Georgina (EES N\u00b08 \u2013 EES N\u00b01)<\/p>\n<p>RECESO<\/p>\n<p>BLOQUE II:<\/p>\n<p>20:15 a 20:30 \u201cSalud sexual: \u00bfQu\u00e9 sabemos las y los necochenses?\u201d Autores: Campo Milagros, Pardo Martina, Tolba\u00f1os Lautaro. (3\u00b0 a\u00f1o Profesorado de Biolog\u00eda) Docente orientadora: Rada Natalia<\/p>\n<p>20:30 a 21:00\u00a0 \u201cAbordaje de la ESI en Matem\u00e1tica. Propuestas para llevar al aula\u201d. Autores: 2do y 4to a\u00f1o del profesorado de matem\u00e1tica de las asignaturas Did\u00e1ctica de Matem\u00e1tica I: Did\u00e1ctica y Curriculum, Did\u00e1ctica de la Matem\u00e1tica III: Investigaci\u00f3n de los Problemas de la Ense\u00f1anza y Ense\u00f1ar con Tecnolog\u00edas, a cargo de la Prof. Noem\u00ed Haponiuk.<\/p>\n<p>21:00 a 21:20\u201cEstrategias de abordaje frete a el Abuso Sexual Infantil, desde el contexto educativo\u201d. Integrantes: Gomes Yemas Ismael, Mart\u00ednez German, Romero Gonzalo, Voros Martina, Zelaya Agustina. (2\u00b0a\u00f1o Profesorado de Matem\u00e1ticas). Mar\u00eda de los \u00c1ngeles Rojas y Susana Rodr\u00edguez<\/p>\n<p>21:20 a 21:40 \u201cExperiencias educativas desde la ESI en el Profesorado de Historia.\u201c\u00a0 Autores: Klaus Iv\u00e1n Brost, Bruno Gerardi, Daniela Condal; Paula Butafouco, Pamela Gigena, Maximiliano Menna, Stefania Senesi.\u00a0 (1\u00ba a\u00f1o Profesorado de Historia). Profesora orientadora: Agostina Ruggero.<\/p>\n<p>ESPACIO 2: Sala de reuniones.<\/p>\n<p>BLOQUE I:<\/p>\n<p>19:00 a 19:20 \u201cMapeo colectivo\u201d Autores: &#8211; Agarzua Juan Ignacio, Amigo Mar\u00eda Micaela, Cabrera Celeste, Casado Mar\u00eda, Desposito Sandra,\u00a0 Di Nezio Ignacio, Doria Valenzuela Chantal, Esteban Juan Claudio, Gutierrez Felicitas, Meo Federico, Rodr\u00edguez La Pioggi Valentina,\u00a0 Silva Nadia (2\u00ba a\u00f1o Profesorado de Historia). Profesora orientadora: Mariana Misuraca<\/p>\n<p>19:20 a 19:40\u00a0 \u201cImaginarios Americanos. Algunas singularidades sobre el impacto de la conquista.\u201d Integrantes: Butafuoco Maria Paula. Condal Daniela. Gigena Pamela (1\u00b0 a\u00f1o Profesorado de Historia). Docente orientador: Pablo Martinez.<\/p>\n<p>19:40 a 20:00 \u00abPetroleras off-shore: una experiencia \u00e1ulica en el marco de la Educaci\u00f3n Ambiental Integral\u00bb, Autores: Autores: Campo Milagros, L\u00f3pez Fiama, Pardo Martina, Tolba\u00f1os Lautaro. (3\u00b0 a\u00f1o Profesorado de Biolog\u00eda) Docentes orientadores: Caputto B\u00e1rbara; Santiago Valtierra Juliana.<\/p>\n<p>RECESO<\/p>\n<p>BLOQUE II<\/p>\n<p>20:15 a 20:30 \u00bfECOLOG\u00cdA O ECOLOGISMO? Estudio de caso de la Margarita de las Barracas (Grindelia aegialitis): una especie amenazada de nuestra regi\u00f3n. Autora: Casado Elisabet (4\u00b0 a\u00f1o Profesorado de Biolog\u00eda). Docente tutor: Mat\u00edas Domench<\/p>\n<p>20:30 a 20:45 \u201cEl camalote (Eichhornia crassipes): un estudio de caso sobre su impacto y potencial en los ecosistemas acu\u00e1ticos.\u201d Autora: Miguens, Melina (4\u00b0 a\u00f1o Profesorado de Biolog\u00eda. Docente orientador: Mat\u00edas Domench (15\u2019)<\/p>\n<p>20:45 a 21:00 \u201cAvance de investigaci\u00f3n: An\u00e1lisis de enfermedades zoon\u00f3ticas en el distrito: de la percepci\u00f3n a la participaci\u00f3n\u201d. Autores: D\u00edaz Guillermo, Kentros Sof\u00eda, Pereyra Julieta, Salmena Noelia, San Mart\u00edn, Romina. (2\u00b0 a\u00f1o Tecnicatura Superior en Gesti\u00f3n Ambiental y Salud &#8211; ISFDyT N\u00b031) Docente orientador: Mat\u00edas Domench.<\/p>\n<p>21:00 a 21:20 \u201cExplorando el ADN mitocondrial: un viaje gen\u00e9tico a trav\u00e9s de la historia de Argentina.\u201d Autores: Landeyro, Abigail; Meana, Alessandro y Pasino, Emmanuel.(Profesorado de Biolog\u00eda) Docente acompa\u00f1ante: Carolina Garrido.<\/p>\n<p>Viernes 6 de octubre de 2023<\/p>\n<p>\u201cDerechos Humanos, educaci\u00f3n p\u00fablica y democracia\u201d<\/p>\n<p>Espacio 1: BIBLIOTECA<\/p>\n<p>18:00 a 19:00 Ponencia Democracia y Derechos Humanos. Mg. en Historia C\u00e9sar Rom\u00e1n (UNMDP)<\/p>\n<p>ESPACIO 1: BIBLIOTECA<\/p>\n<p>BLOQUE I:<\/p>\n<p>19:00 a 19:20: \u201cMirada Social de indicadores en la educaci\u00f3n argentina (2013-2023) Autores: Macarena Ram\u00edrez, Claudia Pittarelo, Francisco Marrone, Juan Reynoso, Anah\u00ed Escanciano, Zulma Heim. (2\u00ba a\u00f1o Profesorado de Geograf\u00eda). Docente orientadora: Agostina Ruggero<\/p>\n<p>19:20 a 19:40 Desvinculaci\u00f3n escolar\u201d. Integrantes: Garramone, Sof\u00eda; Navarro, Florencia; Roldan, Bel\u00e9n; Palacios, Nazarena. (2\u00b0a\u00f1o Profesorado de Matem\u00e1ticas). Docentes Orientadoras: Mar\u00eda de los \u00c1ngeles Rojas y Susana Rodr\u00edguez<\/p>\n<p>19:40 a 20:00 Proyectos de inclusi\u00f3n en las instituciones. Autores: Bravo Catalina, Castillo B\u00e1rbara, Paredes Samira, S\u00e1nchez Sof\u00eda, Palavecino Valentina. (2\u00b0 a\u00f1o profesorado de Lengua y Literatura) Docente tutora: Mar\u00eda de los \u00c1ngeles Rojas.<\/p>\n<p>Receso<\/p>\n<p>BLOQUE II:<\/p>\n<p>20:15 a 20:40 \u201cPruebas a la luz de las sobras: \u00bfBasura evolutiva?\u201d Socializaci\u00f3n de participaci\u00f3n en las A.C.T.E. Autoras: Bueno Selene Abril, Garc\u00eda Milagros Ariana, M\u00e9ndez Silva Lisette, L\u00f3pez Fiama Roc\u00edo. (2\u00b0 a\u00f1o Profesorado de Biolog\u00eda) Docente orientadora: B\u00e1rbara Solange Caputo.<\/p>\n<p>20:40 a 21:00 \u201cLa inclusi\u00f3n en la vida democr\u00e1tica de los j\u00f3venes en los centros de estudiantes\u201d Autores: Estela Escanciano, Eugenia Difranco, Franco Pereyra, Nahuel Garc\u00eda, Roc\u00edo Montero. (1\u00ba a\u00f1o Profesorado de Lengua y Literatura) Docente orientadora: Mar\u00eda de los \u00c1ngeles Rojas.<\/p>\n<p>21:00 a 21:20 \u201cEducaci\u00f3n para la comunidad: Aprendizaje-servicio en los institutos de formaci\u00f3n docente\u201d. Elisabet, Casado y Melina Miguens.\u00a0 Docente orientador: Giaccio, Gabriel<\/p>\n<p>21:20 a 21:40 \u201cVer para aprender: La observaci\u00f3n como experiencia\u201d Autores: Escanciano, Anah\u00ed &#8211; Heim, Zulma &#8211; Marrone, Francisco &#8211; Pittarello,<\/p>\n<p>Claudia &#8211; Ram\u00edrez, Macarena &#8211; Reynoso, Juan.. Docentes: Quesada, Silvia; Solay, Lorena<\/p>\n<p>Espacio 2: SALA DE REUNIONES.<\/p>\n<p>BLOQUE I.<\/p>\n<p>19:00 a 19:20 \u201cLa inclusi\u00f3n educativa desde la perspectiva de la obligatoriedad de la escuela secundaria en el marco de las Leyes educativas vigentes y su recepci\u00f3n por parte de los docentes en la ciudad de Necochea: Avances y retrocesos.\u201d Autores: B\u00e9rtole Sebasti\u00e1n, Ferro Andrea, Sotelo Daiana, Sotelo Nahir. (1\u00b0 a\u00f1o Profesorado de Lengua y Literatura) Docente orientadora: Rojas, Mar\u00eda de los \u00c1ngeles<\/p>\n<p>19:20 a 19:40 \u201cLos profes de secundaria son v\u00edctimas de violencia\u201d Autor: Ram\u00f3n Antorio Romero (Profesorado de Lengua y Literatura) Docente orientador: Giaccio, Gabriel<\/p>\n<p>19:40 a 20:00 \u201cPropuestas pedag\u00f3gicas heterog\u00e9neas: pr\u00e1cticas desde la ESI\u201d Autores: Cabrera Celeste, Rodr\u00edguez La Pioggi Valentina, Amigo Micaela, Doria Chantal, Esteban Juan Claudio, Silva Nadia, Casado Mar\u00eda. (2\u00b0 a\u00f1o Profesorado de Historia) Docentes orientadores: Romina Moreschi, Mat\u00edas Rui.<\/p>\n<p>Receso<\/p>\n<p>BLOQUE II.<\/p>\n<p>20:10 a 20:30 \u201cNuevo modelo pedag\u00f3gico para comprender procesos de ense\u00f1anza-aprendizaje desde una perspectiva innovadora\u201d Autora: Prof. Ortolani Del Castello, Melanie.<\/p>\n<p>20:30 a 20:50 \u201cEntre lo anal\u00f3gico y la digitalizaci\u00f3n de la vida cotidiana: una aproximaci\u00f3n a las subjetividades \u00bfm\u00e1s democr\u00e1ticas y activas? de los\/as estudiantes del Nivel Superior.\u201d Expositores: Ayl\u00e9n Rusos Decundo, Escobar Cristian, Bruno Gerardi (1\u00b0 a\u00f1o Profesorados de Biolog\u00eda, Historia y Geograf\u00eda) Docente orientadora: Milagros Chiochetti<\/p>\n<p>20:50 a 21:10 \u201cRe-cre\u00d8Ar. Pausa creativa para re significar espacios y tiempos institucionales.\u201d Autores: Irene Delia (Profesorado de Educaci\u00f3n F\u00edsica &#8211; ISFDyT N\u00b031) Pamela Montero (Profesorado de Educaci\u00f3n Primaria- ISFDyT N\u00b031) Delfina Rodriguez Berri (Profesorado de Educaci\u00f3n Inicial &#8211; ISFDyT N\u00b031). Docente orientador: Mat\u00edas Ca\u00f1ueto.<\/p>\n<p>21:10 a 21:30 \u201cImplicancias de conocer a nuestros\/as estudiantes. Algunas discusiones acerca de viejas y nuevas desigualdades en el ingreso a la formaci\u00f3n docente. El caso de los\/as ingresantes al ISFDyT n\u00b0 31 de Necochea\u201d. Autores: Silvana Bonat (Profesorado de Educaci\u00f3n Primaria &#8211; ISFDyT N\u00b031) y Prof. Mat\u00edas Ca\u00f1ueto (ISFDyT N\u00b031 &#8211; ISFD N\u00b0163<\/p>\n","protected":false},"excerpt":{"rendered":"<p>La regente de la instituci\u00f3n que funciona en el Colegio Nacional,\u00a0 Carolina Bernab\u00e9, dio detalles de esta 13\u00aa edici\u00f3n de las jornadas donde participan tambi\u00e9n instituciones afines de la ciudad y la regi\u00f3n. En \u201cVoces de la Ciudad\u201d, durante una nota realizada por el periodista Jorge G\u00f3mez, la Prof. Bernab\u00e9 se\u00f1al\u00f3 este mi\u00e9rcoles que \u201choy [&hellip;]<\/p>\n","protected":false},"author":3,"featured_media":103916,"comment_status":"open","ping_status":"open","sticky":false,"template":"","format":"standard","meta":{"footnotes":""},"categories":[3],"tags":[],"class_list":["post-103915","post","type-post","status-publish","format-standard","has-post-thumbnail","category-masnoticias"],"_links":{"self":[{"href":"https:\/\/primicias2262.com\/noticias\/wp-json\/wp\/v2\/posts\/103915","targetHints":{"allow":["GET"]}}],"collection":[{"href":"https:\/\/primicias2262.com\/noticias\/wp-json\/wp\/v2\/posts"}],"about":[{"href":"https:\/\/primicias2262.com\/noticias\/wp-json\/wp\/v2\/types\/post"}],"author":[{"embeddable":true,"href":"https:\/\/primicias2262.com\/noticias\/wp-json\/wp\/v2\/users\/3"}],"replies":[{"embeddable":true,"href":"https:\/\/primicias2262.com\/noticias\/wp-json\/wp\/v2\/comments?post=103915"}],"version-history":[{"count":1,"href":"https:\/\/primicias2262.com\/noticias\/wp-json\/wp\/v2\/posts\/103915\/revisions"}],"predecessor-version":[{"id":103917,"href":"https:\/\/primicias2262.com\/noticias\/wp-json\/wp\/v2\/posts\/103915\/revisions\/103917"}],"wp:featuredmedia":[{"embeddable":true,"href":"https:\/\/primicias2262.com\/noticias\/wp-json\/wp\/v2\/media\/103916"}],"wp:attachment":[{"href":"https:\/\/primicias2262.com\/noticias\/wp-json\/wp\/v2\/media?parent=103915"}],"wp:term":[{"taxonomy":"category","embeddable":true,"href":"https:\/\/primicias2262.com\/noticias\/wp-json\/wp\/v2\/categories?post=103915"},{"taxonomy":"post_tag","embeddable":true,"href":"https:\/\/primicias2262.com\/noticias\/wp-json\/wp\/v2\/tags?post=103915"}],"curies":[{"name":"wp","href":"https:\/\/api.w.org\/{rel}","templated":true}]}}