{"id":103918,"date":"2023-10-04T16:58:59","date_gmt":"2023-10-04T16:58:59","guid":{"rendered":"https:\/\/primicias2262.com\/noticias\/?p=103918"},"modified":"2023-10-06T16:49:40","modified_gmt":"2023-10-06T16:49:40","slug":"mas-de-200-cantantes-corales-se-presentaran-en-la-27a-coraliada-de-necochea","status":"publish","type":"post","link":"https:\/\/primicias2262.com\/noticias\/mas-de-200-cantantes-corales-se-presentaran-en-la-27a-coraliada-de-necochea\/","title":{"rendered":"M\u00e1s de 200 cantantes corales se presentar\u00e1n en la 27\u00aa Coraliada de Necochea"},"content":{"rendered":"<p><strong>Con la organizaci\u00f3n del Coro Alta Mira, desde este jueves 5 al s\u00e1bado 7 se realizar\u00e1 una nueva edici\u00f3n del Encuentro Internacional de Coros.<\/strong><\/p>\n<p>Con la presencia de grupos corales de distintos puntos de la regi\u00f3n y la provincia, el Coro Alta Mira llevar\u00e1 adelante desde este jueves hasta el s\u00e1bado 7 por la noche, la 27\u00aa edici\u00f3n de la Coraliada y \u201cEncuentro Internacional de Coros\u201d, y por ello, el periodista Jorge G\u00f3mez entrevist\u00f3 al director del Coro Alta Mira, Roberto Goldar.<\/p>\n<p>En la v\u00edspera de la Coraliada, Goldar expres\u00f3 que \u201ceste a\u00f1o se viene con una connotaci\u00f3n especial porque hace cuatro a\u00f1os que no hacemos la coraliada en este formato, ya que nos agarr\u00f3 la pandemia en 2020 y 2021; y el a\u00f1o pasado hicimos una peque\u00f1a encuentro zonal para no perder nuestra fecha y nuestro lugar, as\u00ed que desde 2019 no lo hacemos en este formato y a m\u00ed me emociona el hecho de volver a tener otras vez los coros en Necochea, la gente que viene en los colectivos y le da un movimiento tur\u00edstico a la ciudad\u201d.<\/p>\n<p><a href=\"https:\/\/primicias2262.com\/noticias\/wp-content\/uploads\/2023\/09\/roberto-goldar.jpeg\"><img loading=\"lazy\" decoding=\"async\" class=\"aligncenter size-full wp-image-103715\" src=\"https:\/\/primicias2262.com\/noticias\/wp-content\/uploads\/2023\/09\/roberto-goldar.jpeg\" alt=\"\" width=\"1024\" height=\"768\" srcset=\"https:\/\/primicias2262.com\/noticias\/wp-content\/uploads\/2023\/09\/roberto-goldar.jpeg 1024w, https:\/\/primicias2262.com\/noticias\/wp-content\/uploads\/2023\/09\/roberto-goldar-300x225.jpeg 300w, https:\/\/primicias2262.com\/noticias\/wp-content\/uploads\/2023\/09\/roberto-goldar-768x576.jpeg 768w, https:\/\/primicias2262.com\/noticias\/wp-content\/uploads\/2023\/09\/roberto-goldar-150x113.jpeg 150w, https:\/\/primicias2262.com\/noticias\/wp-content\/uploads\/2023\/09\/roberto-goldar-696x522.jpeg 696w\" sizes=\"auto, (max-width: 1024px) 100vw, 1024px\" \/><\/a>Ampli\u00f3 Roberto que habr\u00e1 unos 200 cantantes en esta edici\u00f3n, que tendr\u00e1 la particularidad de visitar instituciones educativas en puntos perif\u00e9ricos. \u201cEl viernes a la ma\u00f1ana algunos coros ir\u00e1n a cantar a algunas escuelas que no est\u00e1n cercanas a la zona Centro, como la Escuela N\u00ba 11 del Barrio Mataderos, a la Escuela N\u00ba 35 del Barrio Puerto y a la Secundaria de Villa Zabala\u201d, puntualiz\u00f3.<\/p>\n<p>En cuanto a la inauguraci\u00f3n, ser\u00e1 en la Iglesia Nuestra Se\u00f1ora de Lourdes, de la Villa Balnearia, en calle 6 entre 83 y 85, acerca de lo que argument\u00f3 que \u201cnos pareci\u00f3 muy bien hacer la apertura en la parroquia porque generalmente los integrantes de los coros que viajan llegan cansados de hacer muchos kil\u00f3metros y la ac\u00fastica de la iglesia les da otra sensaci\u00f3n\u201d.<\/p>\n<p>Finalmente, Goldar record\u00f3 que la entrada a los conciertos consistir\u00e1n solo en la donaci\u00f3n de un alimento que ser\u00e1 destinado a C\u00e1ritas y distintos comedores de Necochea, y record\u00f3 que el s\u00e1bado por la ma\u00f1ana har\u00e1n la tradicional batucada a las 11.30 por el centro de la ciudad y a las 21 el Concierto de Clausura en la Parroquia Santa Mar\u00eda del Carmen, donde cantar\u00e1n todos los coros juntos.<\/p>\n<p>Cronograma de la 27\u00aa Coraliada<\/p>\n<p>Jueves 5 | 20 hs | Parroquia Nuestra Se\u00f1ora de Lourdes<\/p>\n<p>Coro Alta Mira (Necochea \u2013 Bs. As.)<\/p>\n<p>Coral Cardales (Alto Cardales \u2013 Bs. As.)<\/p>\n<p>Coro Nesham\u00e1 (La Plata \u2013 Bs. As.)<\/p>\n<p>Coro A Redoblar (C.A.B.A.)<\/p>\n<p>Viernes 6 | 20 hs | Teatro Municipal Luis Sandrini<\/p>\n<p>Coral Cardales (Alto Los Cardelas \u2013 Bs. As.)<\/p>\n<p>Grupo Coral Matices (Azul \u2013 Bs. As.)<\/p>\n<p>Coro Nesham\u00e1 (La Plata \u2013 Bs. As.)<\/p>\n<p>Coral Henderson (Henderson \u2013 Bs. As.)<\/p>\n<p>Viernes 6 | 20 hs | Teatro Sociedad Espa\u00f1ola<\/p>\n<p>Coro Municipal Cantarte (Roque P\u00e9rez \u2013 Bs. As.)<\/p>\n<p>Coro Voces del Camino (La Plata \u2013 Bs. As.)<\/p>\n<p>Coro A Redoblar (C.A.B.A)<\/p>\n<p>S\u00e1bado 7 | 21 hs | Parroquia Santa Mar\u00eda del Carmen<\/p>\n<p>Coro Alta Mira (Necochea \u2013 Bs. As.)<\/p>\n<p>Coral Cardales (Alto Cardales \u2013 Bs. As.)<\/p>\n<p>Coral Henderson (Henderson \u2013 Bs. As.)<\/p>\n<p>Coro A Redoblar (C.A.B.A)<\/p>\n<p>Coro Municipal Cantarte (Roque P\u00e9rez \u2013 Bs. As.)<\/p>\n<p>Coro Nesham\u00e1 (La Plata \u2013 Bs. As.)<\/p>\n<p>Coro Voces del Camino (La Plata \u2013 Bs. As.)<\/p>\n<p>Grupo Coral Matices (Azul \u2013 Bs. As.)<\/p>\n","protected":false},"excerpt":{"rendered":"<p>Con la organizaci\u00f3n del Coro Alta Mira, desde este jueves 5 al s\u00e1bado 7 se realizar\u00e1 una nueva edici\u00f3n del Encuentro Internacional de Coros. Con la presencia de grupos corales de distintos puntos de la regi\u00f3n y la provincia, el Coro Alta Mira llevar\u00e1 adelante desde este jueves hasta el s\u00e1bado 7 por la noche, [&hellip;]<\/p>\n","protected":false},"author":3,"featured_media":103919,"comment_status":"open","ping_status":"open","sticky":false,"template":"","format":"standard","meta":{"footnotes":""},"categories":[3],"tags":[],"class_list":["post-103918","post","type-post","status-publish","format-standard","has-post-thumbnail","category-masnoticias"],"_links":{"self":[{"href":"https:\/\/primicias2262.com\/noticias\/wp-json\/wp\/v2\/posts\/103918","targetHints":{"allow":["GET"]}}],"collection":[{"href":"https:\/\/primicias2262.com\/noticias\/wp-json\/wp\/v2\/posts"}],"about":[{"href":"https:\/\/primicias2262.com\/noticias\/wp-json\/wp\/v2\/types\/post"}],"author":[{"embeddable":true,"href":"https:\/\/primicias2262.com\/noticias\/wp-json\/wp\/v2\/users\/3"}],"replies":[{"embeddable":true,"href":"https:\/\/primicias2262.com\/noticias\/wp-json\/wp\/v2\/comments?post=103918"}],"version-history":[{"count":2,"href":"https:\/\/primicias2262.com\/noticias\/wp-json\/wp\/v2\/posts\/103918\/revisions"}],"predecessor-version":[{"id":103952,"href":"https:\/\/primicias2262.com\/noticias\/wp-json\/wp\/v2\/posts\/103918\/revisions\/103952"}],"wp:featuredmedia":[{"embeddable":true,"href":"https:\/\/primicias2262.com\/noticias\/wp-json\/wp\/v2\/media\/103919"}],"wp:attachment":[{"href":"https:\/\/primicias2262.com\/noticias\/wp-json\/wp\/v2\/media?parent=103918"}],"wp:term":[{"taxonomy":"category","embeddable":true,"href":"https:\/\/primicias2262.com\/noticias\/wp-json\/wp\/v2\/categories?post=103918"},{"taxonomy":"post_tag","embeddable":true,"href":"https:\/\/primicias2262.com\/noticias\/wp-json\/wp\/v2\/tags?post=103918"}],"curies":[{"name":"wp","href":"https:\/\/api.w.org\/{rel}","templated":true}]}}