{"id":103922,"date":"2023-10-04T17:42:49","date_gmt":"2023-10-04T17:42:49","guid":{"rendered":"https:\/\/primicias2262.com\/noticias\/?p=103922"},"modified":"2023-10-06T13:55:06","modified_gmt":"2023-10-06T13:55:06","slug":"nosotros-somos-el-peronismo-puro-y-en-lo-local-por-supuesto-que-vamos-a-militar-por-arturo-rojas","status":"publish","type":"post","link":"https:\/\/primicias2262.com\/noticias\/nosotros-somos-el-peronismo-puro-y-en-lo-local-por-supuesto-que-vamos-a-militar-por-arturo-rojas\/","title":{"rendered":"\u201cNosotros somos el peronismo puro y en lo local por supuesto que vamos a militar por Arturo Rojas\u201d"},"content":{"rendered":"<p><strong>As\u00ed lo afirm\u00f3 el hist\u00f3rico dirigente peronista, Alberto Gonz\u00e1lez, quien conforma la mesa de conducci\u00f3n de la flamante Agrupaci\u00f3n Vecinal Uni\u00f3n Peronista, que impulsa la presidencia de Sergio Massa y la gobernaci\u00f3n de Axel Kicillof, pero a nivel local no apoya al presidente del Partido Justicialista y candidato a intendente, Marcelo Rivero, sino al actual jefe comunal y referente de Nueva Necochea, Arturo Rojas.<\/strong><\/p>\n<p>Ante la nota telef\u00f3nica realizada por el periodista Jorge G\u00f3mez en \u201cVoces de la Ciudad\u201d, Gonz\u00e1lez afirm\u00f3 que \u201cnosotros somos el peronismo puro que nos ense\u00f1aron Evita y Per\u00f3n, y no hablamos en nombre de ning\u00fan movimiento con historia, sino que somos militantes del movimiento hist\u00f3rico que es el peronismo puro, no somos paracaidistas de distintas organizaciones llamadas \u2018peronistas\u2019 que militan por una ONG o alg\u00fan cargo p\u00fablico, como por ejemplo acceder al Puerto\u201d.<\/p>\n<p>Insisti\u00f3 en que \u201csomos peronistas puros natos, no vamos por ning\u00fan cargo y de hecho, no somos candidatos, pero s\u00ed militamos la boleta de Sergio Massa y Axel Kicillof, y a nivel local ense\u00f1aremos a cortar la boleta, principalmente en Quequ\u00e9n\u201d, argumentando el dirigente de 74 a\u00f1os de edad que \u201cvamos a repartir la boleta y ense\u00f1ar a cortar a la gente, ya que hay dirigentes que no tienen la menor idea de lo que es la pol\u00edtica y han ganado por arrastre porque el 80% de la gente no sabe votar, de hecho mucha gente en el local llega a preguntarnos c\u00f3mo se corta la boleta y para qu\u00e9 se hace eso, y nosotros estamos para eso y para bregar ese peronismo puro\u201d.<\/p>\n<p><a href=\"https:\/\/primicias2262.com\/noticias\/wp-content\/uploads\/2023\/10\/alberto-gonzalez.jpg\"><img loading=\"lazy\" decoding=\"async\" class=\"alignleft size-medium wp-image-103924\" src=\"https:\/\/primicias2262.com\/noticias\/wp-content\/uploads\/2023\/10\/alberto-gonzalez-228x300.jpg\" alt=\"\" width=\"228\" height=\"300\" srcset=\"https:\/\/primicias2262.com\/noticias\/wp-content\/uploads\/2023\/10\/alberto-gonzalez-228x300.jpg 228w, https:\/\/primicias2262.com\/noticias\/wp-content\/uploads\/2023\/10\/alberto-gonzalez-150x197.jpg 150w, https:\/\/primicias2262.com\/noticias\/wp-content\/uploads\/2023\/10\/alberto-gonzalez.jpg 285w\" sizes=\"auto, (max-width: 228px) 100vw, 228px\" \/><\/a>En ese corte de boleta, Gonz\u00e1lez reafirm\u00f3 a favor de Rojas que \u201cvamos a militar a un vecinalista reconocido por la buena gesti\u00f3n que est\u00e1 llevando a cabo en el distrito, conversando con la gente y visitando los barrios, haciendo obras\u201d, recalcando por el contrario que \u201cno queremos a un improvisado, ni queremos que nos mientan, porque por mentir despu\u00e9s pierden todo\u201d.<\/p>\n<p>A nivel nacional, Gonz\u00e1lez asegur\u00f3 que \u201cvamos a militar por el peronismo para no dejar que gane el discurso del odio\u201d, y en lo local reafirm\u00f3 que \u201cArturo demostr\u00f3 desde su vecinalismo que se puede llevar adelante una gesti\u00f3n positiva con la Provincia para que la ciudad siga creciendo\u201d, para traer a memoria que \u201cagarr\u00f3 una papa caliente hace cuatro a\u00f1os en la ciudad, y no prometi\u00f3, dijo que ten\u00eda que emparejar los tantos, y creo que en esos cuatro a\u00f1os los emparej\u00f3 y pudo hacer algunas obras, se est\u00e1 viendo que la ciudad est\u00e1 dada vuelta y en el interior se ven obras tambi\u00e9n, as\u00ed que hay que darle la posibilidad por otros cuatro a\u00f1os\u201d.<\/p>\n<p>Recordando que est\u00e1n con el local partidario en 519 N\u00ba 2514, a media cuadra del Club Ministerio, coment\u00f3 que \u201csomos peronistas de distintas edades, y si bien hay que darle paso a la juventud, tambi\u00e9n tenemos militantes mayores\u2026 somos peronistas de la primera hora, los que sufrimos la Revoluci\u00f3n del \u201955 y los que le\u00edmos a Per\u00f3n\u2026 m\u00e1s de uno de estos que se llaman\u2019 peronistas\u2019 ahora no han le\u00eddo ni \u201cLa Raz\u00f3n de mi vida\u201d, pero nosotros s\u00ed sabemos toda la historia y por eso somos los puros, no somos ninguna disgregaci\u00f3n del peronismo\u201d.<\/p>\n<p>Finalmente, Gonz\u00e1lez le tir\u00f3 un palito al \u201cChelo\u201d Rivero sin mencionarlo, pero asegurando que \u201cQuequ\u00e9n es penonista pero est\u00e1 desilusionada y entonces hay que volver a las bases del peronismo, y creo que el discurso del odio y las chicanas no sirven, ni tampoco la foto\u2026 nosotros no salimos en ninguna foto ni vamos por ning\u00fan cargo&#8230; y el peronismo puro tiene que estar en la calle 70 y 61 pero no se est\u00e1n dando las cosas y ya en alg\u00fan momento estaremos ah\u00ed\u201d.<\/p>\n","protected":false},"excerpt":{"rendered":"<p>As\u00ed lo afirm\u00f3 el hist\u00f3rico dirigente peronista, Alberto Gonz\u00e1lez, quien conforma la mesa de conducci\u00f3n de la flamante Agrupaci\u00f3n Vecinal Uni\u00f3n Peronista, que impulsa la presidencia de Sergio Massa y la gobernaci\u00f3n de Axel Kicillof, pero a nivel local no apoya al presidente del Partido Justicialista y candidato a intendente, Marcelo Rivero, sino al actual [&hellip;]<\/p>\n","protected":false},"author":3,"featured_media":103923,"comment_status":"open","ping_status":"open","sticky":false,"template":"","format":"standard","meta":{"footnotes":""},"categories":[3],"tags":[],"class_list":["post-103922","post","type-post","status-publish","format-standard","has-post-thumbnail","category-masnoticias"],"_links":{"self":[{"href":"https:\/\/primicias2262.com\/noticias\/wp-json\/wp\/v2\/posts\/103922","targetHints":{"allow":["GET"]}}],"collection":[{"href":"https:\/\/primicias2262.com\/noticias\/wp-json\/wp\/v2\/posts"}],"about":[{"href":"https:\/\/primicias2262.com\/noticias\/wp-json\/wp\/v2\/types\/post"}],"author":[{"embeddable":true,"href":"https:\/\/primicias2262.com\/noticias\/wp-json\/wp\/v2\/users\/3"}],"replies":[{"embeddable":true,"href":"https:\/\/primicias2262.com\/noticias\/wp-json\/wp\/v2\/comments?post=103922"}],"version-history":[{"count":2,"href":"https:\/\/primicias2262.com\/noticias\/wp-json\/wp\/v2\/posts\/103922\/revisions"}],"predecessor-version":[{"id":103935,"href":"https:\/\/primicias2262.com\/noticias\/wp-json\/wp\/v2\/posts\/103922\/revisions\/103935"}],"wp:featuredmedia":[{"embeddable":true,"href":"https:\/\/primicias2262.com\/noticias\/wp-json\/wp\/v2\/media\/103923"}],"wp:attachment":[{"href":"https:\/\/primicias2262.com\/noticias\/wp-json\/wp\/v2\/media?parent=103922"}],"wp:term":[{"taxonomy":"category","embeddable":true,"href":"https:\/\/primicias2262.com\/noticias\/wp-json\/wp\/v2\/categories?post=103922"},{"taxonomy":"post_tag","embeddable":true,"href":"https:\/\/primicias2262.com\/noticias\/wp-json\/wp\/v2\/tags?post=103922"}],"curies":[{"name":"wp","href":"https:\/\/api.w.org\/{rel}","templated":true}]}}