{"id":103927,"date":"2023-10-04T17:47:51","date_gmt":"2023-10-04T17:47:51","guid":{"rendered":"https:\/\/primicias2262.com\/noticias\/?p=103927"},"modified":"2023-10-06T15:26:32","modified_gmt":"2023-10-06T15:26:32","slug":"trabajadores-de-la-uatre-piden-se-acepten-listas-de-candidatos-para-renovar-autoridades-de-seccionales","status":"publish","type":"post","link":"https:\/\/primicias2262.com\/noticias\/trabajadores-de-la-uatre-piden-se-acepten-listas-de-candidatos-para-renovar-autoridades-de-seccionales\/","title":{"rendered":"Trabajadores de la UATRE piden se acepten listas de candidatos para renovar autoridades de seccionales"},"content":{"rendered":"<p><strong>Por Jorge G\u00f3mez\u00a0\u00a0<\/strong><\/p>\n<p>Trabajadores de la UATRE de Necochea y Quequ\u00e9n, afiliados al gremio, reclaman y protestan en la ma\u00f1ana y en la siesta de este mi\u00e9rcoles 4 de octubre en el Ministerio de Trabajo de la Naci\u00f3n, en Capital Federal, pidiendo ser recibidos por autoridades de la instituci\u00f3n, ante la decisi\u00f3n de no haber sido aceptadas numerosas listas de candidatos a participar de la elecci\u00f3n de autoridades de la Seccionales -bolsas de trabajo-, entre ellas la local, N\u00ba 10 del gremio de trabajadores rurales -hist\u00f3rico lugar, de donde surgieron entre otros, el fallecido Ger\u00f3nimo Venegas-, decisi\u00f3n que adopt\u00f3 jornadas atr\u00e1s la junta electoral del sindicato, en un conflicto interno que se aguarda resuelva el aludido ministerio.<\/p>\n<p><strong>Foto y videos de la presencia de afiliados y dirigentes de nuestro medio en Buenos Aires.<\/strong><\/p>\n<div style=\"width: 696px;\" class=\"wp-video\"><video class=\"wp-video-shortcode\" id=\"video-103927-1\" width=\"696\" height=\"394\" preload=\"metadata\" controls=\"controls\"><source type=\"video\/mp4\" src=\"https:\/\/primicias2262.com\/noticias\/wp-content\/uploads\/2023\/10\/WhatsApp-Video-2023-10-04-at-2.16.41-PM.mp4?_=1\" \/><a href=\"https:\/\/primicias2262.com\/noticias\/wp-content\/uploads\/2023\/10\/WhatsApp-Video-2023-10-04-at-2.16.41-PM.mp4\">https:\/\/primicias2262.com\/noticias\/wp-content\/uploads\/2023\/10\/WhatsApp-Video-2023-10-04-at-2.16.41-PM.mp4<\/a><\/video><\/div>\n<p>Grupo encabezado por Eduardo Davico, candidato a secretario general de la seccional situada en el Barrio 6 Esquinas de Quequ\u00e9n, cuya lista hasta este momento no est\u00e1 en condiciones de tomar parte de este comicio de renovaci\u00f3n de la Seccional, el que est\u00e1 anunciado para el s\u00e1bado 7 de octubre pr\u00f3ximo.<\/p>\n<p>&nbsp;<\/p>\n","protected":false},"excerpt":{"rendered":"<p>Por Jorge G\u00f3mez\u00a0\u00a0 Trabajadores de la UATRE de Necochea y Quequ\u00e9n, afiliados al gremio, reclaman y protestan en la ma\u00f1ana y en la siesta de este mi\u00e9rcoles 4 de octubre en el Ministerio de Trabajo de la Naci\u00f3n, en Capital Federal, pidiendo ser recibidos por autoridades de la instituci\u00f3n, ante la decisi\u00f3n de no haber [&hellip;]<\/p>\n","protected":false},"author":3,"featured_media":103928,"comment_status":"open","ping_status":"open","sticky":false,"template":"","format":"standard","meta":{"footnotes":""},"categories":[3],"tags":[],"class_list":["post-103927","post","type-post","status-publish","format-standard","has-post-thumbnail","category-masnoticias"],"_links":{"self":[{"href":"https:\/\/primicias2262.com\/noticias\/wp-json\/wp\/v2\/posts\/103927","targetHints":{"allow":["GET"]}}],"collection":[{"href":"https:\/\/primicias2262.com\/noticias\/wp-json\/wp\/v2\/posts"}],"about":[{"href":"https:\/\/primicias2262.com\/noticias\/wp-json\/wp\/v2\/types\/post"}],"author":[{"embeddable":true,"href":"https:\/\/primicias2262.com\/noticias\/wp-json\/wp\/v2\/users\/3"}],"replies":[{"embeddable":true,"href":"https:\/\/primicias2262.com\/noticias\/wp-json\/wp\/v2\/comments?post=103927"}],"version-history":[{"count":2,"href":"https:\/\/primicias2262.com\/noticias\/wp-json\/wp\/v2\/posts\/103927\/revisions"}],"predecessor-version":[{"id":103945,"href":"https:\/\/primicias2262.com\/noticias\/wp-json\/wp\/v2\/posts\/103927\/revisions\/103945"}],"wp:featuredmedia":[{"embeddable":true,"href":"https:\/\/primicias2262.com\/noticias\/wp-json\/wp\/v2\/media\/103928"}],"wp:attachment":[{"href":"https:\/\/primicias2262.com\/noticias\/wp-json\/wp\/v2\/media?parent=103927"}],"wp:term":[{"taxonomy":"category","embeddable":true,"href":"https:\/\/primicias2262.com\/noticias\/wp-json\/wp\/v2\/categories?post=103927"},{"taxonomy":"post_tag","embeddable":true,"href":"https:\/\/primicias2262.com\/noticias\/wp-json\/wp\/v2\/tags?post=103927"}],"curies":[{"name":"wp","href":"https:\/\/api.w.org\/{rel}","templated":true}]}}