{"id":103932,"date":"2023-10-06T13:54:54","date_gmt":"2023-10-06T13:54:54","guid":{"rendered":"https:\/\/primicias2262.com\/noticias\/?p=103932"},"modified":"2023-10-09T15:58:36","modified_gmt":"2023-10-09T15:58:36","slug":"tenemos-un-equipo-armado-que-sabe-como-se-gobierna-y-lo-ha-demostrado","status":"publish","type":"post","link":"https:\/\/primicias2262.com\/noticias\/tenemos-un-equipo-armado-que-sabe-como-se-gobierna-y-lo-ha-demostrado\/","title":{"rendered":"\u201cTenemos un equipo armado que sabe c\u00f3mo se gobierna y lo ha demostrado\u201d"},"content":{"rendered":"<p><strong>As\u00ed lo valor\u00f3 la candidata a concejal de Nueva Necochea, Manuela Fittipaldi, quien actualmente es la directora de Relaciones P\u00fablicas e Institucionales de la comuna.<\/strong><\/p>\n<p>En su visita a \u201cVoces de la Ciudad\u201d, durante una nota realizada por el periodista Jorge G\u00f3mez, cuando se le pregunt\u00f3 por qu\u00e9 habr\u00eda que elegir otra vez al oficialismo para que guie los destinos de la ciudad, Manuela se\u00f1al\u00f3 que \u201cNueva Necochea est\u00e1 a la vista, puedo decir un mont\u00f3n de cosas y lo bueno es que lo que diga, la gente lo puede ver: la ciudad est\u00e1 mejor, tenemos un mont\u00f3n de proyectos y obras, tenemos un equipo armado que sabe c\u00f3mo se gobierna, y de hecho se ha demostrado, la gente se da cuenta y por supuesto agradecemos la confianza de la gente, que qued\u00f3 demostrada en las PASO\u201d.<\/p>\n<p>Fittipaldi asegur\u00f3 que \u201cdespu\u00e9s de esos resultados el mensaje que nos baj\u00f3 Arturo (Rojas) es \u2018ahora redoblamos el esfuerzo y el compromiso, ahora arrancamos el doble, salimos m\u00e1s horas a la calle y seguimos trabajando\u2019, y esto habla de que Arturo no nos permite conformarnos nunca, siempre nos exige m\u00e1s porque sabe que en el equipo estamos para m\u00e1s\u201d.<\/p>\n<p>Por ello, lejos de conformarse, la funcionaria reconoci\u00f3 que \u201csiempre tenemos cosas para hacer, en este gobierno entramos con un mont\u00f3n de ideas para llegar a una mejor ciudad, creo que hoy lo estamos consiguiendo y si bien falta much\u00edsimo tambi\u00e9n hay que entender que nosotros nos encontramos con una ciudad que no estaba en condiciones de seguir creciendo\u201d.<\/p>\n<p>Argument\u00f3 en tal sentido que \u201csi nosotros c\u00f3mo nos encontramos la ciudad nos aboc\u00e1bamos a asfaltar calles o hacer cosas nuevas sin siquiera mantener lo que hab\u00eda, no ten\u00eda sentido, porque si asfalto una calle alrededor de donde est\u00e1n todas las calles asfaltadas rotas, la gente va a empezar a transitar esa \u00fanica calle y no va a durar nada, entonces necesito sentar bases, reparar lo que tengo y en base a eso empiezo a crecer, y nosotros hicimos eso\u201d.<\/p>\n<p>En cuanto a este a\u00f1o de crisis econ\u00f3mica, ponder\u00f3 que \u201csi nosotros no ten\u00edamos el municipio ordenado como tenemos gracias a Arturo y Graciela Mamelucco (secretaria de Hacienda), este a\u00f1o hubiera sido terrible porque hay que recordar que el municipio al a\u00f1o en curso lo presupuesta el a\u00f1o anterior, y la l\u00f3gica se perdi\u00f3 con semejante proceso inflacionario, sin par\u00e1metros de nada\u201d<\/p>\n<p>Por ende, \u201cahora el desaf\u00edo se renueva\u201d, se\u00f1al\u00f3 Fittipaldi, describiendo a continuaci\u00f3n la relaci\u00f3n de primera mano con los vecinos. \u201cCon esto de la Oficina M\u00f3vil estamos en los barrios hace dos a\u00f1os, no es que aparecimos ahora en \u00e9poca electoral, yo formo parte de la organizaci\u00f3n de la Oficina M\u00f3vil, he estado en todas y lo que veo y admiro es que todo el mundo que llega es atendido y se va con una respuesta, siempre con la verdad y empatizando con el otro, entendiendo que lo que viene a plantear y manifiesta, es importante\u201d.<\/p>\n<p>En tanto, a t\u00edtulo personal cont\u00f3 que \u201cnunca me imagin\u00e9 hacer carrera en pol\u00edtica, yo trabajaba en el Neuropsiqui\u00e1trico, que te lleva a empatizar y trabajar mucho socialmente con la gente y ten\u00e9s un manejo de lo que es la burocracia, y al principio fui reticente a participar ya que era muy renegada de la pol\u00edtica\u2026 no la entend\u00eda porque desde casa siempre es m\u00e1s f\u00e1cil hablar, pero me decid\u00ed accionar en pol\u00edtica por mis hijos\u201d.<\/p>\n<p>Ampli\u00f3 al respecto que \u201cviv\u00eda rezongando los \u00faltimos cuatro a\u00f1os, antes de que entr\u00e1ramos nosotros ten\u00eda compa\u00f1eras trabajando en el municipio \u00a0que la estaban pasando mal porque cobraban el sueldo en cuotas y estaba muy enojada, yo hab\u00eda elegido formar mi familia ac\u00e1 y no me pod\u00eda quedar sentada rezongando cuando me estaban dando la posibilidad de accionar, as\u00ed que me met\u00ed, pude romper con los estigmas y empezar a verlo desde adentro\u201d.<\/p>\n","protected":false},"excerpt":{"rendered":"<p>As\u00ed lo valor\u00f3 la candidata a concejal de Nueva Necochea, Manuela Fittipaldi, quien actualmente es la directora de Relaciones P\u00fablicas e Institucionales de la comuna. En su visita a \u201cVoces de la Ciudad\u201d, durante una nota realizada por el periodista Jorge G\u00f3mez, cuando se le pregunt\u00f3 por qu\u00e9 habr\u00eda que elegir otra vez al oficialismo [&hellip;]<\/p>\n","protected":false},"author":3,"featured_media":103933,"comment_status":"open","ping_status":"open","sticky":false,"template":"","format":"standard","meta":{"footnotes":""},"categories":[3],"tags":[],"class_list":["post-103932","post","type-post","status-publish","format-standard","has-post-thumbnail","category-masnoticias"],"_links":{"self":[{"href":"https:\/\/primicias2262.com\/noticias\/wp-json\/wp\/v2\/posts\/103932","targetHints":{"allow":["GET"]}}],"collection":[{"href":"https:\/\/primicias2262.com\/noticias\/wp-json\/wp\/v2\/posts"}],"about":[{"href":"https:\/\/primicias2262.com\/noticias\/wp-json\/wp\/v2\/types\/post"}],"author":[{"embeddable":true,"href":"https:\/\/primicias2262.com\/noticias\/wp-json\/wp\/v2\/users\/3"}],"replies":[{"embeddable":true,"href":"https:\/\/primicias2262.com\/noticias\/wp-json\/wp\/v2\/comments?post=103932"}],"version-history":[{"count":1,"href":"https:\/\/primicias2262.com\/noticias\/wp-json\/wp\/v2\/posts\/103932\/revisions"}],"predecessor-version":[{"id":103934,"href":"https:\/\/primicias2262.com\/noticias\/wp-json\/wp\/v2\/posts\/103932\/revisions\/103934"}],"wp:featuredmedia":[{"embeddable":true,"href":"https:\/\/primicias2262.com\/noticias\/wp-json\/wp\/v2\/media\/103933"}],"wp:attachment":[{"href":"https:\/\/primicias2262.com\/noticias\/wp-json\/wp\/v2\/media?parent=103932"}],"wp:term":[{"taxonomy":"category","embeddable":true,"href":"https:\/\/primicias2262.com\/noticias\/wp-json\/wp\/v2\/categories?post=103932"},{"taxonomy":"post_tag","embeddable":true,"href":"https:\/\/primicias2262.com\/noticias\/wp-json\/wp\/v2\/tags?post=103932"}],"curies":[{"name":"wp","href":"https:\/\/api.w.org\/{rel}","templated":true}]}}