{"id":103936,"date":"2023-10-07T14:30:34","date_gmt":"2023-10-07T14:30:34","guid":{"rendered":"https:\/\/primicias2262.com\/noticias\/?p=103936"},"modified":"2023-10-09T17:16:56","modified_gmt":"2023-10-09T17:16:56","slug":"a-partir-de-los-ultimos-cuatro-anos-estamos-recuperando-compromiso-y-sentido-de-pertenencia-por-necochea","status":"publish","type":"post","link":"https:\/\/primicias2262.com\/noticias\/a-partir-de-los-ultimos-cuatro-anos-estamos-recuperando-compromiso-y-sentido-de-pertenencia-por-necochea\/","title":{"rendered":"\u201cA partir de los \u00faltimos cuatro a\u00f1os estamos recuperando compromiso y sentido de pertenencia por Necochea\u201d"},"content":{"rendered":"<p><strong>As\u00ed lo manifest\u00f3 el concejal de Nueva Necochea, Bartolom\u00e9 Zubillaga, quien dijo que ambas cosas se hab\u00edan perdido hace tiempo en la ciudad.<\/strong><\/p>\n<p>Durante una nota realizada por el periodista Jorge G\u00f3mez en \u201cVoces de la Ciudad\u201d, el Licenciado Bartolom\u00e9 Zubillaga hizo un an\u00e1lisis pre electoral y econ\u00f3mico, asegurando respecto a lo primero que \u201ctodav\u00eda no est\u00e1 ganada la elecci\u00f3n, reci\u00e9n lo vamos a saber el \u00a0domingo 22 a la noche y hay que ver la magnitud, porque ac\u00e1 por supuesto es importante que se renueve lo de Arturo (Rojas) pero adem\u00e1s la cantidad de concejales que podamos meter para poder continuar con los cambios y reformas, y para enfrentar una situaci\u00f3n que va a ser compleja\u201d.<\/p>\n<p>Hablando de complejidades, record\u00f3 que \u201cal haber asumido en 2019 ah\u00ed nom\u00e1s tuvimos los dos primeros a\u00f1os de pandemia y los \u00faltimos dos a\u00f1os la otra pandemia que es la econ\u00f3mica, que nos tiene a maltraer y as\u00ed y todo seguimos manteniendo los pagos al personal y las obras, aunque es indudable que falta mucho para hacer\u201d.<\/p>\n<p>En ese aspecto, Zubillaga recalc\u00f3 que \u201cen Necochea est\u00e1bamos de rodillas, nos levantamos y empezamos a caminar a pesar de la pandemia y las cuestiones econ\u00f3micas, y a pesar de no tener el mismo color pol\u00edtico que aparentemente hubiera sido un problema mayor y no lo fue tanto por las dotes de negociaci\u00f3n que tiene Arturo y su equipo, pero hay mucho m\u00e1s para hacer y la verdad no nos toc\u00f3 la mejor \u00e9poca para plantear otro tipo de cosas\u201d.<\/p>\n<p>Por ejemplo, se\u00f1al\u00f3 el tema de Puerto Quequ\u00e9n, \u201cel cual es muy pujante pero tendr\u00eda que estar mucho m\u00e1s desarrollado, como el de Bah\u00eda Blanca, que crece todos los a\u00f1os porque todos los poderes trabajan en funci\u00f3n de ello: el pol\u00edtico, el sindical y el privado, con un mismo objetivo, y coordinar ese tipo de esfuerzo ac\u00e1 es un tema pendiente\u201d.<\/p>\n<p>Asimismo, remarc\u00f3 que \u201cfalta compromiso y sentido de pertenencia en la ciudad, dos situaciones que a partir de los \u00faltimos cuatro a\u00f1os nosotros hemos intentado motivar y generar, y c\u00f3mo se fue generando eso: cuando se ve que una administraci\u00f3n municipal v\u00eda tasas utiliza los recursos de forma coherente y utiliza mucho la imaginaci\u00f3n para hacer las cosas, porque no todo es dinero\u201d.<\/p>\n<p>\u201cEllo sirvi\u00f3 para motivar a una sociedad adormecida y demostrarle que hay otro camino que se empez\u00f3 a transitar y necesita m\u00e1s tiempo y proceso para hacer las cosas. Cualquier ciudad de la que nos rodea no lleg\u00f3 a lo que lleg\u00f3 de un d\u00eda para otro, as\u00ed que no tenemos que caernos en cantos de sirenas y pensar en Necochea\u2026 no es ego\u00edsta, es realista, y tenemos que tener un sentido de pertenencia\u201d.<\/p>\n<p>No obstante, no soslay\u00f3 que \u201chay que entender que Necochea est\u00e1 dentro de Argentina, un pa\u00eds que va a sufrir una serie de transformaciones gane quien gane por la necesidad que tiene de empezar a despegar y empezar a cumplir con todas sus obligaciones hacia el exterior, por eso creo que va a ser muy dif\u00edcil el a\u00f1o que viene\u201d.<\/p>\n<p>Incluso, asegur\u00f3 que estamos en un escenario de hiperinflaci\u00f3n. \u201cEl dinero que ten\u00e9s no sirve para nada, nos pueden hacer creer que no estamos en hiperinflaci\u00f3n, pero la realidad nos muestra que s\u00ed, y es gracioso cuando ten\u00e9s varios analistas que te dicen que no es lo mismo que el 2001 porque los bancos est\u00e1n m\u00e1s fuertes, pero la verdad de la historia es que los bancos nunca estuvieron d\u00e9biles, ni en 2001 ni ahora\u201d.<\/p>\n","protected":false},"excerpt":{"rendered":"<p>As\u00ed lo manifest\u00f3 el concejal de Nueva Necochea, Bartolom\u00e9 Zubillaga, quien dijo que ambas cosas se hab\u00edan perdido hace tiempo en la ciudad. Durante una nota realizada por el periodista Jorge G\u00f3mez en \u201cVoces de la Ciudad\u201d, el Licenciado Bartolom\u00e9 Zubillaga hizo un an\u00e1lisis pre electoral y econ\u00f3mico, asegurando respecto a lo primero que \u201ctodav\u00eda [&hellip;]<\/p>\n","protected":false},"author":3,"featured_media":100497,"comment_status":"open","ping_status":"open","sticky":false,"template":"","format":"standard","meta":{"footnotes":""},"categories":[3],"tags":[],"class_list":["post-103936","post","type-post","status-publish","format-standard","has-post-thumbnail","category-masnoticias"],"_links":{"self":[{"href":"https:\/\/primicias2262.com\/noticias\/wp-json\/wp\/v2\/posts\/103936","targetHints":{"allow":["GET"]}}],"collection":[{"href":"https:\/\/primicias2262.com\/noticias\/wp-json\/wp\/v2\/posts"}],"about":[{"href":"https:\/\/primicias2262.com\/noticias\/wp-json\/wp\/v2\/types\/post"}],"author":[{"embeddable":true,"href":"https:\/\/primicias2262.com\/noticias\/wp-json\/wp\/v2\/users\/3"}],"replies":[{"embeddable":true,"href":"https:\/\/primicias2262.com\/noticias\/wp-json\/wp\/v2\/comments?post=103936"}],"version-history":[{"count":2,"href":"https:\/\/primicias2262.com\/noticias\/wp-json\/wp\/v2\/posts\/103936\/revisions"}],"predecessor-version":[{"id":103969,"href":"https:\/\/primicias2262.com\/noticias\/wp-json\/wp\/v2\/posts\/103936\/revisions\/103969"}],"wp:featuredmedia":[{"embeddable":true,"href":"https:\/\/primicias2262.com\/noticias\/wp-json\/wp\/v2\/media\/100497"}],"wp:attachment":[{"href":"https:\/\/primicias2262.com\/noticias\/wp-json\/wp\/v2\/media?parent=103936"}],"wp:term":[{"taxonomy":"category","embeddable":true,"href":"https:\/\/primicias2262.com\/noticias\/wp-json\/wp\/v2\/categories?post=103936"},{"taxonomy":"post_tag","embeddable":true,"href":"https:\/\/primicias2262.com\/noticias\/wp-json\/wp\/v2\/tags?post=103936"}],"curies":[{"name":"wp","href":"https:\/\/api.w.org\/{rel}","templated":true}]}}