{"id":103938,"date":"2023-10-06T14:54:56","date_gmt":"2023-10-06T14:54:56","guid":{"rendered":"https:\/\/primicias2262.com\/noticias\/?p=103938"},"modified":"2023-10-06T16:05:53","modified_gmt":"2023-10-06T16:05:53","slug":"asociacion-civil-fomento-por-la-salud-del-hospital-irurzun-gracias-a-dios-tenemos-mucha-colaboracion","status":"publish","type":"post","link":"https:\/\/primicias2262.com\/noticias\/asociacion-civil-fomento-por-la-salud-del-hospital-irurzun-gracias-a-dios-tenemos-mucha-colaboracion\/","title":{"rendered":"Asociaci\u00f3n Civil Fomento por la Salud del Hospital Irurzun: \u201cGracias a Dios tenemos mucha colaboraci\u00f3n\u201d"},"content":{"rendered":"<p><strong>As\u00ed lo expres\u00f3 en \u201cVoces de la Ciudad\u201d \u00a0el presidente de la cooperadora del Hospital Irurzun, Carlos Orcoyen, al frente de dicha instituci\u00f3n tras el fallecimiento de quien fuera el primer titular de la misma, Pascual Corapi.<\/strong><\/p>\n<p>A sus 80 a\u00f1os, Orcoyen preside la Asociaci\u00f3n Civil Fomento por la Salud del Hospital Irurzun, y si bien reconoce que todav\u00eda sienten mucho y se lo extra\u00f1a a Corapi, lo cierto es que hay que seguir. En tal sentido, expres\u00f3 en nota con el periodista Jorge G\u00f3mez que \u201cestoy muy agradecido con todo el grupo que se ha formado, todos trabajan, cada uno en su puesto\u201d.<\/p>\n<p>En cuanto a objetivos del corto plazo, enumer\u00f3 que \u201cestamos con tres proyectos de obra: una red de cloacas que se hace gracias a la Municipalidad para poder llegar a los ba\u00f1os del hospital; despu\u00e9s el \u201cChelo\u201d Marcelo Rivero nos regal\u00f3 un aire acondicionado, que era muy grande y lo cambiamos por dos m\u00e1s chicos para ubicarlos en las salas, trabajo que nos hacen gratis desde Ottonello; como as\u00ed el recambio de vidrios en el hospital\u201d.<\/p>\n<p><a href=\"https:\/\/primicias2262.com\/noticias\/wp-content\/uploads\/2023\/10\/htal-irurzun-cooperadora.jpg\"><img loading=\"lazy\" decoding=\"async\" class=\"aligncenter size-full wp-image-103939\" src=\"https:\/\/primicias2262.com\/noticias\/wp-content\/uploads\/2023\/10\/htal-irurzun-cooperadora.jpg\" alt=\"\" width=\"1134\" height=\"692\" srcset=\"https:\/\/primicias2262.com\/noticias\/wp-content\/uploads\/2023\/10\/htal-irurzun-cooperadora.jpg 1134w, https:\/\/primicias2262.com\/noticias\/wp-content\/uploads\/2023\/10\/htal-irurzun-cooperadora-300x183.jpg 300w, https:\/\/primicias2262.com\/noticias\/wp-content\/uploads\/2023\/10\/htal-irurzun-cooperadora-1024x625.jpg 1024w, https:\/\/primicias2262.com\/noticias\/wp-content\/uploads\/2023\/10\/htal-irurzun-cooperadora-768x469.jpg 768w, https:\/\/primicias2262.com\/noticias\/wp-content\/uploads\/2023\/10\/htal-irurzun-cooperadora-150x92.jpg 150w, https:\/\/primicias2262.com\/noticias\/wp-content\/uploads\/2023\/10\/htal-irurzun-cooperadora-696x425.jpg 696w, https:\/\/primicias2262.com\/noticias\/wp-content\/uploads\/2023\/10\/htal-irurzun-cooperadora-1068x652.jpg 1068w\" sizes=\"auto, (max-width: 1134px) 100vw, 1134px\" \/><\/a>En tren de agradecimientos, Orcoyen resalt\u00f3 \u201cal contador Leo Spaltro que nos hace todo gratis; como a la Escriban\u00eda Gonz\u00e1lez y a la Cooperadora del Hospital Ferreyra\u201d, acerca de lo que destac\u00f3 que \u201ctenemos muy buena relaci\u00f3n con Marta Rod\u00e1n y el Vaco Iriberri de la cooperadora de Necochea, que nos ayudan en cosas que nosotros ignor\u00e1bamos y lo que necesitemos ellos est\u00e1n a disposici\u00f3n\u201d.<\/p>\n<p>Fue all\u00ed cuando \u201cCarlitos\u201d valor\u00f3 que \u201cgracias a Dios tenemos mucha colaboraci\u00f3n y las cosas van saliendo. Hacerse socio de la instituci\u00f3n sale 500 pesos mensual y as\u00ed se colabora con el Hospital Irurzun\u201d.<\/p>\n<p><a href=\"https:\/\/primicias2262.com\/noticias\/wp-content\/uploads\/2023\/10\/carlos-orcoyen.jpeg\"><img loading=\"lazy\" decoding=\"async\" class=\"aligncenter size-full wp-image-103947\" src=\"https:\/\/primicias2262.com\/noticias\/wp-content\/uploads\/2023\/10\/carlos-orcoyen.jpeg\" alt=\"\" width=\"1024\" height=\"768\" srcset=\"https:\/\/primicias2262.com\/noticias\/wp-content\/uploads\/2023\/10\/carlos-orcoyen.jpeg 1024w, https:\/\/primicias2262.com\/noticias\/wp-content\/uploads\/2023\/10\/carlos-orcoyen-300x225.jpeg 300w, https:\/\/primicias2262.com\/noticias\/wp-content\/uploads\/2023\/10\/carlos-orcoyen-768x576.jpeg 768w, https:\/\/primicias2262.com\/noticias\/wp-content\/uploads\/2023\/10\/carlos-orcoyen-150x113.jpeg 150w, https:\/\/primicias2262.com\/noticias\/wp-content\/uploads\/2023\/10\/carlos-orcoyen-696x522.jpeg 696w\" sizes=\"auto, (max-width: 1024px) 100vw, 1024px\" \/><\/a>Finalmente, se refiri\u00f3 a la parte comercial, ya que la hist\u00f3rica \u201cCasa Carlitos\u201d de materiales para la construcci\u00f3n tendr\u00e1 un 2024 especial. \u201cVamos a cumplir 50 a\u00f1os de actividad comercial con Casa Carlitos\u2026 empec\u00e9 con mi padre Ram\u00f3n el 22 de abril de 1974, ten\u00edamos un local alquilado y al poco tiempo Atilio Ricci nos ayud\u00f3 a comprar un terreno de mil metros\u201d.<\/p>\n","protected":false},"excerpt":{"rendered":"<p>As\u00ed lo expres\u00f3 en \u201cVoces de la Ciudad\u201d \u00a0el presidente de la cooperadora del Hospital Irurzun, Carlos Orcoyen, al frente de dicha instituci\u00f3n tras el fallecimiento de quien fuera el primer titular de la misma, Pascual Corapi. A sus 80 a\u00f1os, Orcoyen preside la Asociaci\u00f3n Civil Fomento por la Salud del Hospital Irurzun, y si [&hellip;]<\/p>\n","protected":false},"author":3,"featured_media":103940,"comment_status":"open","ping_status":"open","sticky":false,"template":"","format":"standard","meta":{"footnotes":""},"categories":[5],"tags":[],"class_list":{"0":"post-103938","1":"post","2":"type-post","3":"status-publish","4":"format-standard","5":"has-post-thumbnail","7":"category-neco"},"_links":{"self":[{"href":"https:\/\/primicias2262.com\/noticias\/wp-json\/wp\/v2\/posts\/103938","targetHints":{"allow":["GET"]}}],"collection":[{"href":"https:\/\/primicias2262.com\/noticias\/wp-json\/wp\/v2\/posts"}],"about":[{"href":"https:\/\/primicias2262.com\/noticias\/wp-json\/wp\/v2\/types\/post"}],"author":[{"embeddable":true,"href":"https:\/\/primicias2262.com\/noticias\/wp-json\/wp\/v2\/users\/3"}],"replies":[{"embeddable":true,"href":"https:\/\/primicias2262.com\/noticias\/wp-json\/wp\/v2\/comments?post=103938"}],"version-history":[{"count":3,"href":"https:\/\/primicias2262.com\/noticias\/wp-json\/wp\/v2\/posts\/103938\/revisions"}],"predecessor-version":[{"id":103948,"href":"https:\/\/primicias2262.com\/noticias\/wp-json\/wp\/v2\/posts\/103938\/revisions\/103948"}],"wp:featuredmedia":[{"embeddable":true,"href":"https:\/\/primicias2262.com\/noticias\/wp-json\/wp\/v2\/media\/103940"}],"wp:attachment":[{"href":"https:\/\/primicias2262.com\/noticias\/wp-json\/wp\/v2\/media?parent=103938"}],"wp:term":[{"taxonomy":"category","embeddable":true,"href":"https:\/\/primicias2262.com\/noticias\/wp-json\/wp\/v2\/categories?post=103938"},{"taxonomy":"post_tag","embeddable":true,"href":"https:\/\/primicias2262.com\/noticias\/wp-json\/wp\/v2\/tags?post=103938"}],"curies":[{"name":"wp","href":"https:\/\/api.w.org\/{rel}","templated":true}]}}