{"id":103949,"date":"2023-10-06T16:49:30","date_gmt":"2023-10-06T16:49:30","guid":{"rendered":"https:\/\/primicias2262.com\/noticias\/?p=103949"},"modified":"2023-10-06T16:49:30","modified_gmt":"2023-10-06T16:49:30","slug":"este-sabado-se-celebra-el-113o-aniversario-de-ramon-santamarina","status":"publish","type":"post","link":"https:\/\/primicias2262.com\/noticias\/este-sabado-se-celebra-el-113o-aniversario-de-ramon-santamarina\/","title":{"rendered":"Este s\u00e1bado se celebra el 113\u00ba Aniversario de Ram\u00f3n Santamarina"},"content":{"rendered":"<p><strong>Este s\u00e1bado 7 de octubre habr\u00e1 desfile protocolar, corte de la torta, desfile por las calles del pueblo y espect\u00e1culos.<\/strong><\/p>\n<p>El pasado lunes 2 de octubre la localidad de Ram\u00f3n Santamarina cumpli\u00f3 sus primeros 113 a\u00f1os de vida y los festejos de aniversario se concentrar\u00e1n este s\u00e1bado 7 con muchas actividades frente a la Delegaci\u00f3n Municipal, que est\u00e1 a cargo de Hugo Haag.<\/p>\n<p>En principio, el acto protocolar encabezado por el intendente Arturo Rojas, dar\u00e1 inicio a partir de las 16, al cual le seguir\u00e1n el corte de la torta de cumplea\u00f1os y el desfile tradicional por las calles del pueblo.<\/p>\n<p>En tanto, los festejos por el 113\u00ba Aniversario se completar\u00e1n con espect\u00e1culos musicales y art\u00edsticos en el escenario que estar\u00e1 emplazado sobre la calle 11 n\u00ba 687.<\/p>\n","protected":false},"excerpt":{"rendered":"<p>Este s\u00e1bado 7 de octubre habr\u00e1 desfile protocolar, corte de la torta, desfile por las calles del pueblo y espect\u00e1culos. El pasado lunes 2 de octubre la localidad de Ram\u00f3n Santamarina cumpli\u00f3 sus primeros 113 a\u00f1os de vida y los festejos de aniversario se concentrar\u00e1n este s\u00e1bado 7 con muchas actividades frente a la Delegaci\u00f3n [&hellip;]<\/p>\n","protected":false},"author":3,"featured_media":103950,"comment_status":"open","ping_status":"open","sticky":false,"template":"","format":"standard","meta":{"footnotes":""},"categories":[5],"tags":[],"class_list":{"0":"post-103949","1":"post","2":"type-post","3":"status-publish","4":"format-standard","5":"has-post-thumbnail","7":"category-neco"},"_links":{"self":[{"href":"https:\/\/primicias2262.com\/noticias\/wp-json\/wp\/v2\/posts\/103949","targetHints":{"allow":["GET"]}}],"collection":[{"href":"https:\/\/primicias2262.com\/noticias\/wp-json\/wp\/v2\/posts"}],"about":[{"href":"https:\/\/primicias2262.com\/noticias\/wp-json\/wp\/v2\/types\/post"}],"author":[{"embeddable":true,"href":"https:\/\/primicias2262.com\/noticias\/wp-json\/wp\/v2\/users\/3"}],"replies":[{"embeddable":true,"href":"https:\/\/primicias2262.com\/noticias\/wp-json\/wp\/v2\/comments?post=103949"}],"version-history":[{"count":1,"href":"https:\/\/primicias2262.com\/noticias\/wp-json\/wp\/v2\/posts\/103949\/revisions"}],"predecessor-version":[{"id":103951,"href":"https:\/\/primicias2262.com\/noticias\/wp-json\/wp\/v2\/posts\/103949\/revisions\/103951"}],"wp:featuredmedia":[{"embeddable":true,"href":"https:\/\/primicias2262.com\/noticias\/wp-json\/wp\/v2\/media\/103950"}],"wp:attachment":[{"href":"https:\/\/primicias2262.com\/noticias\/wp-json\/wp\/v2\/media?parent=103949"}],"wp:term":[{"taxonomy":"category","embeddable":true,"href":"https:\/\/primicias2262.com\/noticias\/wp-json\/wp\/v2\/categories?post=103949"},{"taxonomy":"post_tag","embeddable":true,"href":"https:\/\/primicias2262.com\/noticias\/wp-json\/wp\/v2\/tags?post=103949"}],"curies":[{"name":"wp","href":"https:\/\/api.w.org\/{rel}","templated":true}]}}