{"id":103953,"date":"2023-10-07T15:25:47","date_gmt":"2023-10-07T15:25:47","guid":{"rendered":"https:\/\/primicias2262.com\/noticias\/?p=103953"},"modified":"2023-10-06T17:27:28","modified_gmt":"2023-10-06T17:27:28","slug":"sociedad-espanola-nuevamente-anfitrion-del-patinaje-de-la-region","status":"publish","type":"post","link":"https:\/\/primicias2262.com\/noticias\/sociedad-espanola-nuevamente-anfitrion-del-patinaje-de-la-region\/","title":{"rendered":"Sociedad Espa\u00f1ola, nuevamente anfitri\u00f3n del patinaje de la regi\u00f3n"},"content":{"rendered":"<p><strong>El pasado fin de semana se disput\u00f3 en nuestra ciudad la 4\u00b0 fecha del campeonato de la Asociaci\u00f3n tandilense de pat\u00edn, organizado por el equipo Ave F\u00e9nix que representa a la Sociedad Espa\u00f1ola de Socorros Mutuos de nuestra ciudad.<\/strong><\/p>\n<p>El evento se desarroll\u00f3 durante los d\u00edas 30 de septiembre y 1 de octubre en las instalaciones del CEF N\u00b0 76 de Quequ\u00e9n, recibiendo a los m\u00e1s de 200 patinadores que forman parte de la ATP y un amplio marco de p\u00fablico acompa\u00f1ante.<\/p>\n<p><a href=\"https:\/\/primicias2262.com\/noticias\/wp-content\/uploads\/2023\/10\/patin-AT-fecha-neco.jpeg\"><img loading=\"lazy\" decoding=\"async\" class=\"aligncenter size-full wp-image-103954\" src=\"https:\/\/primicias2262.com\/noticias\/wp-content\/uploads\/2023\/10\/patin-AT-fecha-neco.jpeg\" alt=\"\" width=\"1500\" height=\"1000\" srcset=\"https:\/\/primicias2262.com\/noticias\/wp-content\/uploads\/2023\/10\/patin-AT-fecha-neco.jpeg 1500w, https:\/\/primicias2262.com\/noticias\/wp-content\/uploads\/2023\/10\/patin-AT-fecha-neco-300x200.jpeg 300w, https:\/\/primicias2262.com\/noticias\/wp-content\/uploads\/2023\/10\/patin-AT-fecha-neco-1024x683.jpeg 1024w, https:\/\/primicias2262.com\/noticias\/wp-content\/uploads\/2023\/10\/patin-AT-fecha-neco-768x512.jpeg 768w, https:\/\/primicias2262.com\/noticias\/wp-content\/uploads\/2023\/10\/patin-AT-fecha-neco-150x100.jpeg 150w, https:\/\/primicias2262.com\/noticias\/wp-content\/uploads\/2023\/10\/patin-AT-fecha-neco-696x464.jpeg 696w, https:\/\/primicias2262.com\/noticias\/wp-content\/uploads\/2023\/10\/patin-AT-fecha-neco-1068x712.jpeg 1068w\" sizes=\"auto, (max-width: 1500px) 100vw, 1500px\" \/><\/a>Los clubes participantes fueron<br \/>\n&#8211; Uni\u00f3n y progreso, Club Atl\u00e9tico Rivadavia, Club Deportivo La Movediza y Club Ferrocarril Sud (Tandil)<br \/>\n&#8211; Jorge Newbery (Lober\u00eda)<br \/>\n&#8211; Atl\u00e9tico San Manuel (San Manuel<br \/>\n&#8211; Club Pelota (AG Chaves)<br \/>\n&#8211; Club Atl\u00e9tico Costa Sud (Tres Arroyos)<br \/>\n&#8211; Club Gallo Su\u00e1rez (Villa Gesell)<br \/>\n&#8211; Club recreativo Claromec\u00f3<br \/>\n&#8211; Club Atl\u00e9tico Juarense (Benito Ju\u00e1rez)<br \/>\n&#8211; Sociedad Espa\u00f1ola (Necochea)<\/p>\n<p>Entre los patinadores locales, se destacan las siguientes participaciones:<\/p>\n<p>Primer puesto: Sof\u00eda M\u00e9ndez, Agustina Estarli, Catalina Busechian, Kenji Farias, Gimena Gonzalez Procopio, Lola Rodr\u00edguez Barbieri<\/p>\n<p>Segundo puesto: Zaida Reinhart, Natal\u00ed Altfater Jim\u00e9nez, Santiago Alonso, Avril Saibene<\/p>\n<p>Tercer puesto: Iara Ferreyra M\u00f6ller, Francisco Cerdeira Castillo.<\/p>\n<p><a href=\"https:\/\/primicias2262.com\/noticias\/wp-content\/uploads\/2023\/10\/WhatsApp-Image-2023-10-06-at-2.15.00-PM2.jpeg\"><img loading=\"lazy\" decoding=\"async\" class=\"aligncenter size-full wp-image-103956\" src=\"https:\/\/primicias2262.com\/noticias\/wp-content\/uploads\/2023\/10\/WhatsApp-Image-2023-10-06-at-2.15.00-PM2.jpeg\" alt=\"\" width=\"1011\" height=\"639\" srcset=\"https:\/\/primicias2262.com\/noticias\/wp-content\/uploads\/2023\/10\/WhatsApp-Image-2023-10-06-at-2.15.00-PM2.jpeg 1011w, https:\/\/primicias2262.com\/noticias\/wp-content\/uploads\/2023\/10\/WhatsApp-Image-2023-10-06-at-2.15.00-PM2-300x190.jpeg 300w, https:\/\/primicias2262.com\/noticias\/wp-content\/uploads\/2023\/10\/WhatsApp-Image-2023-10-06-at-2.15.00-PM2-768x485.jpeg 768w, https:\/\/primicias2262.com\/noticias\/wp-content\/uploads\/2023\/10\/WhatsApp-Image-2023-10-06-at-2.15.00-PM2-150x95.jpeg 150w, https:\/\/primicias2262.com\/noticias\/wp-content\/uploads\/2023\/10\/WhatsApp-Image-2023-10-06-at-2.15.00-PM2-696x440.jpeg 696w\" sizes=\"auto, (max-width: 1011px) 100vw, 1011px\" \/><\/a>Se cont\u00f3 con la presencia de jueces federativos y nacionales que evaluaron la performance de los patinadores en ambos d\u00edas.<\/p>\n<p>A su vez, el d\u00eda s\u00e1bado se realiz\u00f3 un acto protocolar en conmemoraci\u00f3n al 140\u00b0 aniversario que la Sociedad Espa\u00f1ola cumplir\u00e1 el pr\u00f3ximo 10 de diciembre. Se cont\u00f3 con la presencia de la Directora de deportes de la Municipalidad, de la comisi\u00f3n directiva de la Sociedad Espa\u00f1ola y del comit\u00e9 de la ATP, quien entreg\u00f3 una placa conmemorativa. Tambi\u00e9n la comisi\u00f3n directiva del club Jorge Newbery de Lober\u00eda hizo llegar un presente.<\/p>\n<p>Tuvieron la palabra los presidentes de Sociedad Espa\u00f1ola y Asociaci\u00f3n tandilense respectivamente, mostrandose agradecidos por el compromiso de la comunidad. La t\u00e9cnica del equipo anfitri\u00f3n tambi\u00e9n hizo lo propio con un emotivo discurso.<\/p>\n<p><a href=\"https:\/\/primicias2262.com\/noticias\/wp-content\/uploads\/2023\/10\/patin-AT-fecha-neco2.jpeg\"><img loading=\"lazy\" decoding=\"async\" class=\"aligncenter size-full wp-image-103955\" src=\"https:\/\/primicias2262.com\/noticias\/wp-content\/uploads\/2023\/10\/patin-AT-fecha-neco2.jpeg\" alt=\"\" width=\"1000\" height=\"1500\" srcset=\"https:\/\/primicias2262.com\/noticias\/wp-content\/uploads\/2023\/10\/patin-AT-fecha-neco2.jpeg 1000w, https:\/\/primicias2262.com\/noticias\/wp-content\/uploads\/2023\/10\/patin-AT-fecha-neco2-200x300.jpeg 200w, https:\/\/primicias2262.com\/noticias\/wp-content\/uploads\/2023\/10\/patin-AT-fecha-neco2-683x1024.jpeg 683w, https:\/\/primicias2262.com\/noticias\/wp-content\/uploads\/2023\/10\/patin-AT-fecha-neco2-768x1152.jpeg 768w, https:\/\/primicias2262.com\/noticias\/wp-content\/uploads\/2023\/10\/patin-AT-fecha-neco2-150x225.jpeg 150w, https:\/\/primicias2262.com\/noticias\/wp-content\/uploads\/2023\/10\/patin-AT-fecha-neco2-300x450.jpeg 300w, https:\/\/primicias2262.com\/noticias\/wp-content\/uploads\/2023\/10\/patin-AT-fecha-neco2-696x1044.jpeg 696w\" sizes=\"auto, (max-width: 1000px) 100vw, 1000px\" \/><\/a><\/p>\n","protected":false},"excerpt":{"rendered":"<p>El pasado fin de semana se disput\u00f3 en nuestra ciudad la 4\u00b0 fecha del campeonato de la Asociaci\u00f3n tandilense de pat\u00edn, organizado por el equipo Ave F\u00e9nix que representa a la Sociedad Espa\u00f1ola de Socorros Mutuos de nuestra ciudad. El evento se desarroll\u00f3 durante los d\u00edas 30 de septiembre y 1 de octubre en las [&hellip;]<\/p>\n","protected":false},"author":3,"featured_media":103957,"comment_status":"open","ping_status":"open","sticky":false,"template":"","format":"standard","meta":{"footnotes":""},"categories":[5],"tags":[],"class_list":{"0":"post-103953","1":"post","2":"type-post","3":"status-publish","4":"format-standard","5":"has-post-thumbnail","7":"category-neco"},"_links":{"self":[{"href":"https:\/\/primicias2262.com\/noticias\/wp-json\/wp\/v2\/posts\/103953","targetHints":{"allow":["GET"]}}],"collection":[{"href":"https:\/\/primicias2262.com\/noticias\/wp-json\/wp\/v2\/posts"}],"about":[{"href":"https:\/\/primicias2262.com\/noticias\/wp-json\/wp\/v2\/types\/post"}],"author":[{"embeddable":true,"href":"https:\/\/primicias2262.com\/noticias\/wp-json\/wp\/v2\/users\/3"}],"replies":[{"embeddable":true,"href":"https:\/\/primicias2262.com\/noticias\/wp-json\/wp\/v2\/comments?post=103953"}],"version-history":[{"count":1,"href":"https:\/\/primicias2262.com\/noticias\/wp-json\/wp\/v2\/posts\/103953\/revisions"}],"predecessor-version":[{"id":103958,"href":"https:\/\/primicias2262.com\/noticias\/wp-json\/wp\/v2\/posts\/103953\/revisions\/103958"}],"wp:featuredmedia":[{"embeddable":true,"href":"https:\/\/primicias2262.com\/noticias\/wp-json\/wp\/v2\/media\/103957"}],"wp:attachment":[{"href":"https:\/\/primicias2262.com\/noticias\/wp-json\/wp\/v2\/media?parent=103953"}],"wp:term":[{"taxonomy":"category","embeddable":true,"href":"https:\/\/primicias2262.com\/noticias\/wp-json\/wp\/v2\/categories?post=103953"},{"taxonomy":"post_tag","embeddable":true,"href":"https:\/\/primicias2262.com\/noticias\/wp-json\/wp\/v2\/tags?post=103953"}],"curies":[{"name":"wp","href":"https:\/\/api.w.org\/{rel}","templated":true}]}}