{"id":103959,"date":"2023-10-09T15:58:21","date_gmt":"2023-10-09T15:58:21","guid":{"rendered":"https:\/\/primicias2262.com\/noticias\/?p=103959"},"modified":"2023-10-10T17:47:45","modified_gmt":"2023-10-10T17:47:45","slug":"necochea-cumple-este-jueves-142-anos-y-ese-mismo-dia-seran-los-actos-protocolares","status":"publish","type":"post","link":"https:\/\/primicias2262.com\/noticias\/necochea-cumple-este-jueves-142-anos-y-ese-mismo-dia-seran-los-actos-protocolares\/","title":{"rendered":"Necochea cumple este jueves 142 a\u00f1os y ese mismo d\u00eda ser\u00e1n los actos protocolares"},"content":{"rendered":"<p><strong>Se realizar\u00e1 el tradicional recorrido de monumentos para homenajear a los fundadores de la ciudad y a la figura del General Necochea, mientras que a continuaci\u00f3n se realizar\u00e1 un acto conmemorativo con los veteranos de guerra.<\/strong><\/p>\n<p>La ciudad de Necochea ya se pone en modo aniversario a pleno desde este lunes, en las v\u00edsperas del 142\u00ba Aniversario que se cumplir\u00e1 este jueves 12 de octubre, fecha en la que tendr\u00e1n lugar los actos protocolares y conmemorativos.<\/p>\n<p>La apertura de la jornada ser\u00e1 a partir de las 11, cuando el intendente Arturo Rojas encabece la recorrida por los monumentos y a entrega de ofrendas florales. El primer punto ser\u00e1 en el busto a la memoria de \u00c1ngel Ignacio Murga en 58 y 61; seguidamente en el del otro fundador, Victorio De La Canal en 57 y 60; y finalmente en el monumento a Marino Necochea en la rotonda de 58 y 59.<\/p>\n<p>Para ello, se invita a toda la comunidad a formar parte del reconocimiento habitual que se le rinde a los fundadores de Necochea y al General que le da el nombre a laciudad.<\/p>\n<p>Posteriormente a ello, desde las 12.30 se llevar\u00e1 a cabo en el Sal\u00f3n de Actos \u201cDomingo J. Taraborelli\u201d del municipio una ceremonia de entrega de medallas conmemorativas en homenaje a los Ca\u00eddos y sus familiares, a y a los Veteranos de la Guerra de Malvinas.<\/p>\n<p>En torno a los festejos de aniversario, vale destacar que desde este lunes la Plaza Dardo Rocha se encuentra cerrada al tr\u00e1nsito para ultimar los preparativos de la gran celebraci\u00f3n, que se realizar\u00e1 del viernes 13 al lunes 16 con la organizaci\u00f3n de la Municipalidad de Necochea.<\/p>\n","protected":false},"excerpt":{"rendered":"<p>Se realizar\u00e1 el tradicional recorrido de monumentos para homenajear a los fundadores de la ciudad y a la figura del General Necochea, mientras que a continuaci\u00f3n se realizar\u00e1 un acto conmemorativo con los veteranos de guerra. La ciudad de Necochea ya se pone en modo aniversario a pleno desde este lunes, en las v\u00edsperas del [&hellip;]<\/p>\n","protected":false},"author":3,"featured_media":103960,"comment_status":"open","ping_status":"open","sticky":false,"template":"","format":"standard","meta":{"footnotes":""},"categories":[3],"tags":[],"class_list":["post-103959","post","type-post","status-publish","format-standard","has-post-thumbnail","category-masnoticias"],"_links":{"self":[{"href":"https:\/\/primicias2262.com\/noticias\/wp-json\/wp\/v2\/posts\/103959","targetHints":{"allow":["GET"]}}],"collection":[{"href":"https:\/\/primicias2262.com\/noticias\/wp-json\/wp\/v2\/posts"}],"about":[{"href":"https:\/\/primicias2262.com\/noticias\/wp-json\/wp\/v2\/types\/post"}],"author":[{"embeddable":true,"href":"https:\/\/primicias2262.com\/noticias\/wp-json\/wp\/v2\/users\/3"}],"replies":[{"embeddable":true,"href":"https:\/\/primicias2262.com\/noticias\/wp-json\/wp\/v2\/comments?post=103959"}],"version-history":[{"count":1,"href":"https:\/\/primicias2262.com\/noticias\/wp-json\/wp\/v2\/posts\/103959\/revisions"}],"predecessor-version":[{"id":103961,"href":"https:\/\/primicias2262.com\/noticias\/wp-json\/wp\/v2\/posts\/103959\/revisions\/103961"}],"wp:featuredmedia":[{"embeddable":true,"href":"https:\/\/primicias2262.com\/noticias\/wp-json\/wp\/v2\/media\/103960"}],"wp:attachment":[{"href":"https:\/\/primicias2262.com\/noticias\/wp-json\/wp\/v2\/media?parent=103959"}],"wp:term":[{"taxonomy":"category","embeddable":true,"href":"https:\/\/primicias2262.com\/noticias\/wp-json\/wp\/v2\/categories?post=103959"},{"taxonomy":"post_tag","embeddable":true,"href":"https:\/\/primicias2262.com\/noticias\/wp-json\/wp\/v2\/tags?post=103959"}],"curies":[{"name":"wp","href":"https:\/\/api.w.org\/{rel}","templated":true}]}}