{"id":103962,"date":"2023-10-09T16:37:27","date_gmt":"2023-10-09T16:37:27","guid":{"rendered":"https:\/\/primicias2262.com\/noticias\/?p=103962"},"modified":"2023-10-10T17:51:03","modified_gmt":"2023-10-10T17:51:03","slug":"nosotros-planteamos-un-gobierno-que-profundice-con-inclusion-y-con-justicia-social","status":"publish","type":"post","link":"https:\/\/primicias2262.com\/noticias\/nosotros-planteamos-un-gobierno-que-profundice-con-inclusion-y-con-justicia-social\/","title":{"rendered":"\u201cNosotros planteamos un gobierno que profundice con inclusi\u00f3n y con justicia social\u201d"},"content":{"rendered":"<p><strong>As\u00ed lo reafirm\u00f3 el candidato a intendente de Uni\u00f3n por la Patria, Marcelo Rivero, quien asegur\u00f3 que fue el \u00fanico que habl\u00f3 sobre propuestas concretas durante el \u00faltimo debate de candidatos en el Instituto N\u00ba 31, mientras que los restantes \u201cse dedicaban a pelear\u201d.<\/strong><\/p>\n<p>En di\u00e1logo con el periodista Jorge G\u00f3mez en \u201cVoces de la Ciudad\u201d, el presidente del Partido Justicialista local sac\u00f3 chapa de lealtad al se\u00f1alar que \u201cmientras todos se cambiaron de camiseta yo siempre me qued\u00e9 en el peronismo, nosotros siempre hemos sido coherentes con nuestra forma de pensar y actuar, siempre hemos defendido a Uni\u00f3n por la Patria, el proyecto que hoy lleva como candidato a presidente a Sergio Massa y candidato a gobernador a Axel Kicillof\u201d.<\/p>\n<p>En tanto, \u201cen lo local tengo el honor de representar junto a un gran grupo de compa\u00f1eros y compa\u00f1eras que trabaja todos los d\u00edas para llevar nuestra propuesta adelante, y estamos permanentemente visitando a los vecinos, repartiendo una carta con nuestra propuesta y este lunes comenzaremos a repartir las boletas\u201d, mencion\u00f3.<\/p>\n<p>A la hora de establecer su candidatura, Rivero manifest\u00f3 que \u201cnos preparamos para esta elecci\u00f3n con una plataforma de gobierno y eso qued\u00f3 demostrado en el debate, donde los dem\u00e1s candidatos se peleaban entre s\u00ed, llegando a niveles de pelea personal, mientras que nosotros como peronismo presentamos las propuestas para mejorar la calidad de vida de todos los vecinos y vecinas del distrito, no criticar por criticar, sino decir c\u00f3mo lo podemos mejorar, con inclusi\u00f3n, con justicia social y entrando a analizar los grandes temas que deben debatirse en Necochea, que tiene que ver con la matriz productiva, c\u00f3mo generar m\u00e1s trabajo y m\u00e1s producci\u00f3n para que sea un distrito pujante y con crecimiento\u201d.<\/p>\n<p>Luego apunt\u00f3 constructivamente contra el gobierno local que encabeza Arturo Rojas, al expresar que \u201ccuando el vecino vaya a votar es fundamental que sepa qu\u00e9 es lo que propone cada espacio y sus candidatos\u2026 nosotros concretamente planteamos que el actual gobierno municipal da respuesta al alumbrado, barrido y limpieza, a la concepci\u00f3n m\u00e1s antigua de lo que era un municipio y sus obligaciones, pero que no se mete realmente en el tema que tiene que ver con el mejoramiento de la calidad de vida de la gente\u201d.<\/p>\n<p>Argument\u00f3 que \u201cpor supuesto que est\u00e1 muy bien cambiar un foco de luz, arreglar un bache o cuidar la plaza, nosotros no estamos en contra de eso ni criticamos por criticar, pero eso no puede evitar el debate sobre todas las cosas que nos faltan, miles y miles de vecinos que son tan necochenses como nosotros, y que no tienen accesos a los servicios p\u00fablicos b\u00e1sicos y municipales, como puede ser el agua\u201d.<\/p>\n<p>Por ende, \u201cnosotros planteamos un gobierno que profundice con inclusi\u00f3n y con justicia social, y que lo que haga el gobierno municipal le llegue a todos\u201d, insisti\u00f3, para culminar que \u201chay necesidad de hacer obras de integraci\u00f3n urbana con cloacas y cord\u00f3n cuneta a todos los vecinos de los barrios de Necochea y Quequ\u00e9n, que por ah\u00ed no tienen la visibilidad de la plaza del centro, y por eso queremos mantener lo que se ha hecho bien pero queremos defender a todos aquellos vecinos que no tienen la posibilidad de recibir estos servicios p\u00fablicos municipales\u201d.<\/p>\n<p>\u201cEs verdad que la vara estaba muy baja y con poco que se haga enseguida se empieza a notar en la ciudad, pero quedan muchos temas a\u00fan por resolver que hacen al desarrollo y planificaci\u00f3n del futuro inmediato y a largo plazo del distrito\u201d, concluy\u00f3 el \u201cChelo\u201d.<\/p>\n","protected":false},"excerpt":{"rendered":"<p>As\u00ed lo reafirm\u00f3 el candidato a intendente de Uni\u00f3n por la Patria, Marcelo Rivero, quien asegur\u00f3 que fue el \u00fanico que habl\u00f3 sobre propuestas concretas durante el \u00faltimo debate de candidatos en el Instituto N\u00ba 31, mientras que los restantes \u201cse dedicaban a pelear\u201d. En di\u00e1logo con el periodista Jorge G\u00f3mez en \u201cVoces de la [&hellip;]<\/p>\n","protected":false},"author":3,"featured_media":103878,"comment_status":"open","ping_status":"open","sticky":false,"template":"","format":"standard","meta":{"footnotes":""},"categories":[3],"tags":[],"class_list":["post-103962","post","type-post","status-publish","format-standard","has-post-thumbnail","category-masnoticias"],"_links":{"self":[{"href":"https:\/\/primicias2262.com\/noticias\/wp-json\/wp\/v2\/posts\/103962","targetHints":{"allow":["GET"]}}],"collection":[{"href":"https:\/\/primicias2262.com\/noticias\/wp-json\/wp\/v2\/posts"}],"about":[{"href":"https:\/\/primicias2262.com\/noticias\/wp-json\/wp\/v2\/types\/post"}],"author":[{"embeddable":true,"href":"https:\/\/primicias2262.com\/noticias\/wp-json\/wp\/v2\/users\/3"}],"replies":[{"embeddable":true,"href":"https:\/\/primicias2262.com\/noticias\/wp-json\/wp\/v2\/comments?post=103962"}],"version-history":[{"count":1,"href":"https:\/\/primicias2262.com\/noticias\/wp-json\/wp\/v2\/posts\/103962\/revisions"}],"predecessor-version":[{"id":103963,"href":"https:\/\/primicias2262.com\/noticias\/wp-json\/wp\/v2\/posts\/103962\/revisions\/103963"}],"wp:featuredmedia":[{"embeddable":true,"href":"https:\/\/primicias2262.com\/noticias\/wp-json\/wp\/v2\/media\/103878"}],"wp:attachment":[{"href":"https:\/\/primicias2262.com\/noticias\/wp-json\/wp\/v2\/media?parent=103962"}],"wp:term":[{"taxonomy":"category","embeddable":true,"href":"https:\/\/primicias2262.com\/noticias\/wp-json\/wp\/v2\/categories?post=103962"},{"taxonomy":"post_tag","embeddable":true,"href":"https:\/\/primicias2262.com\/noticias\/wp-json\/wp\/v2\/tags?post=103962"}],"curies":[{"name":"wp","href":"https:\/\/api.w.org\/{rel}","templated":true}]}}