{"id":103995,"date":"2023-10-10T17:04:14","date_gmt":"2023-10-10T17:04:14","guid":{"rendered":"https:\/\/primicias2262.com\/noticias\/?p=103995"},"modified":"2023-10-11T17:32:39","modified_gmt":"2023-10-11T17:32:39","slug":"jimena-lopez-esta-focalizada-en-la-campana-por-massa-y-kicillof-pero-no-votara-la-boleta-completa","status":"publish","type":"post","link":"https:\/\/primicias2262.com\/noticias\/jimena-lopez-esta-focalizada-en-la-campana-por-massa-y-kicillof-pero-no-votara-la-boleta-completa\/","title":{"rendered":"Jimena L\u00f3pez est\u00e1 focalizada en la campa\u00f1a por Massa y Kicillof pero no votar\u00e1 la boleta completa"},"content":{"rendered":"<p><strong>Al aire de \u201cVoces de la Ciudad\u201d, la viceministra de Transporte de Naci\u00f3n, Jimena L\u00f3pez, no pudo negarle al periodista Jorge G\u00f3mez que no votar\u00e1 a Uni\u00f3n por la Patria a nivel local, encabezada por el presidente del Partido Justicialista, Marcelo Rivero. \u00a0\u201cFaltaron el respeto, porque salieron a decir cosas en los medios de comunicaci\u00f3n no sabiendo que al d\u00eda siguiente de las PASO nos ten\u00edamos que sentar todos juntos, y eso habla de la poca lectura pol\u00edtica que tienen\u201d, recalc\u00f3.<\/strong><\/p>\n<p>Desde La Paz, Bolivia, acompa\u00f1ando al candidato a presidente y actual ministro de Econom\u00eda, Sergio Massa, la necochense Jimena L\u00f3pez habl\u00f3 de todos los frentes a 12 d\u00edas de las elecciones, y al ser consultada puntualmente por Necochea esgrimi\u00f3 que \u201cparticularmente estoy focalizada en la campa\u00f1a nacional de Sergio Massa porque es mi referente pol\u00edtico, de Axel Kicillof porque creo que merece una reelecci\u00f3n porque ha sido excelente como gobernador, pero a nivel local no te voy a mentir\u2026 no va a ser boleta completa\u201d.<\/p>\n<p>Argument\u00f3 al instante y sin pelos en la lengua que \u201cno estoy representada por la lista que est\u00e1 (la de Chelo Rivero), porque creo que la organicidad y el conjunto se ganan en base a los conductores, y estoy bastante podrida de que gente de que no logra sostener los espacios de trabajo me venga a decir cosas a t\u00edtulo personal\u201d, y en referencia al actual intendente Rojas, acot\u00f3 que \u201cal final termino teniendo mejores di\u00e1logos con otros sectores de la pol\u00edtica a nivel local con quien me puedo sentar siempre, a\u00fan a pesar de las diferencias que hemos podido construir luego de sanear ciertas situaciones\u201d.<\/p>\n<p>La hermana del exintendente Facundo L\u00f3pez y referente del Frente Renovador, se\u00f1al\u00f3 que como equipo \u201cnunca dejamos de trabajar, elegimos de qu\u00e9 manera trabajar en conjunto para llevarle m\u00e1s votos a Sergio Massa y Axel Kicillof, pero despu\u00e9s consideramos que a nivel local los compa\u00f1eros saben lo que hicieron\u2026 desde el primer minuto nunca nos abrieron la puerta, nos ofrecieron un 3\u00ba o 4\u00ba lugar de concejales y dec\u00edan que no quer\u00edamos juntarnos\u2026 al contrario, yo soy s\u00faper dialoguista pero no me gusta que me tomen el pelo\u201d.<\/p>\n<p>Incluso, afirm\u00f3 que \u201cme faltaron el respeto, porque salieron a decir cosas en los medios de comunicaci\u00f3n no sabiendo que al d\u00eda siguiente de las PASO nos ten\u00edamos que sentar todos juntos, y eso habla de la poca lectura pol\u00edtica que tienen\u201d.<\/p>\n<p>Finalmente, a\u00f1adi\u00f3 un p\u00e1rrafo cuando se le pregunt\u00f3 porque Sergio Massa no soluciona los problemas ahora, aquellos que dice que va a solucionar cuando sea presidente. \u201cEs la pregunta que me han hecho en varios lugares, \u00e9l es ministro de Econom\u00eda y si no lo hace ahora es porque lo que tiene que sanear es otra cosa\u201d, respondi\u00f3, para acotar que \u201cobviamente es parte de este gobierno, pero \u00e9l no tiene a sus funcionarios adentro del Ministerio de Obras P\u00fablicas, no son sus equipos y tambi\u00e9n hay que entender esto: hasta el 10 de diciembre en Argentina Alberto Fern\u00e1ndez es el presidente, as\u00ed que hay que tener en claro que Sergio propone su estructura y su plataforma de gobierno, pero no es que no lo hace ahora porque no quiere, no lo hace porque no est\u00e1 en esa funci\u00f3n todav\u00eda\u201d.<\/p>\n<p>Por ello, luego del \u00faltimo debate en el que pudo estar presente, Jimena resalt\u00f3 que \u201cm\u00e1s que nunca sigo convencida de que Sergio Massa tiene que ser elegido el 22 de octubre o ingresar al balotaje de noviembre porque es el m\u00e1s preparado y el \u00fanico que conoce c\u00f3mo se gestiona una administraci\u00f3n, es decir, qu\u00e9 hay que hacer, en d\u00f3nde hacerlo y c\u00f3mo, con qui\u00e9nes \u2026 porque una cosa es hablar y decir \u201cyo voy a hacer\u2026\u201d y otra cosa es saber c\u00f3mo se hace eso\u201d.<\/p>\n<p>\u201cTrabajo hace diez a\u00f1os cerca de los equipos de Massa, lo vi laburar como presidente del Congreso de la Naci\u00f3n y Sergio es un tipo que genera mucho puente todo el tiempo entre todos los sectores\u2026 y creo que va a ser el hacedor de la uni\u00f3n nacional porque tiene el ejercicio de sentarse con todo el mundo, y esa para m\u00ed es de las caracter\u00edsticas m\u00e1s notorias de Massa, puede sentarse a hablar con el Fondo Monetario Internacional, con los intendentes o la gente del barrio con la misma capacidad de di\u00e1logo\u201d, culmin\u00f3.<\/p>\n","protected":false},"excerpt":{"rendered":"<p>Al aire de \u201cVoces de la Ciudad\u201d, la viceministra de Transporte de Naci\u00f3n, Jimena L\u00f3pez, no pudo negarle al periodista Jorge G\u00f3mez que no votar\u00e1 a Uni\u00f3n por la Patria a nivel local, encabezada por el presidente del Partido Justicialista, Marcelo Rivero. \u00a0\u201cFaltaron el respeto, porque salieron a decir cosas en los medios de comunicaci\u00f3n [&hellip;]<\/p>\n","protected":false},"author":3,"featured_media":102283,"comment_status":"open","ping_status":"open","sticky":false,"template":"","format":"standard","meta":{"footnotes":""},"categories":[3],"tags":[],"class_list":["post-103995","post","type-post","status-publish","format-standard","has-post-thumbnail","category-masnoticias"],"_links":{"self":[{"href":"https:\/\/primicias2262.com\/noticias\/wp-json\/wp\/v2\/posts\/103995","targetHints":{"allow":["GET"]}}],"collection":[{"href":"https:\/\/primicias2262.com\/noticias\/wp-json\/wp\/v2\/posts"}],"about":[{"href":"https:\/\/primicias2262.com\/noticias\/wp-json\/wp\/v2\/types\/post"}],"author":[{"embeddable":true,"href":"https:\/\/primicias2262.com\/noticias\/wp-json\/wp\/v2\/users\/3"}],"replies":[{"embeddable":true,"href":"https:\/\/primicias2262.com\/noticias\/wp-json\/wp\/v2\/comments?post=103995"}],"version-history":[{"count":1,"href":"https:\/\/primicias2262.com\/noticias\/wp-json\/wp\/v2\/posts\/103995\/revisions"}],"predecessor-version":[{"id":103996,"href":"https:\/\/primicias2262.com\/noticias\/wp-json\/wp\/v2\/posts\/103995\/revisions\/103996"}],"wp:featuredmedia":[{"embeddable":true,"href":"https:\/\/primicias2262.com\/noticias\/wp-json\/wp\/v2\/media\/102283"}],"wp:attachment":[{"href":"https:\/\/primicias2262.com\/noticias\/wp-json\/wp\/v2\/media?parent=103995"}],"wp:term":[{"taxonomy":"category","embeddable":true,"href":"https:\/\/primicias2262.com\/noticias\/wp-json\/wp\/v2\/categories?post=103995"},{"taxonomy":"post_tag","embeddable":true,"href":"https:\/\/primicias2262.com\/noticias\/wp-json\/wp\/v2\/tags?post=103995"}],"curies":[{"name":"wp","href":"https:\/\/api.w.org\/{rel}","templated":true}]}}