{"id":103998,"date":"2023-10-10T17:47:08","date_gmt":"2023-10-10T17:47:08","guid":{"rendered":"https:\/\/primicias2262.com\/noticias\/?p=103998"},"modified":"2023-10-11T17:33:37","modified_gmt":"2023-10-11T17:33:37","slug":"un-grupo-de-radicales-sale-a-militar-la-opcion-bullrich-grindetti-rojas","status":"publish","type":"post","link":"https:\/\/primicias2262.com\/noticias\/un-grupo-de-radicales-sale-a-militar-la-opcion-bullrich-grindetti-rojas\/","title":{"rendered":"Un grupo de radicales sale a militar la opci\u00f3n Bullrich &#8211; Grindetti &#8211; Rojas"},"content":{"rendered":"<p><strong>Al no sentirse representados por la propuesta que lleva adelante Juntos por el Cambio a nivel local, dirigentes del radicalismo de Necochea van detr\u00e1s de la opci\u00f3n del intendente Arturo Rojas, y este martes presentan local propio en calle 85 N\u00ba 283 entre 4 bis y 6.<\/strong><\/p>\n<p>Una de las que conforma este grupo de dirigentes es la exconcejal Mar\u00eda Silvina Ben\u00edtez, quien ante la consulta del periodista Jorge G\u00f3mez en \u201cVoces de la Ciudad\u201d afirm\u00f3 que \u201csomos conscientes que esta Argentina necesita de todos los sectores para dejar atr\u00e1s a\u00f1os de decadencia, y por eso en el \u00e1mbito local podemos ofrecer a todos aquellos votantes de Patricia Bullrich presidente y N\u00e9stor Grindetti gobernador, la opci\u00f3n de votar al intendente municipal Arturo Rojas\u201d. El espacio se denomina Juntos para seguir cambiando Necochea.<\/p>\n<p>Frente a un mar de cr\u00edticas que posiblemente se les venga encima, Silvina se\u00f1al\u00f3 que \u201cla decisi\u00f3n ya est\u00e1 tomada, somos varios radicales que no nos sentimos representados por la propuesta que lleva adelante Juntos por el Cambio a nivel local, entendiendo que podemos sumar m\u00e1s y dejar atr\u00e1s la Necochea del no\u201d.<\/p>\n<p><a href=\"https:\/\/primicias2262.com\/noticias\/wp-content\/uploads\/2023\/10\/WhatsApp-Image-2023-10-10-at-8.55.29-AM.jpeg\"><img loading=\"lazy\" decoding=\"async\" class=\"aligncenter size-full wp-image-104001\" src=\"https:\/\/primicias2262.com\/noticias\/wp-content\/uploads\/2023\/10\/WhatsApp-Image-2023-10-10-at-8.55.29-AM.jpeg\" alt=\"\" width=\"823\" height=\"1024\" srcset=\"https:\/\/primicias2262.com\/noticias\/wp-content\/uploads\/2023\/10\/WhatsApp-Image-2023-10-10-at-8.55.29-AM.jpeg 823w, https:\/\/primicias2262.com\/noticias\/wp-content\/uploads\/2023\/10\/WhatsApp-Image-2023-10-10-at-8.55.29-AM-241x300.jpeg 241w, https:\/\/primicias2262.com\/noticias\/wp-content\/uploads\/2023\/10\/WhatsApp-Image-2023-10-10-at-8.55.29-AM-768x956.jpeg 768w, https:\/\/primicias2262.com\/noticias\/wp-content\/uploads\/2023\/10\/WhatsApp-Image-2023-10-10-at-8.55.29-AM-150x187.jpeg 150w, https:\/\/primicias2262.com\/noticias\/wp-content\/uploads\/2023\/10\/WhatsApp-Image-2023-10-10-at-8.55.29-AM-300x373.jpeg 300w, https:\/\/primicias2262.com\/noticias\/wp-content\/uploads\/2023\/10\/WhatsApp-Image-2023-10-10-at-8.55.29-AM-696x866.jpeg 696w\" sizes=\"auto, (max-width: 823px) 100vw, 823px\" \/><\/a>Se recuerda que dicha coalici\u00f3n en la ciudad impulsa la candidatura a intendente de Mart\u00edn Migueles, pero con dos bastiones radicales en los primeros puestos para concejal: Rodrigo Irigoyen y Dolores Souto. Ante ello, Silvina manifest\u00f3 que \u201clas charlas nuestras como partido las tenemos que hacer adentro del mismo. Hay varias cuestiones a hablar y otras que ya se hablaron, a m\u00ed me parece poco \u00e9tico expresarlo visiblemente en las redes y hay que hacerlo hacia adentro, hay espacios donde hablar como el plenario y estamos dispuestos a dar el debate que haya que dar\u201d.<\/p>\n<p>Por lo pronto, \u201cnunca he dejado de ser radical, pero hay cuestiones en las que se pueden tomar otras decisiones, de hecho, el partido ha dejado liberadas muchas cosas y despu\u00e9s del 22 de octubre habr\u00e1 que sentarse a ver qu\u00e9 paso\u2026 hoy creo en esto y pido a la comunidad que nos acompa\u00f1e\u201d, reafirm\u00f3 Ben\u00edtez, refrendando que \u201cla necesidad de Argentina pasa por Patricia Bullrich y N\u00e9stor Grindetti, y a partir de eso le vamos a poder dar a Necochea lo que la ciudad necesita para avanzar.<\/p>\n<p><a href=\"https:\/\/primicias2262.com\/noticias\/wp-content\/uploads\/2023\/10\/WhatsApp-Image-2023-10-10-at-8.55.29-AM1.jpeg\"><img loading=\"lazy\" decoding=\"async\" class=\"alignleft size-medium wp-image-104000\" src=\"https:\/\/primicias2262.com\/noticias\/wp-content\/uploads\/2023\/10\/WhatsApp-Image-2023-10-10-at-8.55.29-AM1-223x300.jpeg\" alt=\"\" width=\"223\" height=\"300\" srcset=\"https:\/\/primicias2262.com\/noticias\/wp-content\/uploads\/2023\/10\/WhatsApp-Image-2023-10-10-at-8.55.29-AM1-223x300.jpeg 223w, https:\/\/primicias2262.com\/noticias\/wp-content\/uploads\/2023\/10\/WhatsApp-Image-2023-10-10-at-8.55.29-AM1-150x202.jpeg 150w, https:\/\/primicias2262.com\/noticias\/wp-content\/uploads\/2023\/10\/WhatsApp-Image-2023-10-10-at-8.55.29-AM1-300x404.jpeg 300w, https:\/\/primicias2262.com\/noticias\/wp-content\/uploads\/2023\/10\/WhatsApp-Image-2023-10-10-at-8.55.29-AM1.jpeg 408w\" sizes=\"auto, (max-width: 223px) 100vw, 223px\" \/><\/a>En ese sentido, reforz\u00f3 que \u201ccon la experiencia de cuando estuvimos gobernando y con la incorporaci\u00f3n del Fondo de Infraestructura municipal vamos a seguir haciendo los cambios que Necochea necesita para avanzar, por eso creemos en esta opci\u00f3n, votar el 22 de octubre a Bullrich como presidente, a Grindetti como gobernador para profundizar los cambios que necesita Argentina a nivel econ\u00f3mico y educativo, y de esta manera llegar con todo lo que necesita la ciudad para seguir avanzando en la Necochea del s\u00ed\u201d.<\/p>\n","protected":false},"excerpt":{"rendered":"<p>Al no sentirse representados por la propuesta que lleva adelante Juntos por el Cambio a nivel local, dirigentes del radicalismo de Necochea van detr\u00e1s de la opci\u00f3n del intendente Arturo Rojas, y este martes presentan local propio en calle 85 N\u00ba 283 entre 4 bis y 6. Una de las que conforma este grupo de [&hellip;]<\/p>\n","protected":false},"author":3,"featured_media":103999,"comment_status":"open","ping_status":"open","sticky":false,"template":"","format":"standard","meta":{"footnotes":""},"categories":[3],"tags":[],"class_list":["post-103998","post","type-post","status-publish","format-standard","has-post-thumbnail","category-masnoticias"],"_links":{"self":[{"href":"https:\/\/primicias2262.com\/noticias\/wp-json\/wp\/v2\/posts\/103998","targetHints":{"allow":["GET"]}}],"collection":[{"href":"https:\/\/primicias2262.com\/noticias\/wp-json\/wp\/v2\/posts"}],"about":[{"href":"https:\/\/primicias2262.com\/noticias\/wp-json\/wp\/v2\/types\/post"}],"author":[{"embeddable":true,"href":"https:\/\/primicias2262.com\/noticias\/wp-json\/wp\/v2\/users\/3"}],"replies":[{"embeddable":true,"href":"https:\/\/primicias2262.com\/noticias\/wp-json\/wp\/v2\/comments?post=103998"}],"version-history":[{"count":3,"href":"https:\/\/primicias2262.com\/noticias\/wp-json\/wp\/v2\/posts\/103998\/revisions"}],"predecessor-version":[{"id":104028,"href":"https:\/\/primicias2262.com\/noticias\/wp-json\/wp\/v2\/posts\/103998\/revisions\/104028"}],"wp:featuredmedia":[{"embeddable":true,"href":"https:\/\/primicias2262.com\/noticias\/wp-json\/wp\/v2\/media\/103999"}],"wp:attachment":[{"href":"https:\/\/primicias2262.com\/noticias\/wp-json\/wp\/v2\/media?parent=103998"}],"wp:term":[{"taxonomy":"category","embeddable":true,"href":"https:\/\/primicias2262.com\/noticias\/wp-json\/wp\/v2\/categories?post=103998"},{"taxonomy":"post_tag","embeddable":true,"href":"https:\/\/primicias2262.com\/noticias\/wp-json\/wp\/v2\/tags?post=103998"}],"curies":[{"name":"wp","href":"https:\/\/api.w.org\/{rel}","templated":true}]}}