{"id":104008,"date":"2023-10-10T18:02:20","date_gmt":"2023-10-10T18:02:20","guid":{"rendered":"https:\/\/primicias2262.com\/noticias\/?p=104008"},"modified":"2023-10-11T18:09:25","modified_gmt":"2023-10-11T18:09:25","slug":"trabajadores-de-la-uatre-local-celebraron-su-dia-en-apoyo-ademas-a-davico","status":"publish","type":"post","link":"https:\/\/primicias2262.com\/noticias\/trabajadores-de-la-uatre-local-celebraron-su-dia-en-apoyo-ademas-a-davico\/","title":{"rendered":"Trabajadores de la UATRE local celebraron su d\u00eda, en apoyo adem\u00e1s a Davico\u00a0"},"content":{"rendered":"<p><strong>\u00a0Por Jorge G\u00f3mez.\u00a0<\/strong><\/p>\n<p><a href=\"https:\/\/primicias2262.com\/noticias\/wp-content\/uploads\/2023\/10\/WhatsApp-Image-2023-10-09-at-9.45.47-PM.jpeg\"><img loading=\"lazy\" decoding=\"async\" class=\"aligncenter size-full wp-image-104010\" src=\"https:\/\/primicias2262.com\/noticias\/wp-content\/uploads\/2023\/10\/WhatsApp-Image-2023-10-09-at-9.45.47-PM.jpeg\" alt=\"\" width=\"1600\" height=\"1200\" srcset=\"https:\/\/primicias2262.com\/noticias\/wp-content\/uploads\/2023\/10\/WhatsApp-Image-2023-10-09-at-9.45.47-PM.jpeg 1600w, https:\/\/primicias2262.com\/noticias\/wp-content\/uploads\/2023\/10\/WhatsApp-Image-2023-10-09-at-9.45.47-PM-300x225.jpeg 300w, https:\/\/primicias2262.com\/noticias\/wp-content\/uploads\/2023\/10\/WhatsApp-Image-2023-10-09-at-9.45.47-PM-1024x768.jpeg 1024w, https:\/\/primicias2262.com\/noticias\/wp-content\/uploads\/2023\/10\/WhatsApp-Image-2023-10-09-at-9.45.47-PM-768x576.jpeg 768w, https:\/\/primicias2262.com\/noticias\/wp-content\/uploads\/2023\/10\/WhatsApp-Image-2023-10-09-at-9.45.47-PM-1536x1152.jpeg 1536w, https:\/\/primicias2262.com\/noticias\/wp-content\/uploads\/2023\/10\/WhatsApp-Image-2023-10-09-at-9.45.47-PM-150x113.jpeg 150w, https:\/\/primicias2262.com\/noticias\/wp-content\/uploads\/2023\/10\/WhatsApp-Image-2023-10-09-at-9.45.47-PM-696x522.jpeg 696w, https:\/\/primicias2262.com\/noticias\/wp-content\/uploads\/2023\/10\/WhatsApp-Image-2023-10-09-at-9.45.47-PM-1068x801.jpeg 1068w\" sizes=\"auto, (max-width: 1600px) 100vw, 1600px\" \/><\/a><\/p>\n<p>Fotos y videos del festejo por el D\u00eda del Trabajador Rural que se llev\u00f3 a cabo este lunes en la sede de la Seccional n\u00famero 10 de la UATRE situ en las Seis Esquinas de Quequ\u00e9n, en una muestra adem\u00e1s de apoyo de parte de los afiliados al gremio de trabajadores rurales al dirigente Eduardo Davico, cuya nominaci\u00f3n para ser candidato a secretario general de este espacio sindical local le fue negado en los \u00faltimos d\u00edas, provocando un serio conflicto en el sector.<\/p>\n<div id='gallery-1' class='gallery galleryid-104008 gallery-columns-2 gallery-size-medium'><figure class='gallery-item'>\n\t\t\t<div class='gallery-icon landscape'>\n\t\t\t\t<a href='https:\/\/primicias2262.com\/noticias\/trabajadores-de-la-uatre-local-celebraron-su-dia-en-apoyo-ademas-a-davico\/whatsapp-image-2023-10-09-at-9-45-46-pm\/'><img loading=\"lazy\" decoding=\"async\" width=\"300\" height=\"169\" src=\"https:\/\/primicias2262.com\/noticias\/wp-content\/uploads\/2023\/10\/WhatsApp-Image-2023-10-09-at-9.45.46-PM-300x169.jpeg\" class=\"attachment-medium size-medium\" alt=\"\" srcset=\"https:\/\/primicias2262.com\/noticias\/wp-content\/uploads\/2023\/10\/WhatsApp-Image-2023-10-09-at-9.45.46-PM-300x169.jpeg 300w, https:\/\/primicias2262.com\/noticias\/wp-content\/uploads\/2023\/10\/WhatsApp-Image-2023-10-09-at-9.45.46-PM-1024x576.jpeg 1024w, https:\/\/primicias2262.com\/noticias\/wp-content\/uploads\/2023\/10\/WhatsApp-Image-2023-10-09-at-9.45.46-PM-768x432.jpeg 768w, https:\/\/primicias2262.com\/noticias\/wp-content\/uploads\/2023\/10\/WhatsApp-Image-2023-10-09-at-9.45.46-PM-1536x864.jpeg 1536w, https:\/\/primicias2262.com\/noticias\/wp-content\/uploads\/2023\/10\/WhatsApp-Image-2023-10-09-at-9.45.46-PM-150x84.jpeg 150w, https:\/\/primicias2262.com\/noticias\/wp-content\/uploads\/2023\/10\/WhatsApp-Image-2023-10-09-at-9.45.46-PM-696x392.jpeg 696w, https:\/\/primicias2262.com\/noticias\/wp-content\/uploads\/2023\/10\/WhatsApp-Image-2023-10-09-at-9.45.46-PM-1068x601.jpeg 1068w, https:\/\/primicias2262.com\/noticias\/wp-content\/uploads\/2023\/10\/WhatsApp-Image-2023-10-09-at-9.45.46-PM.jpeg 1600w\" sizes=\"auto, (max-width: 300px) 100vw, 300px\" \/><\/a>\n\t\t\t<\/div><\/figure><figure class='gallery-item'>\n\t\t\t<div class='gallery-icon landscape'>\n\t\t\t\t<a href='https:\/\/primicias2262.com\/noticias\/trabajadores-de-la-uatre-local-celebraron-su-dia-en-apoyo-ademas-a-davico\/whatsapp-image-2023-10-09-at-9-45-48-pm\/'><img loading=\"lazy\" decoding=\"async\" width=\"300\" height=\"169\" src=\"https:\/\/primicias2262.com\/noticias\/wp-content\/uploads\/2023\/10\/WhatsApp-Image-2023-10-09-at-9.45.48-PM-300x169.jpeg\" class=\"attachment-medium size-medium\" alt=\"\" srcset=\"https:\/\/primicias2262.com\/noticias\/wp-content\/uploads\/2023\/10\/WhatsApp-Image-2023-10-09-at-9.45.48-PM-300x169.jpeg 300w, https:\/\/primicias2262.com\/noticias\/wp-content\/uploads\/2023\/10\/WhatsApp-Image-2023-10-09-at-9.45.48-PM-1024x576.jpeg 1024w, https:\/\/primicias2262.com\/noticias\/wp-content\/uploads\/2023\/10\/WhatsApp-Image-2023-10-09-at-9.45.48-PM-768x432.jpeg 768w, https:\/\/primicias2262.com\/noticias\/wp-content\/uploads\/2023\/10\/WhatsApp-Image-2023-10-09-at-9.45.48-PM-1536x864.jpeg 1536w, https:\/\/primicias2262.com\/noticias\/wp-content\/uploads\/2023\/10\/WhatsApp-Image-2023-10-09-at-9.45.48-PM-150x84.jpeg 150w, https:\/\/primicias2262.com\/noticias\/wp-content\/uploads\/2023\/10\/WhatsApp-Image-2023-10-09-at-9.45.48-PM-696x392.jpeg 696w, https:\/\/primicias2262.com\/noticias\/wp-content\/uploads\/2023\/10\/WhatsApp-Image-2023-10-09-at-9.45.48-PM-1068x601.jpeg 1068w, https:\/\/primicias2262.com\/noticias\/wp-content\/uploads\/2023\/10\/WhatsApp-Image-2023-10-09-at-9.45.48-PM.jpeg 1600w\" sizes=\"auto, (max-width: 300px) 100vw, 300px\" \/><\/a>\n\t\t\t<\/div><\/figure>\n\t\t<\/div>\n\n<p>El D\u00eda del Trabajador Rural fue el domingo pasado y este festejo tuvo lugar durante esta jornada de lunes, con la presencia de numerosos afiliados locales a la UATRE.<\/p>\n<div style=\"width: 480px;\" class=\"wp-video\"><video class=\"wp-video-shortcode\" id=\"video-104008-1\" width=\"480\" height=\"864\" preload=\"metadata\" controls=\"controls\"><source type=\"video\/mp4\" src=\"https:\/\/primicias2262.com\/noticias\/wp-content\/uploads\/2023\/10\/WhatsApp-Video-2023-10-09-at-9.45.48-PM.mp4?_=1\" \/><a href=\"https:\/\/primicias2262.com\/noticias\/wp-content\/uploads\/2023\/10\/WhatsApp-Video-2023-10-09-at-9.45.48-PM.mp4\">https:\/\/primicias2262.com\/noticias\/wp-content\/uploads\/2023\/10\/WhatsApp-Video-2023-10-09-at-9.45.48-PM.mp4<\/a><\/video><\/div>\n","protected":false},"excerpt":{"rendered":"<p>\u00a0Por Jorge G\u00f3mez.\u00a0 Fotos y videos del festejo por el D\u00eda del Trabajador Rural que se llev\u00f3 a cabo este lunes en la sede de la Seccional n\u00famero 10 de la UATRE situ en las Seis Esquinas de Quequ\u00e9n, en una muestra adem\u00e1s de apoyo de parte de los afiliados al gremio de trabajadores rurales [&hellip;]<\/p>\n","protected":false},"author":3,"featured_media":104011,"comment_status":"open","ping_status":"open","sticky":false,"template":"","format":"standard","meta":{"footnotes":""},"categories":[3],"tags":[],"class_list":["post-104008","post","type-post","status-publish","format-standard","has-post-thumbnail","category-masnoticias"],"_links":{"self":[{"href":"https:\/\/primicias2262.com\/noticias\/wp-json\/wp\/v2\/posts\/104008","targetHints":{"allow":["GET"]}}],"collection":[{"href":"https:\/\/primicias2262.com\/noticias\/wp-json\/wp\/v2\/posts"}],"about":[{"href":"https:\/\/primicias2262.com\/noticias\/wp-json\/wp\/v2\/types\/post"}],"author":[{"embeddable":true,"href":"https:\/\/primicias2262.com\/noticias\/wp-json\/wp\/v2\/users\/3"}],"replies":[{"embeddable":true,"href":"https:\/\/primicias2262.com\/noticias\/wp-json\/wp\/v2\/comments?post=104008"}],"version-history":[{"count":1,"href":"https:\/\/primicias2262.com\/noticias\/wp-json\/wp\/v2\/posts\/104008\/revisions"}],"predecessor-version":[{"id":104014,"href":"https:\/\/primicias2262.com\/noticias\/wp-json\/wp\/v2\/posts\/104008\/revisions\/104014"}],"wp:featuredmedia":[{"embeddable":true,"href":"https:\/\/primicias2262.com\/noticias\/wp-json\/wp\/v2\/media\/104011"}],"wp:attachment":[{"href":"https:\/\/primicias2262.com\/noticias\/wp-json\/wp\/v2\/media?parent=104008"}],"wp:term":[{"taxonomy":"category","embeddable":true,"href":"https:\/\/primicias2262.com\/noticias\/wp-json\/wp\/v2\/categories?post=104008"},{"taxonomy":"post_tag","embeddable":true,"href":"https:\/\/primicias2262.com\/noticias\/wp-json\/wp\/v2\/tags?post=104008"}],"curies":[{"name":"wp","href":"https:\/\/api.w.org\/{rel}","templated":true}]}}