{"id":104017,"date":"2023-10-11T11:15:27","date_gmt":"2023-10-11T11:15:27","guid":{"rendered":"https:\/\/primicias2262.com\/noticias\/?p=104017"},"modified":"2023-10-12T19:16:17","modified_gmt":"2023-10-12T19:16:17","slug":"se-fortalece-nueva-necochea-sanchez-resalto-que-distintas-fuerzas-politicas-se-van-sumando-a-la-militancia-local","status":"publish","type":"post","link":"https:\/\/primicias2262.com\/noticias\/se-fortalece-nueva-necochea-sanchez-resalto-que-distintas-fuerzas-politicas-se-van-sumando-a-la-militancia-local\/","title":{"rendered":"Se fortalece Nueva Necochea: S\u00e1nchez resalto que \u201cdistintas fuerzas pol\u00edticas se van sumando a la militancia local\u201d"},"content":{"rendered":"<p><strong>El presidente del Honorable Concejo Deliberante y candidato a concejal, Guillermo S\u00e1nchez, afirm\u00f3 que crece la idea que buscan transmitir, d\u00e1ndole una fuerte preponderancia a la ciudad por sobre las ideolog\u00edas nacionales y provinciales, y como ejemplo bastan los espacios de Uni\u00f3n por la Patria y Juntos que han decidido militar por la opci\u00f3n de reelecci\u00f3n de Arturo Rojas.<\/strong><\/p>\n<p>En nota con el periodista Jorge G\u00f3mez en \u201cVoces de la Ciudad\u201d, acerca del proceso electoral local, S\u00e1nchez asegur\u00f3 que \u201clo veo muy bien, con mucho trabajo todos los d\u00edas y con mucha presencia en la calle con Arturo, los dem\u00e1s integrantes de la lista y los militantes, y con circunstancias que no hacen m\u00e1s que ratificar el camino \u00a0que hemos tomado\u201d.<\/p>\n<p>En ese aspecto, fue cuando subray\u00f3 que \u201cdistintas fuerzas pol\u00edticas se van sumando a la militancia local, como siempre dijimos nosotros tenemos una lista corta\u2026 en Naci\u00f3n y Provincia se puede elegir con absoluta libertad, pero hemos entendido que para seguir adelante con el avance de la ciudad nos tenemos que juntar\u201d.<\/p>\n<p>Por ello, reafirm\u00f3 que \u201ctenemos las puertas abiertas y de hecho, Nueva Necochea es un partido con distintas vertientes pol\u00edticas. En nuestra agrupaci\u00f3n vecinal tenemos radicales, peronistas, del PRO, de la Coalici\u00f3n C\u00edvica, y lo que sucede hoy ratifica que esos militantes de otras facciones pol\u00edticas en Naci\u00f3n y Provincia han entendido que el equipo de Arturo Rojas es el m\u00e1s indicado para seguir haciendo avanzar a la ciudad\u201d.<\/p>\n<p>Por ejemplo, espacios de Uni\u00f3n por la Patria y Juntos a nivel nacional y provincial expresan \u00faltimamente su apoyo a Rojas, sobre lo que manifest\u00f3 que \u201cme parecer justo y bien que sea as\u00ed, ya que nosotros desde Nueva Necochea hemos demostrado que m\u00e1s all\u00e1 de las ideolog\u00edas y de lo que creas a nivel nacional y provincial, a la ciudad la hacemos lo que estamos en ella\u201d.<\/p>\n<p>En ese punto, puso de ejemplo a los radicales. \u201cTenemos en Nueva Necochea militantes radicales de toda la vida, que incluso fueron funcionarios, como Camilo Maciel, Bernardo Am\u00edlcar o Silvina Jensen, as\u00ed que no me extra\u00f1a y al contrario, me parece genial que se sumen y abran un local partidario para expresar p\u00fablicamente lo que sucede, que es que muchos militantes del radicalismo hoy est\u00e1n trabajando para Nueva Necochea, quieren que el intendente siga haciendo Arturo Rojas\u201d, en referencia al grupo que engloba a Silvina Ben\u00edtez, Mateo Ruppel, y dem\u00e1s.<\/p>\n<p>\u201cCreo que es parte del aprendizaje que hemos tenido en 40 a\u00f1os de democracia. Cuando uno considera que las cosas se hacen bien, no tiene que importar la ideolog\u00eda, sino la posibilidad de seguir avanzando como distrito\u201d, concluy\u00f3 el abogado.<\/p>\n","protected":false},"excerpt":{"rendered":"<p>El presidente del Honorable Concejo Deliberante y candidato a concejal, Guillermo S\u00e1nchez, afirm\u00f3 que crece la idea que buscan transmitir, d\u00e1ndole una fuerte preponderancia a la ciudad por sobre las ideolog\u00edas nacionales y provinciales, y como ejemplo bastan los espacios de Uni\u00f3n por la Patria y Juntos que han decidido militar por la opci\u00f3n de [&hellip;]<\/p>\n","protected":false},"author":3,"featured_media":102463,"comment_status":"open","ping_status":"open","sticky":false,"template":"","format":"standard","meta":{"footnotes":""},"categories":[3],"tags":[],"class_list":["post-104017","post","type-post","status-publish","format-standard","has-post-thumbnail","category-masnoticias"],"_links":{"self":[{"href":"https:\/\/primicias2262.com\/noticias\/wp-json\/wp\/v2\/posts\/104017","targetHints":{"allow":["GET"]}}],"collection":[{"href":"https:\/\/primicias2262.com\/noticias\/wp-json\/wp\/v2\/posts"}],"about":[{"href":"https:\/\/primicias2262.com\/noticias\/wp-json\/wp\/v2\/types\/post"}],"author":[{"embeddable":true,"href":"https:\/\/primicias2262.com\/noticias\/wp-json\/wp\/v2\/users\/3"}],"replies":[{"embeddable":true,"href":"https:\/\/primicias2262.com\/noticias\/wp-json\/wp\/v2\/comments?post=104017"}],"version-history":[{"count":1,"href":"https:\/\/primicias2262.com\/noticias\/wp-json\/wp\/v2\/posts\/104017\/revisions"}],"predecessor-version":[{"id":104018,"href":"https:\/\/primicias2262.com\/noticias\/wp-json\/wp\/v2\/posts\/104017\/revisions\/104018"}],"wp:featuredmedia":[{"embeddable":true,"href":"https:\/\/primicias2262.com\/noticias\/wp-json\/wp\/v2\/media\/102463"}],"wp:attachment":[{"href":"https:\/\/primicias2262.com\/noticias\/wp-json\/wp\/v2\/media?parent=104017"}],"wp:term":[{"taxonomy":"category","embeddable":true,"href":"https:\/\/primicias2262.com\/noticias\/wp-json\/wp\/v2\/categories?post=104017"},{"taxonomy":"post_tag","embeddable":true,"href":"https:\/\/primicias2262.com\/noticias\/wp-json\/wp\/v2\/tags?post=104017"}],"curies":[{"name":"wp","href":"https:\/\/api.w.org\/{rel}","templated":true}]}}