{"id":104020,"date":"2023-10-11T11:05:34","date_gmt":"2023-10-11T11:05:34","guid":{"rendered":"https:\/\/primicias2262.com\/noticias\/?p=104020"},"modified":"2023-10-13T20:48:53","modified_gmt":"2023-10-13T20:48:53","slug":"se-proyectara-una-pelicula-en-el-teatro-municipal-a-beneficio-del-hogar-preciosa-semilla","status":"publish","type":"post","link":"https:\/\/primicias2262.com\/noticias\/se-proyectara-una-pelicula-en-el-teatro-municipal-a-beneficio-del-hogar-preciosa-semilla\/","title":{"rendered":"Se proyectar\u00e1 una pel\u00edcula en el Teatro Municipal a beneficio del Hogar Preciosa Semilla"},"content":{"rendered":"<p><strong>Ser\u00e1 este mi\u00e9rcoles 11 de octubre a partir de las 19, bajo la invitaci\u00f3n de Naranjo Borges. Se solicita un alimento no perecedero como valor simb\u00f3lico de la entrada.<\/strong><\/p>\n<p>El espacio cultural Naranjo Borges invita a la proyecci\u00f3n de una pel\u00edcula que aborda el tema de la salud mental, lo cual tendr\u00e1 desarrollo este mi\u00e9rcoles 11 de octubre a partir de las 19 en el Teatro Municipal \u201cLuis Sandrini\u201d, y a beneficio del Hogar Preciosa Semilla.<\/p>\n<p>Al frente de la coordinaci\u00f3n de dicho espacio, Ely Battistella invita a la comunidad a presenciar la proyecci\u00f3n y colaborar con dicho hogar. La pel\u00edcula en cuesti\u00f3n se denomina \u201cLos Fuegos Internos\u201d y aborda el tema de la salud mental desde el punto de vista de las personas que atravesaron la internaci\u00f3n psiqui\u00e1trica.<\/p>\n<p>La actividad ser\u00e1 sin costo pero con el fin de colaborar en beneficio del Hogar Preciosa Semilla, la entrada al evento constar\u00e1 de un alimento no perecedero.<\/p>\n","protected":false},"excerpt":{"rendered":"<p>Ser\u00e1 este mi\u00e9rcoles 11 de octubre a partir de las 19, bajo la invitaci\u00f3n de Naranjo Borges. Se solicita un alimento no perecedero como valor simb\u00f3lico de la entrada. El espacio cultural Naranjo Borges invita a la proyecci\u00f3n de una pel\u00edcula que aborda el tema de la salud mental, lo cual tendr\u00e1 desarrollo este mi\u00e9rcoles [&hellip;]<\/p>\n","protected":false},"author":3,"featured_media":104021,"comment_status":"open","ping_status":"open","sticky":false,"template":"","format":"standard","meta":{"footnotes":""},"categories":[3],"tags":[],"class_list":["post-104020","post","type-post","status-publish","format-standard","has-post-thumbnail","category-masnoticias"],"_links":{"self":[{"href":"https:\/\/primicias2262.com\/noticias\/wp-json\/wp\/v2\/posts\/104020","targetHints":{"allow":["GET"]}}],"collection":[{"href":"https:\/\/primicias2262.com\/noticias\/wp-json\/wp\/v2\/posts"}],"about":[{"href":"https:\/\/primicias2262.com\/noticias\/wp-json\/wp\/v2\/types\/post"}],"author":[{"embeddable":true,"href":"https:\/\/primicias2262.com\/noticias\/wp-json\/wp\/v2\/users\/3"}],"replies":[{"embeddable":true,"href":"https:\/\/primicias2262.com\/noticias\/wp-json\/wp\/v2\/comments?post=104020"}],"version-history":[{"count":1,"href":"https:\/\/primicias2262.com\/noticias\/wp-json\/wp\/v2\/posts\/104020\/revisions"}],"predecessor-version":[{"id":104022,"href":"https:\/\/primicias2262.com\/noticias\/wp-json\/wp\/v2\/posts\/104020\/revisions\/104022"}],"wp:featuredmedia":[{"embeddable":true,"href":"https:\/\/primicias2262.com\/noticias\/wp-json\/wp\/v2\/media\/104021"}],"wp:attachment":[{"href":"https:\/\/primicias2262.com\/noticias\/wp-json\/wp\/v2\/media?parent=104020"}],"wp:term":[{"taxonomy":"category","embeddable":true,"href":"https:\/\/primicias2262.com\/noticias\/wp-json\/wp\/v2\/categories?post=104020"},{"taxonomy":"post_tag","embeddable":true,"href":"https:\/\/primicias2262.com\/noticias\/wp-json\/wp\/v2\/tags?post=104020"}],"curies":[{"name":"wp","href":"https:\/\/api.w.org\/{rel}","templated":true}]}}