{"id":104025,"date":"2023-10-13T17:30:42","date_gmt":"2023-10-13T17:30:42","guid":{"rendered":"https:\/\/primicias2262.com\/noticias\/?p=104025"},"modified":"2023-10-12T19:17:28","modified_gmt":"2023-10-12T19:17:28","slug":"la-frase-de-peron-el-que-gana-conduce-y-el-que-pierde-acompana-aca-no-se-cumple","status":"publish","type":"post","link":"https:\/\/primicias2262.com\/noticias\/la-frase-de-peron-el-que-gana-conduce-y-el-que-pierde-acompana-aca-no-se-cumple\/","title":{"rendered":"\u201cLa frase de Per\u00f3n \u2018el que gana conduce y el que pierde acompa\u00f1a\u2019 ac\u00e1 no se cumple\u201d"},"content":{"rendered":"<p><strong>As\u00ed lo se\u00f1al\u00f3 el primer candidato a concejal por Uni\u00f3n por la Patria, Juli\u00e1n Kristiansen, al referirse a la interna peronista local que sigue dejando huellas luego de las PASO. De todas maneras se\u00f1al\u00f3 que siguen adelante en sus tres propuestas puntuales para la ciudad.<\/strong><\/p>\n<p>En una nota realizada por el periodista Jorge G\u00f3mez en \u201cVoces de la Ciudad\u201d, quien acompa\u00f1a la candidatura a intendente de Marcelo Rivero manifest\u00f3 que \u201cla militancia ya est\u00e1 repartiendo las boletas casa por casa y estamos junto al Chelo cara a cara con la gente, de diez personas un promedio de seis tomaron la boleta y hay buena receptividad, que la tomen no quiere decir que voten, pero lo han aceptado con mucho respeto\u201d.<\/p>\n<p>A nivel local, Kristiansen apunt\u00f3 a la coherencia: \u201cDesde el inicio del proyecto siempre dijimos que quer\u00edamos un proyecto para la ciudad y el distrito, ahora profundizamos las propuestas respecto a las PASO ya con la candidatura expresa del Chelo, aunque es verdad que hubo dolencias en la interna, pero nosotros pertenecemos a un frente amplio con un ADN peronista\u201d.<\/p>\n<p>Fue all\u00ed cuando asegur\u00f3 que \u201cla frase del General Per\u00f3n el que gana conduce y el que pierde acompa\u00f1a es algo que tiene que ser al un\u00edsono en todos los espacios, y no se cumple, pero nosotros no miramos hacia al acostado, sino hacia adelante\u201d.<\/p>\n<p>Seguidamente describi\u00f3 que \u201cenfatizamos en nuestras propuestas, con tres ejes en la salud, educaci\u00f3n y productividad. No estamos queriendo cambiar la matriz productiva del distrito, que en 80% es agroexportadora, sino que estamos pidiendo que haya una mirada por ejemplo hacia la explotaci\u00f3n petrolera offshore, que podr\u00eda darle a Necochea una fuerte posibilidad de empleos y una retribuci\u00f3n que no se la est\u00e1 dando el agro en este momento\u201d.<\/p>\n<p>En cuanto a educaci\u00f3n, ejemplific\u00f3 que \u201ces fundamental el proyecto junto a Provincia denominado Puentes, de universidades p\u00fablicas con edificios y carreras para todos los distritos, algo fundamental para que nuestros chicos no se vayan de la ciudad\u201d.<\/p>\n<p>Mientras que a nivel nacional, Juli\u00e1n mencion\u00f3 que \u201ccon el d\u00f3lar y la inflaci\u00f3n tenemos un flagelo hace mucho tiempo y las f\u00f3rmulas m\u00e1gicas no aparecen de golpe, aunque confiamos en que Sergio Massa va a revertir la situaci\u00f3n ya con un gobierno propio\u201d, y reconoci\u00f3 que \u201chay que hacer un mea culpa de este gobierno actual, desde nuestro espacio consideramos que pod\u00edan haber sido pol\u00edticas mucho m\u00e1s abiertas y en pos de productividad, y creo que Massa puede ser una opci\u00f3n para sacar el pa\u00eds adelante con medidas importantes porque no es extremista, sino bastante mediador con todos los espacios\u201d.<\/p>\n<p>A la hora de analizar a Javier Milei, marc\u00f3 que \u201cmuchos dirigentes de su plataforma de gobierno son de la \u00e9poca de Menem y Cavallo, y ya sabemos c\u00f3mo termino eso, no es nada novedoso ni que cambie la realidad argentina, as\u00ed que apostamos a que Massa sea el presidente que nos ubique en un espacio de pa\u00eds productivo para aprovechar las riquezas que tenemos\u201d.<\/p>\n","protected":false},"excerpt":{"rendered":"<p>As\u00ed lo se\u00f1al\u00f3 el primer candidato a concejal por Uni\u00f3n por la Patria, Juli\u00e1n Kristiansen, al referirse a la interna peronista local que sigue dejando huellas luego de las PASO. De todas maneras se\u00f1al\u00f3 que siguen adelante en sus tres propuestas puntuales para la ciudad. En una nota realizada por el periodista Jorge G\u00f3mez en [&hellip;]<\/p>\n","protected":false},"author":3,"featured_media":104026,"comment_status":"open","ping_status":"open","sticky":false,"template":"","format":"standard","meta":{"footnotes":""},"categories":[6],"tags":[],"class_list":{"0":"post-104025","1":"post","2":"type-post","3":"status-publish","4":"format-standard","5":"has-post-thumbnail","7":"category-portada2"},"_links":{"self":[{"href":"https:\/\/primicias2262.com\/noticias\/wp-json\/wp\/v2\/posts\/104025","targetHints":{"allow":["GET"]}}],"collection":[{"href":"https:\/\/primicias2262.com\/noticias\/wp-json\/wp\/v2\/posts"}],"about":[{"href":"https:\/\/primicias2262.com\/noticias\/wp-json\/wp\/v2\/types\/post"}],"author":[{"embeddable":true,"href":"https:\/\/primicias2262.com\/noticias\/wp-json\/wp\/v2\/users\/3"}],"replies":[{"embeddable":true,"href":"https:\/\/primicias2262.com\/noticias\/wp-json\/wp\/v2\/comments?post=104025"}],"version-history":[{"count":2,"href":"https:\/\/primicias2262.com\/noticias\/wp-json\/wp\/v2\/posts\/104025\/revisions"}],"predecessor-version":[{"id":104062,"href":"https:\/\/primicias2262.com\/noticias\/wp-json\/wp\/v2\/posts\/104025\/revisions\/104062"}],"wp:featuredmedia":[{"embeddable":true,"href":"https:\/\/primicias2262.com\/noticias\/wp-json\/wp\/v2\/media\/104026"}],"wp:attachment":[{"href":"https:\/\/primicias2262.com\/noticias\/wp-json\/wp\/v2\/media?parent=104025"}],"wp:term":[{"taxonomy":"category","embeddable":true,"href":"https:\/\/primicias2262.com\/noticias\/wp-json\/wp\/v2\/categories?post=104025"},{"taxonomy":"post_tag","embeddable":true,"href":"https:\/\/primicias2262.com\/noticias\/wp-json\/wp\/v2\/tags?post=104025"}],"curies":[{"name":"wp","href":"https:\/\/api.w.org\/{rel}","templated":true}]}}