{"id":104033,"date":"2023-10-11T18:09:08","date_gmt":"2023-10-11T18:09:08","guid":{"rendered":"https:\/\/primicias2262.com\/noticias\/?p=104033"},"modified":"2023-10-13T19:58:28","modified_gmt":"2023-10-13T19:58:28","slug":"cambian-recorridos-del-transporte-publico-por-el-aniversario-y-menores-de-10-anos-podran-viajar-gratis","status":"publish","type":"post","link":"https:\/\/primicias2262.com\/noticias\/cambian-recorridos-del-transporte-publico-por-el-aniversario-y-menores-de-10-anos-podran-viajar-gratis\/","title":{"rendered":"Cambian recorridos del transporte p\u00fablico por el Aniversario y menores de 10 a\u00f1os podr\u00e1n viajar gratis"},"content":{"rendered":"<p>La Direcci\u00f3n de Transporte del municipio, a cargo de Facundo Croci, informa en v\u00edsperas de los festejos por el 142\u00ba Aniversario de Necochea -cuyo epicentro ser\u00e1 la Plaza Dardo Rocha- que se modificar\u00e1n recorridos de las diferentes l\u00edneas del servicio de micro-\u00f3mnibus urbano y el transporte ser\u00e1 gratuito para menores de 10 a\u00f1os.<\/p>\n<p><strong>Respecto a esto \u00faltimo, vale hacer la aclaraci\u00f3n que la gratuidad regir\u00e1 del viernes 13 al lunes 16, en el rango horario de 13.30 a 23 hs., y se deber\u00e1 presentar el DNI del menor de 10 a\u00f1os al momento de abordar a la unidad.<\/strong><\/p>\n<p><strong>Por otra parte, <\/strong>al estar cerrada la plaza del centro y la calle 56 al paso del tr\u00e1nsito por el tema de los festejos, los recorridos de los colectivos tendr\u00e1n modificaciones que se especifican a continuaci\u00f3n.<\/p>\n<p><strong>Las siguientes modificaciones de recorridos se realizar\u00e1n el mi\u00e9rcoles 11 de octubre (todo el d\u00eda) y el d\u00eda 12 hasta las 14:00<\/strong> <strong>hs.<\/strong><\/p>\n<ul>\n<li>L\u00ednea 502 (vuelta): por calle 61 hasta calle 52, por calle 52 hasta Av.59, por Av. 59 hasta calle 56, por calle 56 hasta calle 57, por calle 57 hasta Av. 58 retomando su recorrido habitual.<\/li>\n<li>L\u00ednea 503 (vuelta): por calle 61 hasta calle 52, por calle 52 hasta Av.59, por Av. 59 hasta calle 56, por calle 56 hasta calle 57, por calle 57 hasta calle 60, por calle 60 hasta Av. 59 retomando<br \/>\nsu recorrido habitual.<\/li>\n<li>L\u00edneas 510, 511, 512, 513 (ida): por calle 61 hasta calle 52, por calle 52 hasta Av. 59, por Av. 59 retomando su recorrido habitual.<\/li>\n<li>L\u00ednea 518 (vuelta): por calle 61 hasta calle 52, por calle 52 hasta Av. 59 retomando su recorrido habitual<\/li>\n<\/ul>\n<p>***<\/p>\n<p><strong>Desde este jueves 12 al martes 17 -sin afectar la frecuencia de cada micro- partir de las 14:00hs modificar\u00e1n sus recorridos de la siguiente manera<\/strong><\/p>\n<ul>\n<li>L\u00ednea 502 (vuelta): por Av. 59 hac\u00eda calle 64, por calle 64 hac\u00eda calle 61, por calle 61 hasta calle 62, por calle 62 hasta calle 53, por 53 hasta Av. 58 retomando su recorrido habitual.<\/li>\n<li>L\u00ednea 503 (vuelta): por Av. 98 hasta calle 65, por calle 65 hasta calle 62, por calle 62 hasta Av. 59 retomando su recorrido habitual<\/li>\n<li>L\u00edneas 510, 511, 512, 513: Av. 58 en direcci\u00f3n hac\u00eda calle 65, por calle 65 hasta calle 52, por 52 hasta Av. 59 retomando su recorrido habitual. Por consiguiente, no doblar\u00e1n por calle 56, que estar\u00e1 cortada entre 59 y 61; y tampoco podr\u00e1n ingresar por Av. 58 en su recorrido habitual de la rotonda por estar cerrada la plaza del centro.<\/li>\n<\/ul>\n<p>***<\/p>\n<p><strong>Las siguientes modificaciones de recorridos se realizar\u00e1n el lunes 16 de octubre desde las 9:00 hasta las 14:00 (o lo que dure el desfile)<\/strong><\/p>\n<ul>\n<li>L\u00ednea 502 (ida): por Av. 58 hasta calle 53, por calle 53 hasta 64, por calle 64 hasta Av. 59 retomando su recorrido habitual.<\/li>\n<li>L\u00ednea 502 (vuelta): por Av. 59 hasta calle 64, por calle 64 hasta calle 61, por calle 61 hasta calle 62, por calle 62 hasta calle 55, por calle 55 hasta Av. 58 retomando su recorrido habitual<\/li>\n<li>L\u00edneas 510, 511 y 512 (ida): por Av. 59 hasta calle 64, por calle 64 hasta calle 65, por calle 65 hasta calle 48, por calle 48 hasta Av. 59 retomando su recorrido habitual<\/li>\n<li>L\u00edneas 510, 511 y 512 (vuelta): por Av. 59 hasta calle 48, por calle 48 hasta calle 53, por calle 53 hasta calle 64, por calle 64 hasta Av. 59 retomando su recorrido habitual.<\/li>\n<\/ul>\n","protected":false},"excerpt":{"rendered":"<p>La Direcci\u00f3n de Transporte del municipio, a cargo de Facundo Croci, informa en v\u00edsperas de los festejos por el 142\u00ba Aniversario de Necochea -cuyo epicentro ser\u00e1 la Plaza Dardo Rocha- que se modificar\u00e1n recorridos de las diferentes l\u00edneas del servicio de micro-\u00f3mnibus urbano y el transporte ser\u00e1 gratuito para menores de 10 a\u00f1os. Respecto a [&hellip;]<\/p>\n","protected":false},"author":3,"featured_media":101662,"comment_status":"open","ping_status":"open","sticky":false,"template":"","format":"standard","meta":{"footnotes":""},"categories":[3],"tags":[],"class_list":["post-104033","post","type-post","status-publish","format-standard","has-post-thumbnail","category-masnoticias"],"_links":{"self":[{"href":"https:\/\/primicias2262.com\/noticias\/wp-json\/wp\/v2\/posts\/104033","targetHints":{"allow":["GET"]}}],"collection":[{"href":"https:\/\/primicias2262.com\/noticias\/wp-json\/wp\/v2\/posts"}],"about":[{"href":"https:\/\/primicias2262.com\/noticias\/wp-json\/wp\/v2\/types\/post"}],"author":[{"embeddable":true,"href":"https:\/\/primicias2262.com\/noticias\/wp-json\/wp\/v2\/users\/3"}],"replies":[{"embeddable":true,"href":"https:\/\/primicias2262.com\/noticias\/wp-json\/wp\/v2\/comments?post=104033"}],"version-history":[{"count":1,"href":"https:\/\/primicias2262.com\/noticias\/wp-json\/wp\/v2\/posts\/104033\/revisions"}],"predecessor-version":[{"id":104034,"href":"https:\/\/primicias2262.com\/noticias\/wp-json\/wp\/v2\/posts\/104033\/revisions\/104034"}],"wp:featuredmedia":[{"embeddable":true,"href":"https:\/\/primicias2262.com\/noticias\/wp-json\/wp\/v2\/media\/101662"}],"wp:attachment":[{"href":"https:\/\/primicias2262.com\/noticias\/wp-json\/wp\/v2\/media?parent=104033"}],"wp:term":[{"taxonomy":"category","embeddable":true,"href":"https:\/\/primicias2262.com\/noticias\/wp-json\/wp\/v2\/categories?post=104033"},{"taxonomy":"post_tag","embeddable":true,"href":"https:\/\/primicias2262.com\/noticias\/wp-json\/wp\/v2\/tags?post=104033"}],"curies":[{"name":"wp","href":"https:\/\/api.w.org\/{rel}","templated":true}]}}