{"id":104046,"date":"2023-10-13T15:52:45","date_gmt":"2023-10-13T15:52:45","guid":{"rendered":"https:\/\/primicias2262.com\/noticias\/?p=104046"},"modified":"2023-10-15T00:42:09","modified_gmt":"2023-10-15T00:42:09","slug":"las-oficinas-de-prensa-y-difusion-de-la-municipalidad-de-necochea-llevaran-el-nombre-de-hugo-eduardo-volpi","status":"publish","type":"post","link":"https:\/\/primicias2262.com\/noticias\/las-oficinas-de-prensa-y-difusion-de-la-municipalidad-de-necochea-llevaran-el-nombre-de-hugo-eduardo-volpi\/","title":{"rendered":"Las oficinas de Prensa y Difusi\u00f3n de la Municipalidad de Necochea llevar\u00e1n el nombre de Hugo Eduardo Volpi"},"content":{"rendered":"<p><strong>Tal lo aprobado por unanimidad por el Concejo Deliberante al sancionar un proyecto de ordenanza en sesi\u00f3n ordinaria. Volpi fue el primer titular de la citada \u00e1rea de la comuna local hace 40 a\u00f1os atr\u00e1s cuando se recuper\u00f3 el funcionamiento pleno de las instituciones democr\u00e1ticas del pa\u00eds, tras el paso de a \u00faltima dictadura. Hab\u00eda sido designado en tal cargo pol\u00edtico por el ex intendente Domingo Jos\u00e9 Taraborelli<\/strong><\/p>\n<p><strong>Por Jorge G\u00f3mez<\/strong><\/p>\n<p>El Concejo Deliberante de Necochea autoriz\u00f3 al Departamento Ejecutivo de la Municipalidad de Necochea a que proceda a designar con el nombre de Hugo Eduardo Volpi a las \u201coficinas del \u00e1rea de Prensa y Difusi\u00f3n\u201d de la comuna local, quien fuera designado al frente tal dependencia comunal a partir de diciembre de 1983. al inicio de la administraci\u00f3n del ex intendente Domingo Jos\u00e9 Taraborelli. Fue cuando en nuestro pa\u00eds se recompuso el funcionamiento pleno de las instituciones democr\u00e1ticas.<\/p>\n<p><a href=\"https:\/\/primicias2262.com\/noticias\/wp-content\/uploads\/2023\/10\/hugo-volpi-y-coco-taraborelli.jpg\"><img loading=\"lazy\" decoding=\"async\" class=\"aligncenter size-full wp-image-104048\" src=\"https:\/\/primicias2262.com\/noticias\/wp-content\/uploads\/2023\/10\/hugo-volpi-y-coco-taraborelli.jpg\" alt=\"\" width=\"720\" height=\"960\" srcset=\"https:\/\/primicias2262.com\/noticias\/wp-content\/uploads\/2023\/10\/hugo-volpi-y-coco-taraborelli.jpg 720w, https:\/\/primicias2262.com\/noticias\/wp-content\/uploads\/2023\/10\/hugo-volpi-y-coco-taraborelli-225x300.jpg 225w, https:\/\/primicias2262.com\/noticias\/wp-content\/uploads\/2023\/10\/hugo-volpi-y-coco-taraborelli-150x200.jpg 150w, https:\/\/primicias2262.com\/noticias\/wp-content\/uploads\/2023\/10\/hugo-volpi-y-coco-taraborelli-300x400.jpg 300w, https:\/\/primicias2262.com\/noticias\/wp-content\/uploads\/2023\/10\/hugo-volpi-y-coco-taraborelli-696x928.jpg 696w\" sizes=\"auto, (max-width: 720px) 100vw, 720px\" \/><\/a>El respecto proyecto de ordenanza fue aprobado por unanimidad en el transcurso de la sesi\u00f3n ordinaria del HCD que tuvo lugar este martes 10 de octubre, sin realizarse consideraciones al respecto.<\/p>\n<p>El expediente ser\u00e1 remitido seguidamente al Departamento Ejecutivo para su respectiva homologaci\u00f3n tras lo cual se establecer\u00e1 la fecha de concreci\u00f3n del acto para la ejecuci\u00f3n plena de esta medida, invit\u00e1ndose a Volpi -ya retirado de la actividad period\u00edstica-, familiares y allegados a tomar parte del mismo. Se prev\u00e9 que se llevar\u00eda adelante cuando se estar\u00e1n cumpliendo, a fines de este 2023, los 40 a\u00f1os de la recuperaci\u00f3n democr\u00e1tica nacional, provincial y municipal.<\/p>\n<p><a href=\"https:\/\/primicias2262.com\/noticias\/wp-content\/uploads\/2023\/10\/hugo-volpi-scaled.jpg\"><img loading=\"lazy\" decoding=\"async\" class=\"aligncenter size-full wp-image-104049\" src=\"https:\/\/primicias2262.com\/noticias\/wp-content\/uploads\/2023\/10\/hugo-volpi-scaled.jpg\" alt=\"\" width=\"2560\" height=\"2193\" srcset=\"https:\/\/primicias2262.com\/noticias\/wp-content\/uploads\/2023\/10\/hugo-volpi-scaled.jpg 2560w, https:\/\/primicias2262.com\/noticias\/wp-content\/uploads\/2023\/10\/hugo-volpi-300x257.jpg 300w, https:\/\/primicias2262.com\/noticias\/wp-content\/uploads\/2023\/10\/hugo-volpi-1024x877.jpg 1024w, https:\/\/primicias2262.com\/noticias\/wp-content\/uploads\/2023\/10\/hugo-volpi-768x658.jpg 768w, https:\/\/primicias2262.com\/noticias\/wp-content\/uploads\/2023\/10\/hugo-volpi-1536x1316.jpg 1536w, https:\/\/primicias2262.com\/noticias\/wp-content\/uploads\/2023\/10\/hugo-volpi-2048x1754.jpg 2048w, https:\/\/primicias2262.com\/noticias\/wp-content\/uploads\/2023\/10\/hugo-volpi-150x128.jpg 150w, https:\/\/primicias2262.com\/noticias\/wp-content\/uploads\/2023\/10\/hugo-volpi-696x596.jpg 696w, https:\/\/primicias2262.com\/noticias\/wp-content\/uploads\/2023\/10\/hugo-volpi-1068x915.jpg 1068w, https:\/\/primicias2262.com\/noticias\/wp-content\/uploads\/2023\/10\/hugo-volpi-1920x1645.jpg 1920w\" sizes=\"auto, (max-width: 2560px) 100vw, 2560px\" \/><\/a>La iniciativa fue puesta a consideraci\u00f3n del cuerpo de concejales de parte de quien suscribe este informe, y tras ser analizada y debatida en las comisiones internas del Deliberante local se lleg\u00f3 a la mencionada aprobaci\u00f3n.<\/p>\n<p><strong>El texto de la ordenanza surgida del HCD de Necochea es el siguiente:<\/strong><\/p>\n<p><strong>VISTO:<\/strong><\/p>\n<p>La nota presentada por el periodista de Necochea Jorge G\u00f3mez, solicitando el nombramiento de HUGO EDUARDO VOLPI a las oficinas que en la actualidad ocupan en el Palacio Municipal el \u00e1rea de prensa y difusi\u00f3n, dependencia que est\u00e1 a cargo del Departamento Ejecutivo comunal; y<\/p>\n<p><strong>CONSIDERANDO:<\/strong><\/p>\n<p>Que la iniciativa se fundamenta en que, a pocos meses de cumplirse 40\u00ba aniversario de la recuperaci\u00f3n de las instituciones democr\u00e1ticas en nuestro pa\u00eds, hecho que localmente se traslad\u00f3 a la asunci\u00f3n de aquel primer cuerpo de 18 concejales que se form\u00f3 a inicios de diciembre de 1983, donde tuvo lugar el acto de asunci\u00f3n del primer intendente de este periodo democr\u00e1tico, el fallecido doctor Domingo Jos\u00e9 Taraborelli, en forma simultanea se crearon las dependencias de la, por entonces, \u00e1rea de Prensa de la Municipalidad, recayendo en la figura de HUGO EDUARDO VOLPI esta responsabilidad pol\u00edtica;<\/p>\n<p>Que quien realiza esta propuesta pudo comprobar la importancia de lo que significo, hace 40 a\u00f1os atr\u00e1s, contar con una dependencia comunal que estuviera a cargo de un periodista surgido de la actividad de la comunicaci\u00f3n local, y dispuesta a brindar informaci\u00f3n de los sucesos municipales de entonces;<\/p>\n<p>Que trascurridas 4 d\u00e9cadas y en atenci\u00f3n a que el citado HUGO EDUAR4DO VOLPI, ya retirado de su actividad profesional, que hoy reside en la ciudad de La Plata, cuenta a\u00fan con ra\u00edces en la ciudad de Necochea, habiendo dejado profesionales y respetuosas relaciones con aquellos m\u00e1s veteranos de la actividad;<\/p>\n<p>Que HUGO EDUARDO VOLPI naci\u00f3 el 3 de octubre de 1951. Tras cursar sus estudios en Necochea, su experiencia y desarrollo period\u00edstico, comenz\u00f3 en 1971 cuando iniciaron las trasmisiones de automovilismo deportivo en nuestro medio y la zona. En este rubro integro numerosos equipos de periodistas, cronistas yu auxiliares de staff como ACELERANDO L.U.13 RADIO NECOCHEA; CAMPEONES RADIO SPLENDID, RADIO EL MUNDO Y RADIO RIVADAVIA; CARBURANDO \u2013 L.S.5 RADIO RIVADAVIA Y L.U.24 RADIO TRES ARROYOS; fue corresponsal para la costa atl\u00e1ntica para L.S.5 RADIO RIVADAVIA entre los a\u00f1os 1975 y 1984. Condujo el programa \u201c10 ACELERADAS\u201d por canal 10 de Mar del Plata;<\/p>\n<p>Que en 1983 fue designado Director General de Prensa y Difusi\u00f3n de la Municipalidad de Necochea, en la administraci\u00f3n del ex intendente Domingo Jos\u00e9 Taraborelli, siendo el primer titular del \u00e1rea del actual proceso democr\u00e1tico. Fue tambi\u00e9n ocasi\u00f3n en que cumplido funciones como Director General de Turismo;<\/p>\n<p>Que entre 1988 y 1991 se desempe\u00f1\u00f3 como Asesor de Subsecretaria de Turismo de la provincia de Buenos Aires en temas vinculados a la promoci\u00f3n y difusi\u00f3n del turismo Bonaerense;<\/p>\n<p>Que entre 1991 y 1992 volvi\u00f3 a ocupar el cargo de Director de Prensa y Difusi\u00f3n de la Municipalidad de Necochea, en el marco de la gesti\u00f3n ejecutiva comunal del ex intendente Jos\u00e9 Antonio Aloisi. Y entre 1992 y 1994 condujo el programa \u201cNOTICIAS CON OPINI\u00d3N\u201d en distintas emisoras de Necochea;<\/p>\n<p>Que en 1994 se radico en la ciudad de La Plata desarrollando la profesi\u00f3n period\u00edstica, como Asesor en la Direcci\u00f3n de Prensa de la Municipalidad de La Plata;<\/p>\n<p>Que, entre los a\u00f1os 1995 y 2007 se desempe\u00f1\u00f3 como Asesor de Prensa del Senador Provincial, Dr. Juan Jos\u00e9 Amondarain, integrante del staff de la Honorable C\u00e1mara de Senadores de la Provincia de Buenos Aires;<\/p>\n<p>Que en 1995 reinicio su ciclo Noticias Con Opini\u00f3n en la frecuencia de L.R.11 RADIO UNIVERSAL NACIONAL DE LA PLATA. Entre 1996 y 1999 se desempe\u00f1\u00f3 como corresponsal de TELEFE NOTICIAS en la ciudad de La Plata;<\/p>\n<p>Que, adem\u00e1s condujo el programa \u201cCiudad Solidarias\u201d por Canal 4 OPEN T.V. en la ciudad de La Plata, entre marzo y diciembre del 2000;<\/p>\n<p>Que el 1\u00ba de febrero del 2002 fue designado Director Provincial de Comunicaci\u00f3n Radial por el entonces gobernador de la provincia de Buenos Aires, Ing. Felipe Sol\u00e1, cargo que ocup\u00f3 hasta el 1\u00ba de julio del 2003;<\/p>\n<p>Que condujo el programa \u201cNoticia con Opini\u00f3n\u201d en L.S.11 RADIO PROVINCIA DE BUENOS AIRES, como as\u00ed condujo el ciclo \u201cRadio Reloj\u201d por RADIO PROVINCIA DE BUENOS AIRES hasta abril del 2007. Desde este \u00faltimo a\u00f1o (2007) hasta diciembre del 2014 desarrollo columnas pol\u00edticas y legislativas en la programaci\u00f3n de L.S.11 RADIO PROVINCIA DE BUENOS AIRES;<\/p>\n<p>Que fue convocado en diversas oportunidades para oficiar como jurado en distintos concursos para la designaci\u00f3n de titulares de la Catedra Radio en la Facultad de Periodismo y Comunicaci\u00f3n Social de la Universidad de La Plata;<\/p>\n<p>Que recibi\u00f3 m\u00faltiples premios y distinciones: Premio Caduceo 1998, otorgado por el Consejo Profesional de Ciencias Econ\u00f3micas de la Provincia de Buenos Aires, a la MEJOR LABOR PERIOD\u00cdSTICA EN RADIO. Radio Capital 91.3 \u2013 La Plata. Distinci\u00f3n Santa Teresita del Ni\u00f1o Jes\u00fas en los a\u00f1os 1998, 1999 y 2000. Otorgada por la ASOCIACION AMOR Y RESPETO AL PROJIMO por su aporte a la concientizaci\u00f3n comunitaria para reducir los accidentes de tr\u00e1nsito. Premio C\u00f3ndor de Fuego en el rubro labor period\u00edstica en radio 1999. Premio UPCN en el rubro Tarea Solidaria por el Programa Ciudad Solidaria \u2013 Canal 4 OPEN TV La Plata a\u00f1o 2000. Premio Faro de oro. Mejor programa period\u00edstico en radio, \u201cNoticia con opini\u00f3n\u201d L.S.11 RADIO PROVINCIA DE BUENOS AIRES a\u00f1o 2004 y 2012.<\/p>\n<p>POR TODO ELLO EL BLOQUE DE CONCEJALES NUEVA NECOCHEA de Necochea, en uso de sus leg\u00edtimas atribuciones presenta para su consideraci\u00f3n el presente proyecto de:<\/p>\n<p><u>ORDENANZA<\/u><\/p>\n<p><u>ART\u00cdCULO 1\u00b0:<\/u> Denom\u00ednese a las oficinas del \u00e1rea de Prensa y Difusi\u00f3n de la Municipalidad de Necochea con el nombre de HUGO EDUARDO VOLPI.<\/p>\n<p><u>ART\u00cdCULO 2: <\/u>Rem\u00edtase copia de la presente al se\u00f1or HUGO EDUARDO VOLPI e inv\u00edtese al mismo al acto de conmemoraci\u00f3n e imposici\u00f3n de la respectiva placa identificadora.<\/p>\n<p><u>ART\u00cdCULO 3\u00b0:<\/u> Comun\u00edquese al Departamento Ejecutivo y dem\u00e1s.<\/p>\n<p><u>ART\u00cdCULO 4\u00b0:<\/u> De forma.<\/p>\n","protected":false},"excerpt":{"rendered":"<p>Tal lo aprobado por unanimidad por el Concejo Deliberante al sancionar un proyecto de ordenanza en sesi\u00f3n ordinaria. Volpi fue el primer titular de la citada \u00e1rea de la comuna local hace 40 a\u00f1os atr\u00e1s cuando se recuper\u00f3 el funcionamiento pleno de las instituciones democr\u00e1ticas del pa\u00eds, tras el paso de a \u00faltima dictadura. Hab\u00eda [&hellip;]<\/p>\n","protected":false},"author":3,"featured_media":104047,"comment_status":"open","ping_status":"open","sticky":false,"template":"","format":"standard","meta":{"footnotes":""},"categories":[3],"tags":[],"class_list":["post-104046","post","type-post","status-publish","format-standard","has-post-thumbnail","category-masnoticias"],"_links":{"self":[{"href":"https:\/\/primicias2262.com\/noticias\/wp-json\/wp\/v2\/posts\/104046","targetHints":{"allow":["GET"]}}],"collection":[{"href":"https:\/\/primicias2262.com\/noticias\/wp-json\/wp\/v2\/posts"}],"about":[{"href":"https:\/\/primicias2262.com\/noticias\/wp-json\/wp\/v2\/types\/post"}],"author":[{"embeddable":true,"href":"https:\/\/primicias2262.com\/noticias\/wp-json\/wp\/v2\/users\/3"}],"replies":[{"embeddable":true,"href":"https:\/\/primicias2262.com\/noticias\/wp-json\/wp\/v2\/comments?post=104046"}],"version-history":[{"count":1,"href":"https:\/\/primicias2262.com\/noticias\/wp-json\/wp\/v2\/posts\/104046\/revisions"}],"predecessor-version":[{"id":104050,"href":"https:\/\/primicias2262.com\/noticias\/wp-json\/wp\/v2\/posts\/104046\/revisions\/104050"}],"wp:featuredmedia":[{"embeddable":true,"href":"https:\/\/primicias2262.com\/noticias\/wp-json\/wp\/v2\/media\/104047"}],"wp:attachment":[{"href":"https:\/\/primicias2262.com\/noticias\/wp-json\/wp\/v2\/media?parent=104046"}],"wp:term":[{"taxonomy":"category","embeddable":true,"href":"https:\/\/primicias2262.com\/noticias\/wp-json\/wp\/v2\/categories?post=104046"},{"taxonomy":"post_tag","embeddable":true,"href":"https:\/\/primicias2262.com\/noticias\/wp-json\/wp\/v2\/tags?post=104046"}],"curies":[{"name":"wp","href":"https:\/\/api.w.org\/{rel}","templated":true}]}}