{"id":104051,"date":"2023-10-12T12:15:02","date_gmt":"2023-10-12T12:15:02","guid":{"rendered":"https:\/\/primicias2262.com\/noticias\/?p=104051"},"modified":"2023-10-13T20:23:09","modified_gmt":"2023-10-13T20:23:09","slug":"la-recoleccion-de-residuos-funcionara-con-total-normalidad-este-fin-de-semana","status":"publish","type":"post","link":"https:\/\/primicias2262.com\/noticias\/la-recoleccion-de-residuos-funcionara-con-total-normalidad-este-fin-de-semana\/","title":{"rendered":"La recolecci\u00f3n de residuos funcionar\u00e1 con total normalidad este fin de semana"},"content":{"rendered":"<p><strong>Aunque los feriados ser\u00e1n tres desde este jueves y hasta el lunes, el servicio domiciliario no sufrir\u00e1 alteraciones y funcionar\u00e1 normalmente en sus dos turnos horarios.<\/strong><\/p>\n<p>La Secretar\u00eda de Planeamiento, Obras y Servicios P\u00fablicos de la Municipalidad de Necochea inform\u00f3 en la v\u00edspera del fin de semana largo que el servicio de recolecci\u00f3n de residuos domiciliaria no se ver\u00e1 afectado por la serie de d\u00edas feriados que comenzar\u00e1n este jueves, con motivo de la celebraci\u00f3n de un nuevo aniversario de la ciudad cabecera del distrito.<\/p>\n<p>Recordando que, a nivel nacional, tampoco ser\u00e1n laborales los pr\u00f3ximos viernes 13, con fines tur\u00edsticos, y lunes 16, por el D\u00eda del Respeto a la Diversidad Cultural (que se traslada por caer jueves el 12 de octubre), el \u00e1rea municipal supervisora de la prestaci\u00f3n asegur\u00f3 que se respetar\u00e1n las frecuencia y horarios preestablecidos.<\/p>\n<p>As\u00ed, el servicio diurno funcionar\u00e1 como lo hace habitualmente, de lunes a s\u00e1bados con inicio a las 8 de la ma\u00f1ana; y el nocturno tambi\u00e9n ser\u00e1 normal, desde las 20 y de domingo a viernes, confirmaron desde la dependencia de la comuna.<\/p>\n<p><a href=\"https:\/\/primicias2262.com\/noticias\/wp-content\/uploads\/2023\/10\/11-10-PLACA-Servicio-Recoleccion-Residuos-Aniversario-Necochea-e1697047872443.jpeg\"><img loading=\"lazy\" decoding=\"async\" class=\"aligncenter size-full wp-image-104052\" src=\"https:\/\/primicias2262.com\/noticias\/wp-content\/uploads\/2023\/10\/11-10-PLACA-Servicio-Recoleccion-Residuos-Aniversario-Necochea-e1697047872443.jpeg\" alt=\"\" width=\"800\" height=\"800\" srcset=\"https:\/\/primicias2262.com\/noticias\/wp-content\/uploads\/2023\/10\/11-10-PLACA-Servicio-Recoleccion-Residuos-Aniversario-Necochea-e1697047872443.jpeg 800w, https:\/\/primicias2262.com\/noticias\/wp-content\/uploads\/2023\/10\/11-10-PLACA-Servicio-Recoleccion-Residuos-Aniversario-Necochea-e1697047872443-300x300.jpeg 300w, https:\/\/primicias2262.com\/noticias\/wp-content\/uploads\/2023\/10\/11-10-PLACA-Servicio-Recoleccion-Residuos-Aniversario-Necochea-e1697047872443-150x150.jpeg 150w, https:\/\/primicias2262.com\/noticias\/wp-content\/uploads\/2023\/10\/11-10-PLACA-Servicio-Recoleccion-Residuos-Aniversario-Necochea-e1697047872443-768x768.jpeg 768w, https:\/\/primicias2262.com\/noticias\/wp-content\/uploads\/2023\/10\/11-10-PLACA-Servicio-Recoleccion-Residuos-Aniversario-Necochea-e1697047872443-696x696.jpeg 696w\" sizes=\"auto, (max-width: 800px) 100vw, 800px\" \/><\/a><\/p>\n","protected":false},"excerpt":{"rendered":"<p>Aunque los feriados ser\u00e1n tres desde este jueves y hasta el lunes, el servicio domiciliario no sufrir\u00e1 alteraciones y funcionar\u00e1 normalmente en sus dos turnos horarios. La Secretar\u00eda de Planeamiento, Obras y Servicios P\u00fablicos de la Municipalidad de Necochea inform\u00f3 en la v\u00edspera del fin de semana largo que el servicio de recolecci\u00f3n de residuos [&hellip;]<\/p>\n","protected":false},"author":3,"featured_media":102989,"comment_status":"open","ping_status":"open","sticky":false,"template":"","format":"standard","meta":{"footnotes":""},"categories":[3],"tags":[],"class_list":["post-104051","post","type-post","status-publish","format-standard","has-post-thumbnail","category-masnoticias"],"_links":{"self":[{"href":"https:\/\/primicias2262.com\/noticias\/wp-json\/wp\/v2\/posts\/104051","targetHints":{"allow":["GET"]}}],"collection":[{"href":"https:\/\/primicias2262.com\/noticias\/wp-json\/wp\/v2\/posts"}],"about":[{"href":"https:\/\/primicias2262.com\/noticias\/wp-json\/wp\/v2\/types\/post"}],"author":[{"embeddable":true,"href":"https:\/\/primicias2262.com\/noticias\/wp-json\/wp\/v2\/users\/3"}],"replies":[{"embeddable":true,"href":"https:\/\/primicias2262.com\/noticias\/wp-json\/wp\/v2\/comments?post=104051"}],"version-history":[{"count":1,"href":"https:\/\/primicias2262.com\/noticias\/wp-json\/wp\/v2\/posts\/104051\/revisions"}],"predecessor-version":[{"id":104053,"href":"https:\/\/primicias2262.com\/noticias\/wp-json\/wp\/v2\/posts\/104051\/revisions\/104053"}],"wp:featuredmedia":[{"embeddable":true,"href":"https:\/\/primicias2262.com\/noticias\/wp-json\/wp\/v2\/media\/102989"}],"wp:attachment":[{"href":"https:\/\/primicias2262.com\/noticias\/wp-json\/wp\/v2\/media?parent=104051"}],"wp:term":[{"taxonomy":"category","embeddable":true,"href":"https:\/\/primicias2262.com\/noticias\/wp-json\/wp\/v2\/categories?post=104051"},{"taxonomy":"post_tag","embeddable":true,"href":"https:\/\/primicias2262.com\/noticias\/wp-json\/wp\/v2\/tags?post=104051"}],"curies":[{"name":"wp","href":"https:\/\/api.w.org\/{rel}","templated":true}]}}