{"id":104055,"date":"2023-10-12T19:12:53","date_gmt":"2023-10-12T19:12:53","guid":{"rendered":"https:\/\/primicias2262.com\/noticias\/?p=104055"},"modified":"2023-10-13T20:56:15","modified_gmt":"2023-10-13T20:56:15","slug":"se-realizaron-los-actos-por-el-142o-aniversario-de-necochea","status":"publish","type":"post","link":"https:\/\/primicias2262.com\/noticias\/se-realizaron-los-actos-por-el-142o-aniversario-de-necochea\/","title":{"rendered":"Se realizaron los actos por el 142\u00ba Aniversario de Necochea"},"content":{"rendered":"<p><strong>Con un sol pleno como acompa\u00f1ante, este jueves 12 de octubre se cumple el 142\u00ba Aniversario de la fundaci\u00f3n de la ciudad de Necochea, cuyo acto protocolar fue encabezado por el intendente Arturo Rojas. La ceremonia const\u00f3 de ofrendas florales en homenaje a los fundadores \u00c1ngel Murga y Victorio de la Canal, y al General Mariano Necochea, en cuyo monumento el jefe comunal brind\u00f3 sus palabras alusivas.<\/strong><\/p>\n<p>\u201cHoy se cumple un nuevo aniversario de la fundaci\u00f3n de nuestra querida ciudad y lo primero que quiero hacer es agradecer\u201d, expres\u00f3 Rojas al inicio, haciendo extensivo un c\u00e1lido reconocimiento a su equipo y a los trabajadores municipales que est\u00e1n \u201cdejando la plaza Dardo Rocha muy linda para los festejos de este fin de semana largo\u201d.<\/p>\n<p>A prop\u00f3sito de la plaza central, enfatiz\u00f3 que \u201ces emblem\u00e1tica y desde el primer d\u00eda que se fund\u00f3 nuestra ciudad esos pobladores que izaron por primera vez la bandera se hizo una fiesta popular, y a lo largo de la historia se ha ido festejando en este lugar que hemos puesto en valor y que para nosotros es absolutamente significativo\u201d.<\/p>\n<figure class=\"wp-block-gallery has-nested-images columns-default is-cropped wp-block-gallery-1 is-layout-flex wp-block-gallery-is-layout-flex\">\n<figure class=\"wp-block-image size-large\"><img loading=\"lazy\" decoding=\"async\" class=\"wp-image-81634\" src=\"https:\/\/necochea.gov.ar\/wp-content\/uploads\/2023\/10\/12-10-FOTO-acto-142-Aniversario2.jpeg\" alt=\"\" width=\"1600\" height=\"1066\" data-id=\"81634\" \/><\/figure>\n<figure class=\"wp-block-image size-large\"><img loading=\"lazy\" decoding=\"async\" class=\"wp-image-81633\" src=\"https:\/\/necochea.gov.ar\/wp-content\/uploads\/2023\/10\/12-10-FOTO-acto-142-Aniversario.jpeg\" alt=\"\" width=\"1600\" height=\"1066\" data-id=\"81633\" \/><\/figure>\n<\/figure>\n<p>Seguidamente, el Intendente afirm\u00f3 que \u201cquiero resaltar los valores de aquellos pioneros de la ciudad que la fundaron con coraje y valent\u00eda\u201d, y haciendo un llamado plural se\u00f1al\u00f3 que \u201cquiz\u00e1 no estaban de acuerdo en todo, pero supieron que no era a trav\u00e9s de las diferencias sino a trav\u00e9s de las coincidencias la manera de lograr el progreso, desarrollo y prosperidad de una tierra, dejaron de lado las mezquindades y trabajaron por un objetivo en com\u00fan, y esa ense\u00f1anza que nos dejaron es lo que nos marca el rumbo que debemos tener en la gesti\u00f3n. La construcci\u00f3n de una comunidad y el sentido de pertenencia lo hacemos entre todos, cada uno desde su lugar\u201d.<\/p>\n<p>Luego el m\u00e1ximo mandatario del distrito sostuvo que \u201ctenemos funcionarios absolutamente comprometidos y hemos podido articular con los sectores privados y las instituciones intermedias, y tenemos el desaf\u00edo por delante de seguir trabajando y que cada d\u00eda haya una obra m\u00e1s y un servicio m\u00e1s, y que aquellos que no forman parte de nuestro gobierno traigan propuestas concretas y superadoras porque todos queremos que la comunidad progrese\u201d.<\/p>\n<figure class=\"wp-block-image size-full\"><img loading=\"lazy\" decoding=\"async\" class=\"wp-image-81635\" src=\"https:\/\/necochea.gov.ar\/wp-content\/uploads\/2023\/10\/12-10-FOTO-Arturo-Rojas.jpeg\" alt=\"\" width=\"1600\" height=\"1066\" \/><\/figure>\n<p>Finalmente, destac\u00f3 que \u201cestoy contento con lo que se ha venido logrando, pero no me quedo tranquilo porque s\u00e9 que nos queda por delante un largo camino, convencidos de que a trav\u00e9s de la honestidad, el trabajo y la perseverancia lograremos un distrito que genere m\u00e1s oportunidades\u201d, acotando que \u201ces un distrito que est\u00e1 bendecido por la mano de Dios y hace falta la mano del hombre para acompa\u00f1ar la bendici\u00f3n en t\u00e9rminos naturales\u201d, y subrayando que \u201cde una vez por todas tenemos que priorizar nuestro distrito, sin relegar las bander\u00edas pol\u00edticas que cada uno tiene en su coraz\u00f3n, pero ponernos por encima de eso la camiseta del distrito de Necochea, Quequ\u00e9n y el interior\u201d.<\/p>\n<p>El mensaje del intendente le dio cierre al acto protocolar en el que acompa\u00f1\u00f3 tambi\u00e9n la Sociedad Espa\u00f1ola de Socorros Mutuos, en el a\u00f1o de su 140\u00ba Aniversario; la Banda Municipal de M\u00fasica, funcionarios del Departamento Ejecutivo, autoridades y concejales del cuerpo legislativo; presidenta y cuerpo de consejeros del Consejo Escolar; la Usina Popular Cooperativa; la Logia Mas\u00f3nica Sol Argentino; autoridades eclesi\u00e1sticas, entidades intermedias y vecinos.<\/p>\n<figure class=\"wp-block-gallery has-nested-images columns-default is-cropped wp-block-gallery-3 is-layout-flex wp-block-gallery-is-layout-flex\">\n<figure class=\"wp-block-image size-large\"><img loading=\"lazy\" decoding=\"async\" class=\"wp-image-81638\" src=\"https:\/\/necochea.gov.ar\/wp-content\/uploads\/2023\/10\/12-10-FOTO-ofrenda-floral-Murga.jpeg\" alt=\"\" width=\"1600\" height=\"1066\" data-id=\"81638\" \/><figcaption class=\"wp-element-caption\">Arturo Rojas y Silvina Jensen en el monumento a Murga<\/figcaption><\/figure>\n<figure class=\"wp-block-image size-large\"><img loading=\"lazy\" decoding=\"async\" class=\"wp-image-81637\" src=\"https:\/\/necochea.gov.ar\/wp-content\/uploads\/2023\/10\/12-10-FOTO-ofrenda-floral-de-la-Canal.jpeg\" alt=\"\" width=\"1600\" height=\"1066\" data-id=\"81637\" \/><figcaption class=\"wp-element-caption\">El intendente junto a descendientes de de la Canal<\/figcaption><\/figure>\n<figure class=\"wp-block-image size-large\"><img loading=\"lazy\" decoding=\"async\" class=\"wp-image-81639\" src=\"https:\/\/necochea.gov.ar\/wp-content\/uploads\/2023\/10\/12-10-FOTO-ofrenda-floral-Necochea.jpeg\" alt=\"\" width=\"1600\" height=\"1066\" data-id=\"81639\" \/><figcaption class=\"wp-element-caption\">Arturo Rojas y Guillermo S\u00e1nchez<\/figcaption><\/figure>\n<\/figure>\n<p>Anteriormente, se colocaron ofrendas florales al pie del monumento a Don \u00c1ngel Ignacio Murga en 58 y 61; a Victorio de la Canal en 57 y 60 junto a sus descendientes; para luego finalizar la ronda de homenajes al pie del monumento a Mariano Necochea, en 58 y 59.<\/p>\n","protected":false},"excerpt":{"rendered":"<p>Con un sol pleno como acompa\u00f1ante, este jueves 12 de octubre se cumple el 142\u00ba Aniversario de la fundaci\u00f3n de la ciudad de Necochea, cuyo acto protocolar fue encabezado por el intendente Arturo Rojas. La ceremonia const\u00f3 de ofrendas florales en homenaje a los fundadores \u00c1ngel Murga y Victorio de la Canal, y al General [&hellip;]<\/p>\n","protected":false},"author":3,"featured_media":104056,"comment_status":"open","ping_status":"open","sticky":false,"template":"","format":"standard","meta":{"footnotes":""},"categories":[3],"tags":[],"class_list":["post-104055","post","type-post","status-publish","format-standard","has-post-thumbnail","category-masnoticias"],"_links":{"self":[{"href":"https:\/\/primicias2262.com\/noticias\/wp-json\/wp\/v2\/posts\/104055","targetHints":{"allow":["GET"]}}],"collection":[{"href":"https:\/\/primicias2262.com\/noticias\/wp-json\/wp\/v2\/posts"}],"about":[{"href":"https:\/\/primicias2262.com\/noticias\/wp-json\/wp\/v2\/types\/post"}],"author":[{"embeddable":true,"href":"https:\/\/primicias2262.com\/noticias\/wp-json\/wp\/v2\/users\/3"}],"replies":[{"embeddable":true,"href":"https:\/\/primicias2262.com\/noticias\/wp-json\/wp\/v2\/comments?post=104055"}],"version-history":[{"count":1,"href":"https:\/\/primicias2262.com\/noticias\/wp-json\/wp\/v2\/posts\/104055\/revisions"}],"predecessor-version":[{"id":104057,"href":"https:\/\/primicias2262.com\/noticias\/wp-json\/wp\/v2\/posts\/104055\/revisions\/104057"}],"wp:featuredmedia":[{"embeddable":true,"href":"https:\/\/primicias2262.com\/noticias\/wp-json\/wp\/v2\/media\/104056"}],"wp:attachment":[{"href":"https:\/\/primicias2262.com\/noticias\/wp-json\/wp\/v2\/media?parent=104055"}],"wp:term":[{"taxonomy":"category","embeddable":true,"href":"https:\/\/primicias2262.com\/noticias\/wp-json\/wp\/v2\/categories?post=104055"},{"taxonomy":"post_tag","embeddable":true,"href":"https:\/\/primicias2262.com\/noticias\/wp-json\/wp\/v2\/tags?post=104055"}],"curies":[{"name":"wp","href":"https:\/\/api.w.org\/{rel}","templated":true}]}}