{"id":104059,"date":"2023-10-12T19:16:03","date_gmt":"2023-10-12T19:16:03","guid":{"rendered":"https:\/\/primicias2262.com\/noticias\/?p=104059"},"modified":"2023-10-13T20:17:50","modified_gmt":"2023-10-13T20:17:50","slug":"fallecio-vinco-cernich","status":"publish","type":"post","link":"https:\/\/primicias2262.com\/noticias\/fallecio-vinco-cernich\/","title":{"rendered":"Falleci\u00f3 Vinco Cernich"},"content":{"rendered":"<p><strong>Por Jorge G\u00f3mez<\/strong><\/p>\n<p>En la tarde del mi\u00e9rcoles 11 de octubre falleci\u00f3 Vinco Cernich, a los 89 a\u00f1os de edad. La foto adjuntada por aqu\u00ed lo encuentra posando no hace mucho tiempo atr\u00e1s junto a su se\u00f1ora esposa, Rosa, a quien se\u00f1al\u00e1bamos siempre como \u201cRosita\u201d.<\/p>\n<p>Tuvimos en nuestra adolescencia y primera juventud el gusto y el placer de conocer las cualidades de Vinco, quien adem\u00e1s es el pap\u00e1 de nuestro amigo y hermano de la vida, Marcelo Cernich.<\/p>\n<p>El estimado Vinco se encontraba internado en el Hospital Emilio Ferreyra, con un cuadro de salud altamente delicado y dej\u00f3 de existir en la presente jornada. Que en paz descanse.<\/p>\n<p>Vinco Cernich fue un recordado zaguero central de Boca Juniors de Necochea en su juventud y tambi\u00e9n -creo- fue un activo practicante de la \u201camericana en el aire\u201d, el basquetbol.<\/p>\n<p>Adem\u00e1s de ser un marido ejemplar, fue un padre afectuoso y maravilloso, brindando, cuando pudo encontrar los momentos propios, esa hilera de consejos y de palabras sabias de alguien que, en su vida de trabajador, fue alba\u00f1il y respetado constructor de Necochea.<\/p>\n<p>Sus restos fueron velados este jueves 12 de octubre en la sala N\u00ba 3 del \u00e1rea de Sepelios de la UPC de Necochea, ubicada en avenida 59 y calle 80, de 7 a 10 de la ma\u00f1ana.<\/p>\n<p>Y lo estuvimos despidiendo al estimado Vinco, con el respeto que impone este momento. P\u00e9same y condolencias a la familia Cernich, extensivo a su se\u00f1ora esposa, a Marcelo y a su hermana Gabriela, como as\u00ed al resto de quienes la componen.<\/p>\n","protected":false},"excerpt":{"rendered":"<p>Por Jorge G\u00f3mez En la tarde del mi\u00e9rcoles 11 de octubre falleci\u00f3 Vinco Cernich, a los 89 a\u00f1os de edad. La foto adjuntada por aqu\u00ed lo encuentra posando no hace mucho tiempo atr\u00e1s junto a su se\u00f1ora esposa, Rosa, a quien se\u00f1al\u00e1bamos siempre como \u201cRosita\u201d. Tuvimos en nuestra adolescencia y primera juventud el gusto y [&hellip;]<\/p>\n","protected":false},"author":3,"featured_media":104060,"comment_status":"open","ping_status":"open","sticky":false,"template":"","format":"standard","meta":{"footnotes":""},"categories":[3],"tags":[],"class_list":["post-104059","post","type-post","status-publish","format-standard","has-post-thumbnail","category-masnoticias"],"_links":{"self":[{"href":"https:\/\/primicias2262.com\/noticias\/wp-json\/wp\/v2\/posts\/104059","targetHints":{"allow":["GET"]}}],"collection":[{"href":"https:\/\/primicias2262.com\/noticias\/wp-json\/wp\/v2\/posts"}],"about":[{"href":"https:\/\/primicias2262.com\/noticias\/wp-json\/wp\/v2\/types\/post"}],"author":[{"embeddable":true,"href":"https:\/\/primicias2262.com\/noticias\/wp-json\/wp\/v2\/users\/3"}],"replies":[{"embeddable":true,"href":"https:\/\/primicias2262.com\/noticias\/wp-json\/wp\/v2\/comments?post=104059"}],"version-history":[{"count":1,"href":"https:\/\/primicias2262.com\/noticias\/wp-json\/wp\/v2\/posts\/104059\/revisions"}],"predecessor-version":[{"id":104061,"href":"https:\/\/primicias2262.com\/noticias\/wp-json\/wp\/v2\/posts\/104059\/revisions\/104061"}],"wp:featuredmedia":[{"embeddable":true,"href":"https:\/\/primicias2262.com\/noticias\/wp-json\/wp\/v2\/media\/104060"}],"wp:attachment":[{"href":"https:\/\/primicias2262.com\/noticias\/wp-json\/wp\/v2\/media?parent=104059"}],"wp:term":[{"taxonomy":"category","embeddable":true,"href":"https:\/\/primicias2262.com\/noticias\/wp-json\/wp\/v2\/categories?post=104059"},{"taxonomy":"post_tag","embeddable":true,"href":"https:\/\/primicias2262.com\/noticias\/wp-json\/wp\/v2\/tags?post=104059"}],"curies":[{"name":"wp","href":"https:\/\/api.w.org\/{rel}","templated":true}]}}