{"id":104084,"date":"2023-10-13T20:55:30","date_gmt":"2023-10-13T20:55:30","guid":{"rendered":"https:\/\/primicias2262.com\/noticias\/?p=104084"},"modified":"2023-10-15T00:31:56","modified_gmt":"2023-10-15T00:31:56","slug":"la-ninez-disfruta-con-juegos-y-actividades-culturales-en-el-aniversario-de-la-ciudad","status":"publish","type":"post","link":"https:\/\/primicias2262.com\/noticias\/la-ninez-disfruta-con-juegos-y-actividades-culturales-en-el-aniversario-de-la-ciudad\/","title":{"rendered":"La ni\u00f1ez disfruta con juegos y actividades culturales en el aniversario de la ciudad"},"content":{"rendered":"<h6 class=\"wp-block-heading\"><strong>Repleto de actividades para toda la familia, el espacio c\u00e9ntrico m\u00e1s representativo de la ciudad festeja desde temprano el cumplea\u00f1os de la ciudad. En una de las manzanas, se arm\u00f3 una gran kerm\u00e9s con peloteros, talleres y obras de teatro incluidos. \u201cEstamos esperando a todos para vivir estos 142 a\u00f1os de la ciudad\u201d, destac\u00f3 la secretaria Sandra Antenucci.<\/strong><\/h6>\n<p>La Plaza Dardo Rocha desde temprano comenz\u00f3 a recibir la visita de numerosas familias que se fueron acercando al centro de la ciudad para vivir en primera persona los festejos por el 142 Aniversario de Necochea, con un cronograma de actividades que se extender\u00e1n a lo largo de todo el fin de semana.<\/p>\n<p>Entre las diversas opciones que se ofrecen en el espacio p\u00fablico, que van desde propuestas gastron\u00f3micas y paseos de emprendedores hasta una variada grilla de artistas locales, la que llam\u00f3 la atenci\u00f3n de los peque\u00f1os y peque\u00f1as visitantes fue la gran kerm\u00e9s armada en la manzana ubicada entre calles 57 y 59, de 56 a 58.<\/p>\n<p>All\u00ed, donde ma\u00f1ana s\u00e1bado se lanzar\u00e1 oficialmente la 63\u00ba edici\u00f3n del Festival Infantil m\u00e1s importante del pa\u00eds, funcionan en simult\u00e1neo tres escenarios que ofrecen obras de teatro y espect\u00e1culos dedicados exclusivamente a la ni\u00f1ez; hay espacios para tomarse fotos, talleres de pintura, percusi\u00f3n y m\u00fasica; actividades recreativas, peloteros y un mont\u00f3n de juegos, todos gratuitos y abiertos a la participaci\u00f3n de la ciudadan\u00eda entera.<\/p>\n<p><a href=\"https:\/\/primicias2262.com\/noticias\/wp-content\/uploads\/2023\/10\/Plaza-2.jpeg\"><img loading=\"lazy\" decoding=\"async\" class=\"aligncenter size-full wp-image-104085\" src=\"https:\/\/primicias2262.com\/noticias\/wp-content\/uploads\/2023\/10\/Plaza-2.jpeg\" alt=\"\" width=\"1600\" height=\"1066\" srcset=\"https:\/\/primicias2262.com\/noticias\/wp-content\/uploads\/2023\/10\/Plaza-2.jpeg 1600w, https:\/\/primicias2262.com\/noticias\/wp-content\/uploads\/2023\/10\/Plaza-2-300x200.jpeg 300w, https:\/\/primicias2262.com\/noticias\/wp-content\/uploads\/2023\/10\/Plaza-2-1024x682.jpeg 1024w, https:\/\/primicias2262.com\/noticias\/wp-content\/uploads\/2023\/10\/Plaza-2-768x512.jpeg 768w, https:\/\/primicias2262.com\/noticias\/wp-content\/uploads\/2023\/10\/Plaza-2-1536x1023.jpeg 1536w, https:\/\/primicias2262.com\/noticias\/wp-content\/uploads\/2023\/10\/Plaza-2-150x100.jpeg 150w, https:\/\/primicias2262.com\/noticias\/wp-content\/uploads\/2023\/10\/Plaza-2-696x464.jpeg 696w, https:\/\/primicias2262.com\/noticias\/wp-content\/uploads\/2023\/10\/Plaza-2-1068x712.jpeg 1068w\" sizes=\"auto, (max-width: 1600px) 100vw, 1600px\" \/><\/a><\/p>\n<p>En medio del colorido de una decoraci\u00f3n festiva ideal para la ocasi\u00f3n, la secretaria de Desarrollo Humano y Pol\u00edticas Sociales, Sandra Antenucci, invit\u00f3 a los y las habitantes del distrito a ir acerc\u00e1ndose a disfrutar de un encuentro que tiene mucho de familiar: \u201cHay un sector con mesitas para que puedan sentarse a tomar mates y los chicos disfrutar, as\u00ed que estamos esperando a todos para vivir estos 142 a\u00f1os de la ciudad\u201d, asegur\u00f3 la funcionaria.<\/p>\n<p>Tras destacar el gran trabajo en conjunto entre las diversas \u00e1reas para lograr tama\u00f1o armado, la integrante del Ejecutivo comunal agradeci\u00f3 al tiempo por estar acompa\u00f1ando de esta manera y dijo: \u201cTenemos trabajando un gran equipo de la Municipalidad, de toda la Secretar\u00eda y de los diferentes programas, est\u00e1n los chicos de Barrio Cultura, los chicos de Envi\u00f3n, toda la Secretar\u00eda generando actividades y juegos gratis para los chicos\u201d.<\/p>\n<p>En ese sentido, afirm\u00f3: \u201cAc\u00e1 est\u00e1 la muestra de un gran trabajo en equipo y de muchas, muchas horas, meses programando en articulaci\u00f3n con muchas \u00e1reas, todos con el mismo sue\u00f1o de poder brindarles a las familias un lugar para disfrutar un fin de semana realmente de fiesta, que es la finalidad de estas jornadas\u201d.<\/p>\n","protected":false},"excerpt":{"rendered":"<p>Repleto de actividades para toda la familia, el espacio c\u00e9ntrico m\u00e1s representativo de la ciudad festeja desde temprano el cumplea\u00f1os de la ciudad. En una de las manzanas, se arm\u00f3 una gran kerm\u00e9s con peloteros, talleres y obras de teatro incluidos. \u201cEstamos esperando a todos para vivir estos 142 a\u00f1os de la ciudad\u201d, destac\u00f3 la [&hellip;]<\/p>\n","protected":false},"author":3,"featured_media":104086,"comment_status":"open","ping_status":"open","sticky":false,"template":"","format":"standard","meta":{"footnotes":""},"categories":[3],"tags":[],"class_list":["post-104084","post","type-post","status-publish","format-standard","has-post-thumbnail","category-masnoticias"],"_links":{"self":[{"href":"https:\/\/primicias2262.com\/noticias\/wp-json\/wp\/v2\/posts\/104084","targetHints":{"allow":["GET"]}}],"collection":[{"href":"https:\/\/primicias2262.com\/noticias\/wp-json\/wp\/v2\/posts"}],"about":[{"href":"https:\/\/primicias2262.com\/noticias\/wp-json\/wp\/v2\/types\/post"}],"author":[{"embeddable":true,"href":"https:\/\/primicias2262.com\/noticias\/wp-json\/wp\/v2\/users\/3"}],"replies":[{"embeddable":true,"href":"https:\/\/primicias2262.com\/noticias\/wp-json\/wp\/v2\/comments?post=104084"}],"version-history":[{"count":1,"href":"https:\/\/primicias2262.com\/noticias\/wp-json\/wp\/v2\/posts\/104084\/revisions"}],"predecessor-version":[{"id":104087,"href":"https:\/\/primicias2262.com\/noticias\/wp-json\/wp\/v2\/posts\/104084\/revisions\/104087"}],"wp:featuredmedia":[{"embeddable":true,"href":"https:\/\/primicias2262.com\/noticias\/wp-json\/wp\/v2\/media\/104086"}],"wp:attachment":[{"href":"https:\/\/primicias2262.com\/noticias\/wp-json\/wp\/v2\/media?parent=104084"}],"wp:term":[{"taxonomy":"category","embeddable":true,"href":"https:\/\/primicias2262.com\/noticias\/wp-json\/wp\/v2\/categories?post=104084"},{"taxonomy":"post_tag","embeddable":true,"href":"https:\/\/primicias2262.com\/noticias\/wp-json\/wp\/v2\/tags?post=104084"}],"curies":[{"name":"wp","href":"https:\/\/api.w.org\/{rel}","templated":true}]}}