{"id":104092,"date":"2023-10-15T00:29:37","date_gmt":"2023-10-15T00:29:37","guid":{"rendered":"https:\/\/primicias2262.com\/noticias\/?p=104092"},"modified":"2023-10-16T01:15:21","modified_gmt":"2023-10-16T01:15:21","slug":"104092-2","status":"publish","type":"post","link":"https:\/\/primicias2262.com\/noticias\/104092-2\/","title":{"rendered":"En el marco del cumplea\u00f1os de Necochea, se lanz\u00f3 la 63\u00ba edici\u00f3n del Festival Infantil"},"content":{"rendered":"<p><strong>La nueva puesta en marcha de una de las celebraciones m\u00e1s antiguas de Latinoam\u00e9rica en vigencia, y la m\u00e1s importante de las dedicadas a la ni\u00f1ez, se estar\u00e1 realizando en el Parque Miguel Lillo los pr\u00f3ximos 2, 3 y 4 de febrero, seg\u00fan lo anunciaron el intendente Arturo Rojas y el director de Cultura, Juan Gamba.<\/strong><\/p>\n<p>El cumplea\u00f1os 142 de la ciudad de Necochea, entre tantos otros distintivos, tiene la particularidad de que en una de las manzanas de la Plaza Dardo Rocha se mont\u00f3 un inmenso paseo dedicado a la ni\u00f1ez, con entretenimientos, talleres y tres escenarios teatrales funcionando en paralelo, regalando un peque\u00f1o adelanto de lo que ser\u00e1 el pr\u00f3ximo Festival Infantil en el Parque Miguel Lillo.<\/p>\n<p>Aprovechando esa impronta, en la tarde de este s\u00e1bado el intendente Arturo Rojas, en compa\u00f1\u00eda del director de Cultura, Juan Gamba, anunciaron las fechas de la edici\u00f3n 63 de una de las celebraciones m\u00e1s antiguas de Latinoam\u00e9rica en vigencia, y la m\u00e1s importante de las dedicadas a la ni\u00f1ez.<\/p>\n<p>El Festival Infantil 2024 llevar\u00e1 como tem\u00e1tica y denominaci\u00f3n \u201cEl Circo\u201d y se estar\u00e1 realizando entre los pr\u00f3ximos 2, 3 y 4 de febrero en su predio caracter\u00edstico del Jard\u00edn Franc\u00e9s, gracias al \u201ctrabajo transversal\u201d de todas las \u00e1reas que componen el municipio, seg\u00fan destac\u00f3 el m\u00e1ximo mandatario local.<\/p>\n<p>Fue el Jefe de la comuna quien tom\u00f3 la palabra en este peque\u00f1o acto simb\u00f3lico realizado en el anfiteatro de la Coraliada, frente a las puertas de la Escuela Primaria N\u00ba 2, para resaltar el trabajo continuo de Juan (Gamba) y Enrique (Parisey) y a todo su equipo, porque, \u201cm\u00e1s all\u00e1 de que ellos son un poco los cerebros\u201d de cada festejo popular \u201chay todo un equipo de Cultura atr\u00e1s\u201d.<\/p>\n<p>Remarcando los avances que ha tenido esta celebraci\u00f3n dedicada a los peque\u00f1os y peque\u00f1as de todo el distrito y de cada rinc\u00f3n del pa\u00eds, Arturo Rojas trajo a la memoria los meses inaugurales de su gesti\u00f3n al mando del municipio. \u201cRecuerdo el primer Festival Infantil que hicimos en la gesti\u00f3n, que lo hicimos en el Anfiteatro de manera absolutamente austera y con los pocos recursos que ten\u00edamos, econ\u00f3micos y humanos\u201d.<\/p>\n<p>\u201cY recuerdo el cierre. Recuerdo claramente las palabras de Juan, que dijo \u2018esta va a ser la \u00faltima vez que tengamos que pedirle perd\u00f3n al Festival\u2019, y as\u00ed fue. A\u00f1o tras a\u00f1o, fuimos superando y mejorando la apuesta\u201d, asever\u00f3 el Intendente.<\/p>\n<p>\u201cLa mayor\u00eda tenemos los mejores recuerdos de participaci\u00f3n cuando \u00e9ramos ni\u00f1os, cuando est\u00e1bamos en los clubes, en las instituciones intermedias, porque, en definitiva, el Festival Infantil lo hacemos entre todos, formando parte\u201d, puntualiz\u00f3 el primer funcionario, para dictaminar luego que, \u201csin lugar a dudas, va a ser uno de los mejores festivales infantiles el que vamos a disfrutar en los primeros d\u00edas de febrero\u201d.<\/p>\n<p>Por \u00faltimo, el Intendente invit\u00f3 a seguir viviendo en familia la fiesta de aniversario. \u201cDisfruten que nos quedan varios d\u00edas con muchos espect\u00e1culos. Y, como ustedes ver\u00e1n, tenemos muchas instituciones y mucha gente que trabaja gracias a tener estas fiestas populares como nos merecemos. \u00a1Feliz cumplea\u00f1os Necochea y a seguir disfrutando!\u201d.<\/p>\n<p>Terminado el acto simb\u00f3lico, Juan Gamba se\u00f1al\u00f3, primero sobre la manzana dedicada a dejar un avance de lo que ser\u00e1 el festival, que \u201ceste predio se prepar\u00f3 especialmente para los chicos, con juegos, entretenimiento y tres teatros al un\u00edsono, y todo esto gracias al municipio, porque son totalmente gratuitos\u201d.<\/p>\n<p>Y, para terminar, destac\u00f3 el director: \u201cLo m\u00edo es un agradecimiento muy fuerte al se\u00f1or Intendente por mantener estas fiestas populares. Yo soy un convencido de que sin las fiestas populares no tenemos historia cultural, y si no tenemos historia cultural es una ciudad perdida. Entonces, para m\u00ed, es muy importante defender todos estos eventos\u201d.<\/p>\n","protected":false},"excerpt":{"rendered":"<p>La nueva puesta en marcha de una de las celebraciones m\u00e1s antiguas de Latinoam\u00e9rica en vigencia, y la m\u00e1s importante de las dedicadas a la ni\u00f1ez, se estar\u00e1 realizando en el Parque Miguel Lillo los pr\u00f3ximos 2, 3 y 4 de febrero, seg\u00fan lo anunciaron el intendente Arturo Rojas y el director de Cultura, Juan [&hellip;]<\/p>\n","protected":false},"author":3,"featured_media":104093,"comment_status":"open","ping_status":"open","sticky":false,"template":"","format":"standard","meta":{"footnotes":""},"categories":[3],"tags":[],"class_list":["post-104092","post","type-post","status-publish","format-standard","has-post-thumbnail","category-masnoticias"],"_links":{"self":[{"href":"https:\/\/primicias2262.com\/noticias\/wp-json\/wp\/v2\/posts\/104092","targetHints":{"allow":["GET"]}}],"collection":[{"href":"https:\/\/primicias2262.com\/noticias\/wp-json\/wp\/v2\/posts"}],"about":[{"href":"https:\/\/primicias2262.com\/noticias\/wp-json\/wp\/v2\/types\/post"}],"author":[{"embeddable":true,"href":"https:\/\/primicias2262.com\/noticias\/wp-json\/wp\/v2\/users\/3"}],"replies":[{"embeddable":true,"href":"https:\/\/primicias2262.com\/noticias\/wp-json\/wp\/v2\/comments?post=104092"}],"version-history":[{"count":3,"href":"https:\/\/primicias2262.com\/noticias\/wp-json\/wp\/v2\/posts\/104092\/revisions"}],"predecessor-version":[{"id":104096,"href":"https:\/\/primicias2262.com\/noticias\/wp-json\/wp\/v2\/posts\/104092\/revisions\/104096"}],"wp:featuredmedia":[{"embeddable":true,"href":"https:\/\/primicias2262.com\/noticias\/wp-json\/wp\/v2\/media\/104093"}],"wp:attachment":[{"href":"https:\/\/primicias2262.com\/noticias\/wp-json\/wp\/v2\/media?parent=104092"}],"wp:term":[{"taxonomy":"category","embeddable":true,"href":"https:\/\/primicias2262.com\/noticias\/wp-json\/wp\/v2\/categories?post=104092"},{"taxonomy":"post_tag","embeddable":true,"href":"https:\/\/primicias2262.com\/noticias\/wp-json\/wp\/v2\/tags?post=104092"}],"curies":[{"name":"wp","href":"https:\/\/api.w.org\/{rel}","templated":true}]}}