{"id":104097,"date":"2023-10-15T00:38:33","date_gmt":"2023-10-15T00:38:33","guid":{"rendered":"https:\/\/primicias2262.com\/noticias\/?p=104097"},"modified":"2023-10-17T15:26:51","modified_gmt":"2023-10-17T15:26:51","slug":"elecciones-2023-programa-especial-de-voces-de-la-ciudad-por-vinilo-fm-y-por-la-tv-de-agenda-necochense","status":"publish","type":"post","link":"https:\/\/primicias2262.com\/noticias\/elecciones-2023-programa-especial-de-voces-de-la-ciudad-por-vinilo-fm-y-por-la-tv-de-agenda-necochense\/","title":{"rendered":"Elecciones 2023: programa especial de Voces de la Ciudad por Vinilo FM y por la TV de Agenda Necochense"},"content":{"rendered":"<p>A trav\u00e9s de la se\u00f1al de radio de Vinilo FM, 103.5 Mhz y por la frecuencia de TV de la programaci\u00f3n de Agenda Necochense (agendanecochense.com, y por el canal 730 de WoPlay) el programa de noticias Voces de la Ciudad realizar\u00e1 este domingo 22 de octubre pr\u00f3ximo un especial magazine informativo desde las 17.30, previo al cierre de las urnas que estar\u00e1n habilitadas para sufragar en las elecciones generales a concretarse en dicha jornada.<\/p>\n<p>Y con la ampliaci\u00f3n de la oferta de trabajo de noticias electorales que se extender\u00e1 hasta entrada la noche, con pormenores y una amplia cobertura del escrutinio que tendr\u00e1 lugar en forma provisoria en el partido de Necochea, como as\u00ed tambi\u00e9n dando cuentas de las novedades que resultar\u00e1n desde los diferentes sucesos electorales que surjan de la zona, en la Provincia de Buenos Aires y a nivel nacional.<\/p>\n<p>Un grupo de periodistas, cronistas y productores, con la conducci\u00f3n de Jorge G\u00f3mez desde el piso del estudio de Voces de la Ciudad, estar\u00e1 en el aire radial de Necochea y Quequ\u00e9n a trav\u00e9s de la citada se\u00f1al de Vinilo FM, 103.5 MHz, como as\u00ed accediendo a la programaci\u00f3n de televisi\u00f3n en vivo de Agenda Necochense (streaming con el mismo nombre y por el canal 730 de Woplay).<\/p>\n<p>A ello se le a\u00f1ade que se podr\u00e1 sintonizar este programa especial previsto para el venidero domingo de elecciones sintonizando, asimismo, las redes de la web de www.vinilofm.com.ar, www.agendanecochense.com, y de www.vocesdelaciudad.net.ar, e ingresando a los muros de Facebook live de Voces de la Ciudad, de Jorge G\u00f3mez y de Primicias2262, con imagen y sonido.<\/p>\n<p>Adem\u00e1s, la cobertura informativa se la podr\u00e1 seguir en las ciudades de Necochea y Quequ\u00e9n a trav\u00e9s de la se\u00f1al de FM de La Voz del Quequ\u00e9n, en 89.3 Mhz, y en el \u00e9ter de Juan N. Fern\u00e1ndez, mediante el acceso a FM Estudio, 101.1 Mhz.<\/p>\n","protected":false},"excerpt":{"rendered":"<p>A trav\u00e9s de la se\u00f1al de radio de Vinilo FM, 103.5 Mhz y por la frecuencia de TV de la programaci\u00f3n de Agenda Necochense (agendanecochense.com, y por el canal 730 de WoPlay) el programa de noticias Voces de la Ciudad realizar\u00e1 este domingo 22 de octubre pr\u00f3ximo un especial magazine informativo desde las 17.30, previo [&hellip;]<\/p>\n","protected":false},"author":3,"featured_media":104098,"comment_status":"open","ping_status":"open","sticky":false,"template":"","format":"standard","meta":{"footnotes":""},"categories":[3],"tags":[],"class_list":["post-104097","post","type-post","status-publish","format-standard","has-post-thumbnail","category-masnoticias"],"_links":{"self":[{"href":"https:\/\/primicias2262.com\/noticias\/wp-json\/wp\/v2\/posts\/104097","targetHints":{"allow":["GET"]}}],"collection":[{"href":"https:\/\/primicias2262.com\/noticias\/wp-json\/wp\/v2\/posts"}],"about":[{"href":"https:\/\/primicias2262.com\/noticias\/wp-json\/wp\/v2\/types\/post"}],"author":[{"embeddable":true,"href":"https:\/\/primicias2262.com\/noticias\/wp-json\/wp\/v2\/users\/3"}],"replies":[{"embeddable":true,"href":"https:\/\/primicias2262.com\/noticias\/wp-json\/wp\/v2\/comments?post=104097"}],"version-history":[{"count":1,"href":"https:\/\/primicias2262.com\/noticias\/wp-json\/wp\/v2\/posts\/104097\/revisions"}],"predecessor-version":[{"id":104099,"href":"https:\/\/primicias2262.com\/noticias\/wp-json\/wp\/v2\/posts\/104097\/revisions\/104099"}],"wp:featuredmedia":[{"embeddable":true,"href":"https:\/\/primicias2262.com\/noticias\/wp-json\/wp\/v2\/media\/104098"}],"wp:attachment":[{"href":"https:\/\/primicias2262.com\/noticias\/wp-json\/wp\/v2\/media?parent=104097"}],"wp:term":[{"taxonomy":"category","embeddable":true,"href":"https:\/\/primicias2262.com\/noticias\/wp-json\/wp\/v2\/categories?post=104097"},{"taxonomy":"post_tag","embeddable":true,"href":"https:\/\/primicias2262.com\/noticias\/wp-json\/wp\/v2\/tags?post=104097"}],"curies":[{"name":"wp","href":"https:\/\/api.w.org\/{rel}","templated":true}]}}