{"id":104115,"date":"2023-10-16T01:14:45","date_gmt":"2023-10-16T01:14:45","guid":{"rendered":"https:\/\/primicias2262.com\/noticias\/?p=104115"},"modified":"2023-10-17T15:08:52","modified_gmt":"2023-10-17T15:08:52","slug":"rojas-como-nos-ibamos-a-perder-la-posibilidad-de-tener-una-fiesta-asi","status":"publish","type":"post","link":"https:\/\/primicias2262.com\/noticias\/rojas-como-nos-ibamos-a-perder-la-posibilidad-de-tener-una-fiesta-asi\/","title":{"rendered":"Rojas: \u00ab\u00bfC\u00f3mo nos \u00edbamos a perder la posibilidad de tener una fiesta as\u00ed?\u201d"},"content":{"rendered":"<p><strong>En una plaza colmada de p\u00fablico, el intendente Arturo Rojas brind\u00f3 un efusivo mensaje antes de la presentaci\u00f3n estelar del Polaco, donde se expres\u00f3 orgulloso de su equipo de gobierno y resalt\u00f3 la tarea de los trabajadores municipales.<\/strong><\/p>\n<p>\u201cEs impresionante c\u00f3mo se ve la plaza con tanta gente, feliz D\u00eda a todas las madres que nos acompa\u00f1an y apuntalan y Feliz Cumplea\u00f1os Necochea, nos merec\u00edamos festejar\u201d, fue lo primero que atin\u00f3 a decir el intendente Arturo Rojas, visiblemente emocionado ante el marco imponente que le imprimi\u00f3 la multitud a la Plaza Dardo Rocha este domingo, en la tercera jornada de festejos por el 142\u00ba Aniversario de Necochea.<\/p>\n<p>Mientras se esperaba por el \u201cPolaco\u201d, el jefe comunal se\u00f1al\u00f3 que \u201cquiero agradecer a todo mi equipo, porque m\u00e1s all\u00e1 de la decisi\u00f3n pol\u00edtica de poder hacer eventos populares como este, tenemos un enorme equipo, y no solo hablo de los funcionarios, sino de todos y cada uno de los trabajadores municipales que pusieron todo para poder trabajar y festejar como lo merecemos\u201d.<\/p>\n<p>En esa misma l\u00ednea, quiso agradecer a los emprendedores, talleristas, artesanos, gastron\u00f3micos \u201cy a todos los que forman parte de esta hermosa plaza, y por supuesto un reconocimiento muy especial y un gran aplauso para cada uno de los artistas locales que nos han deleitado en estos d\u00edas\u201d.<\/p>\n<p>Finalmente, se dirigi\u00f3 a la multitud, a cada uno de los vecinos y vecinas de la ciudad, como as\u00ed a los visitantes. \u201cGracias a cada uno de ustedes, nosotros estamos en este lugar gracias a ustedes y trabajamos y gestionamos para ustedes, por eso, c\u00f3mo nos \u00edbamos a perder la posibilidad de tener una fiesta como esta, realmente Necochea, Quequ\u00e9n y el interior merecen tener una fiesta as\u00ed\u201d, enfatiz\u00f3, para agregar: \u201cGracias a los vecinos que se acercaron y a los turistas que han venido de diferentes lugares a pasar un fin de semana maravilloso como el que tuvimos\u201d.<\/p>\n","protected":false},"excerpt":{"rendered":"<p>En una plaza colmada de p\u00fablico, el intendente Arturo Rojas brind\u00f3 un efusivo mensaje antes de la presentaci\u00f3n estelar del Polaco, donde se expres\u00f3 orgulloso de su equipo de gobierno y resalt\u00f3 la tarea de los trabajadores municipales. \u201cEs impresionante c\u00f3mo se ve la plaza con tanta gente, feliz D\u00eda a todas las madres que [&hellip;]<\/p>\n","protected":false},"author":3,"featured_media":104116,"comment_status":"open","ping_status":"open","sticky":false,"template":"","format":"standard","meta":{"footnotes":""},"categories":[5],"tags":[],"class_list":{"0":"post-104115","1":"post","2":"type-post","3":"status-publish","4":"format-standard","5":"has-post-thumbnail","7":"category-neco"},"_links":{"self":[{"href":"https:\/\/primicias2262.com\/noticias\/wp-json\/wp\/v2\/posts\/104115","targetHints":{"allow":["GET"]}}],"collection":[{"href":"https:\/\/primicias2262.com\/noticias\/wp-json\/wp\/v2\/posts"}],"about":[{"href":"https:\/\/primicias2262.com\/noticias\/wp-json\/wp\/v2\/types\/post"}],"author":[{"embeddable":true,"href":"https:\/\/primicias2262.com\/noticias\/wp-json\/wp\/v2\/users\/3"}],"replies":[{"embeddable":true,"href":"https:\/\/primicias2262.com\/noticias\/wp-json\/wp\/v2\/comments?post=104115"}],"version-history":[{"count":2,"href":"https:\/\/primicias2262.com\/noticias\/wp-json\/wp\/v2\/posts\/104115\/revisions"}],"predecessor-version":[{"id":104138,"href":"https:\/\/primicias2262.com\/noticias\/wp-json\/wp\/v2\/posts\/104115\/revisions\/104138"}],"wp:featuredmedia":[{"embeddable":true,"href":"https:\/\/primicias2262.com\/noticias\/wp-json\/wp\/v2\/media\/104116"}],"wp:attachment":[{"href":"https:\/\/primicias2262.com\/noticias\/wp-json\/wp\/v2\/media?parent=104115"}],"wp:term":[{"taxonomy":"category","embeddable":true,"href":"https:\/\/primicias2262.com\/noticias\/wp-json\/wp\/v2\/categories?post=104115"},{"taxonomy":"post_tag","embeddable":true,"href":"https:\/\/primicias2262.com\/noticias\/wp-json\/wp\/v2\/tags?post=104115"}],"curies":[{"name":"wp","href":"https:\/\/api.w.org\/{rel}","templated":true}]}}