{"id":104121,"date":"2023-10-15T20:21:43","date_gmt":"2023-10-15T20:21:43","guid":{"rendered":"https:\/\/primicias2262.com\/noticias\/?p=104121"},"modified":"2023-10-17T15:09:26","modified_gmt":"2023-10-17T15:09:26","slug":"el-desfile-civico-militar-se-realizara-este-lunes-a-las-16","status":"publish","type":"post","link":"https:\/\/primicias2262.com\/noticias\/el-desfile-civico-militar-se-realizara-este-lunes-a-las-16\/","title":{"rendered":"El desfile c\u00edvico militar se realizar\u00e1 este lunes a las 16"},"content":{"rendered":"<p>El Desfile C\u00edvico Militar por el 142\u00ba Aniversario de Necochea se mantiene en el cronograma de este lunes 16 de octubre feriado, pero cambi\u00f3 de horario y ser\u00e1 a partir de las 16.<\/p>\n<p>Si bien estaba previsto para las 11 de la ma\u00f1ana, lo cierto es que el pron\u00f3stico lluvioso para esa hora y buena parte del mediod\u00eda del lunes oblig\u00f3 a reprogramar el armado de la \u00faltima jornada de festejos.<\/p>\n<p>Por lo tanto, desde el \u00e1rea de Protocolo de la comuna se convoca a las instituciones educativas e intermedias, fuerzas vivas y de seguridad que participen en el desfile a concentrarse en la intersecci\u00f3n de 59 y 56 a partir de las 15 hs. de este lunes.<\/p>\n","protected":false},"excerpt":{"rendered":"<p>El Desfile C\u00edvico Militar por el 142\u00ba Aniversario de Necochea se mantiene en el cronograma de este lunes 16 de octubre feriado, pero cambi\u00f3 de horario y ser\u00e1 a partir de las 16. Si bien estaba previsto para las 11 de la ma\u00f1ana, lo cierto es que el pron\u00f3stico lluvioso para esa hora y buena [&hellip;]<\/p>\n","protected":false},"author":3,"featured_media":104122,"comment_status":"open","ping_status":"open","sticky":false,"template":"","format":"standard","meta":{"footnotes":""},"categories":[3],"tags":[],"class_list":["post-104121","post","type-post","status-publish","format-standard","has-post-thumbnail","category-masnoticias"],"_links":{"self":[{"href":"https:\/\/primicias2262.com\/noticias\/wp-json\/wp\/v2\/posts\/104121","targetHints":{"allow":["GET"]}}],"collection":[{"href":"https:\/\/primicias2262.com\/noticias\/wp-json\/wp\/v2\/posts"}],"about":[{"href":"https:\/\/primicias2262.com\/noticias\/wp-json\/wp\/v2\/types\/post"}],"author":[{"embeddable":true,"href":"https:\/\/primicias2262.com\/noticias\/wp-json\/wp\/v2\/users\/3"}],"replies":[{"embeddable":true,"href":"https:\/\/primicias2262.com\/noticias\/wp-json\/wp\/v2\/comments?post=104121"}],"version-history":[{"count":2,"href":"https:\/\/primicias2262.com\/noticias\/wp-json\/wp\/v2\/posts\/104121\/revisions"}],"predecessor-version":[{"id":104139,"href":"https:\/\/primicias2262.com\/noticias\/wp-json\/wp\/v2\/posts\/104121\/revisions\/104139"}],"wp:featuredmedia":[{"embeddable":true,"href":"https:\/\/primicias2262.com\/noticias\/wp-json\/wp\/v2\/media\/104122"}],"wp:attachment":[{"href":"https:\/\/primicias2262.com\/noticias\/wp-json\/wp\/v2\/media?parent=104121"}],"wp:term":[{"taxonomy":"category","embeddable":true,"href":"https:\/\/primicias2262.com\/noticias\/wp-json\/wp\/v2\/categories?post=104121"},{"taxonomy":"post_tag","embeddable":true,"href":"https:\/\/primicias2262.com\/noticias\/wp-json\/wp\/v2\/tags?post=104121"}],"curies":[{"name":"wp","href":"https:\/\/api.w.org\/{rel}","templated":true}]}}