{"id":104156,"date":"2023-10-17T15:44:09","date_gmt":"2023-10-17T15:44:09","guid":{"rendered":"https:\/\/primicias2262.com\/noticias\/?p=104156"},"modified":"2023-10-18T12:13:47","modified_gmt":"2023-10-18T12:13:47","slug":"un-fin-electoral-con-agenda-abierta-la-editorial-de-jorge-gomez-a-pocas-horas-de-las-elecciones","status":"publish","type":"post","link":"https:\/\/primicias2262.com\/noticias\/un-fin-electoral-con-agenda-abierta-la-editorial-de-jorge-gomez-a-pocas-horas-de-las-elecciones\/","title":{"rendered":"\u201cUn fin electoral con agenda abierta\u201d, la editorial de Jorge G\u00f3mez a pocas horas de las elecciones"},"content":{"rendered":"<p><strong>En un pu\u00f1ado de horas se vuelve a votar en el pa\u00eds y por supuesto a elegir a las autoridades municipales, y en Primicias 2262 te acercamos el an\u00e1lisis del periodista Jorge G\u00f3mez, desde los estudios de \u201cVoces de la Ciudad\u201d.<\/strong><\/p>\n<p><iframe loading=\"lazy\" title=\"Un fin electoral con agenda abierta.\" width=\"696\" height=\"392\" src=\"https:\/\/www.youtube.com\/embed\/g8nOfl6mpuQ?feature=oembed\" frameborder=\"0\" allow=\"accelerometer; autoplay; clipboard-write; encrypted-media; gyroscope; picture-in-picture; web-share\" allowfullscreen><\/iframe><\/p>\n","protected":false},"excerpt":{"rendered":"<p>En un pu\u00f1ado de horas se vuelve a votar en el pa\u00eds y por supuesto a elegir a las autoridades municipales, y en Primicias 2262 te acercamos el an\u00e1lisis del periodista Jorge G\u00f3mez, desde los estudios de \u201cVoces de la Ciudad\u201d.<\/p>\n","protected":false},"author":3,"featured_media":103036,"comment_status":"open","ping_status":"open","sticky":false,"template":"","format":"standard","meta":{"footnotes":""},"categories":[3],"tags":[],"class_list":["post-104156","post","type-post","status-publish","format-standard","has-post-thumbnail","category-masnoticias"],"_links":{"self":[{"href":"https:\/\/primicias2262.com\/noticias\/wp-json\/wp\/v2\/posts\/104156","targetHints":{"allow":["GET"]}}],"collection":[{"href":"https:\/\/primicias2262.com\/noticias\/wp-json\/wp\/v2\/posts"}],"about":[{"href":"https:\/\/primicias2262.com\/noticias\/wp-json\/wp\/v2\/types\/post"}],"author":[{"embeddable":true,"href":"https:\/\/primicias2262.com\/noticias\/wp-json\/wp\/v2\/users\/3"}],"replies":[{"embeddable":true,"href":"https:\/\/primicias2262.com\/noticias\/wp-json\/wp\/v2\/comments?post=104156"}],"version-history":[{"count":1,"href":"https:\/\/primicias2262.com\/noticias\/wp-json\/wp\/v2\/posts\/104156\/revisions"}],"predecessor-version":[{"id":104157,"href":"https:\/\/primicias2262.com\/noticias\/wp-json\/wp\/v2\/posts\/104156\/revisions\/104157"}],"wp:featuredmedia":[{"embeddable":true,"href":"https:\/\/primicias2262.com\/noticias\/wp-json\/wp\/v2\/media\/103036"}],"wp:attachment":[{"href":"https:\/\/primicias2262.com\/noticias\/wp-json\/wp\/v2\/media?parent=104156"}],"wp:term":[{"taxonomy":"category","embeddable":true,"href":"https:\/\/primicias2262.com\/noticias\/wp-json\/wp\/v2\/categories?post=104156"},{"taxonomy":"post_tag","embeddable":true,"href":"https:\/\/primicias2262.com\/noticias\/wp-json\/wp\/v2\/tags?post=104156"}],"curies":[{"name":"wp","href":"https:\/\/api.w.org\/{rel}","templated":true}]}}