{"id":104171,"date":"2023-10-18T11:51:01","date_gmt":"2023-10-18T11:51:01","guid":{"rendered":"https:\/\/primicias2262.com\/noticias\/?p=104171"},"modified":"2023-10-19T12:05:21","modified_gmt":"2023-10-19T12:05:21","slug":"me-desvalijaron-la-casa-el-secretario-del-stm-gaston-diaz-fue-victima-de-un-cuantioso-robo","status":"publish","type":"post","link":"https:\/\/primicias2262.com\/noticias\/me-desvalijaron-la-casa-el-secretario-del-stm-gaston-diaz-fue-victima-de-un-cuantioso-robo\/","title":{"rendered":"\u201cMe desvalijaron la casa\u201d: el secretario del STM Gast\u00f3n D\u00edaz fue v\u00edctima de un cuantioso robo"},"content":{"rendered":"<p><strong>En \u201cVoces de la Ciudad\u201d, mediante una nota telef\u00f3nica realizada por el periodista Jorge G\u00f3mez, el secretario Adjunto del sindicato de Trabajadores Municipales, Gast\u00f3n D\u00edaz, cont\u00f3 su testimonio acerca del da\u00f1o econ\u00f3mico que le ocasionaron los ladrones mientras no estaba en su hogar.<\/strong><\/p>\n<p>La inseguridad se cobra v\u00edctimas a diario en la ciudad y esta vez le toc\u00f3 a Gast\u00f3n D\u00edaz, quien relat\u00f3 que \u201cel pasado jueves 12 de octubre aprovechando el feriado me fui a hacer otras labores, soy electricista y ten\u00eda que hacer unos trabajos por la playa, y alrededor de las tres de la tarde me llama el vecino y me alert\u00f3 de lo que estaba viendo\u201d.<\/p>\n<p>Seguidamente detall\u00f3 que \u201cme pregunt\u00f3 si hab\u00eda dejado mi perro en la calle y le dije que no, porque hab\u00eda escuchado ruidos y le pareci\u00f3 que hab\u00edan entrado, le ped\u00ed por favor que se fije porque yo estaba muy lejos y s\u00ed, me cont\u00f3 al instante que me hab\u00edan reventado la puerta trasera y estaba todo revuelto\u201d.<\/p>\n<p>D\u00edaz cont\u00f3 el panorama al llegar a su casa. \u201cMe vine urgente y la verdad es que me desvalijaron la casa. Me reventaron la puerta y me robaron de todo\u2026 zapatillas me quedaron solo las que ten\u00eda puestas, el resto se las llevaron todas. Agarraron un bolso deportivo m\u00edo y ah\u00ed cargaron zapatillas, camperas, pantalones joggins, y me llevaron un televisor grande de 50 pulgadas, una barra de sonido, una notebook\u2026 realmente hicieron un desastre\u201d.<\/p>\n<p>El dirigente del Sindicato de Trabajadores Municipales estim\u00f3 que entre vestimenta y art\u00edculos del hogar el robo que sufri\u00f3 est\u00e1 valuado en alrededor de un mill\u00f3n de pesos.<\/p>\n<p>\u201cAdem\u00e1s de todo el da\u00f1o econ\u00f3mico, lo que m\u00e1s te roban es la tranquilidad y la seguridad, hace m\u00e1s de tres a\u00f1os que vivo ah\u00ed, es un barrio muy seguro y muy tranquilo, no hay ruidos y es muy dif\u00edcil hacer este tipo de da\u00f1os porque enseguida se escucha, pero se las ingenian igual y me pas\u00f3\u201d, se\u00f1al\u00f3, aclarando que reside en el Barrio Banco Provincia.<\/p>\n<p>Pero obviamente el hecho forma parte de un contexto de mucha inseguridad y en el cierre D\u00edaz aport\u00f3 que \u201ctambi\u00e9n tenemos compa\u00f1eros que viven en el Barrio Municipal y en las \u00faltimas dos semanas los vienen castigando seguido, han robado en varias casas y en distintos horarios, con o sin gente adentro\u201d.<\/p>\n","protected":false},"excerpt":{"rendered":"<p>En \u201cVoces de la Ciudad\u201d, mediante una nota telef\u00f3nica realizada por el periodista Jorge G\u00f3mez, el secretario Adjunto del sindicato de Trabajadores Municipales, Gast\u00f3n D\u00edaz, cont\u00f3 su testimonio acerca del da\u00f1o econ\u00f3mico que le ocasionaron los ladrones mientras no estaba en su hogar. La inseguridad se cobra v\u00edctimas a diario en la ciudad y esta [&hellip;]<\/p>\n","protected":false},"author":3,"featured_media":104172,"comment_status":"open","ping_status":"open","sticky":false,"template":"","format":"standard","meta":{"footnotes":""},"categories":[3],"tags":[],"class_list":["post-104171","post","type-post","status-publish","format-standard","has-post-thumbnail","category-masnoticias"],"_links":{"self":[{"href":"https:\/\/primicias2262.com\/noticias\/wp-json\/wp\/v2\/posts\/104171","targetHints":{"allow":["GET"]}}],"collection":[{"href":"https:\/\/primicias2262.com\/noticias\/wp-json\/wp\/v2\/posts"}],"about":[{"href":"https:\/\/primicias2262.com\/noticias\/wp-json\/wp\/v2\/types\/post"}],"author":[{"embeddable":true,"href":"https:\/\/primicias2262.com\/noticias\/wp-json\/wp\/v2\/users\/3"}],"replies":[{"embeddable":true,"href":"https:\/\/primicias2262.com\/noticias\/wp-json\/wp\/v2\/comments?post=104171"}],"version-history":[{"count":2,"href":"https:\/\/primicias2262.com\/noticias\/wp-json\/wp\/v2\/posts\/104171\/revisions"}],"predecessor-version":[{"id":104203,"href":"https:\/\/primicias2262.com\/noticias\/wp-json\/wp\/v2\/posts\/104171\/revisions\/104203"}],"wp:featuredmedia":[{"embeddable":true,"href":"https:\/\/primicias2262.com\/noticias\/wp-json\/wp\/v2\/media\/104172"}],"wp:attachment":[{"href":"https:\/\/primicias2262.com\/noticias\/wp-json\/wp\/v2\/media?parent=104171"}],"wp:term":[{"taxonomy":"category","embeddable":true,"href":"https:\/\/primicias2262.com\/noticias\/wp-json\/wp\/v2\/categories?post=104171"},{"taxonomy":"post_tag","embeddable":true,"href":"https:\/\/primicias2262.com\/noticias\/wp-json\/wp\/v2\/tags?post=104171"}],"curies":[{"name":"wp","href":"https:\/\/api.w.org\/{rel}","templated":true}]}}