{"id":104174,"date":"2023-10-18T11:53:44","date_gmt":"2023-10-18T11:53:44","guid":{"rendered":"https:\/\/primicias2262.com\/noticias\/?p=104174"},"modified":"2023-10-19T12:03:20","modified_gmt":"2023-10-19T12:03:20","slug":"se-vendran-cuatro-anos-donde-tendremos-que-hacer-dos-o-tres-veces-mas-de-lo-que-hemos-hecho-hasta-ahora","status":"publish","type":"post","link":"https:\/\/primicias2262.com\/noticias\/se-vendran-cuatro-anos-donde-tendremos-que-hacer-dos-o-tres-veces-mas-de-lo-que-hemos-hecho-hasta-ahora\/","title":{"rendered":"\u201cSe vendr\u00e1n cuatro a\u00f1os donde tendremos que hacer dos o tres veces m\u00e1s de lo que hemos hecho hasta ahora\u201d"},"content":{"rendered":"<p><strong>De ganar las elecciones a nivel local, el presidente del Honorable Concejo Deliberante, Guillermo S\u00e1nchez, se\u00f1al\u00f3 que tendr\u00e1n que darle un salto de calidad a todo lo bueno que han logrado durante la primera gesti\u00f3n del intendente Arturo Rojas.<\/strong><\/p>\n<p>En di\u00e1logo con el periodista Jorge G\u00f3mez en \u201cVoces de la Ciudad\u201d, ya con el chip de las elecciones incorporado para el fin semana, S\u00e1nchez manifest\u00f3 que \u201cno aflojamos ni un minuto en la campa\u00f1a, seguimos convenciendo y hablando, al que nos apoy\u00f3 en las PASO le decimos que por favor siga acompa\u00f1ando, y al que no nos vot\u00f3 que cambie y nos d\u00e9 la responsabilidad de seguir gobernando la ciudad, estamos convencidos de que el camino que tomamos es el correcto\u201d.<\/p>\n<p>\u201cNos hacemos cargo y queremos seguir teniendo la responsabilidad sobre la ciudad, porque tenemos un equipo real de gobierno que se ve todos los d\u00edas, pero todav\u00eda no nos sentimos ganadores\u201d, reconoci\u00f3 el presidente del HCD, argumentando que \u201cpara nosotros todo lo bueno que venimos haciendo tienen que ser ratificado el domingo, si no, no sirve para nada, as\u00ed que para nada nos sentimos ganadores ni creemos que esto ya est\u00e1 definido. Y como dicen los abuelos, los pollitos se cuentan como nacen\u201d.<\/p>\n<p>M\u00e1s all\u00e1 de eso, Guillermo reconoci\u00f3 y rescat\u00f3 que \u201cde todos los sectores que participar\u00e1n el domingo de la contienda electoral, Juntos por el Cambio, Uni\u00f3n por la patria y de Milei, hay un sector que p\u00fablicamente ha manifestado a nivel local que elige votar al gobierno del intendente Arturo Rojas, lo cual me parce una buena se\u00f1al porque m\u00e1s all\u00e1 de las ideolog\u00edas cuando se ven cosas buenas hay que apoyarlas\u201d.<\/p>\n<p>No obstante, volvi\u00f3 a mirar hacia el interior de Nueva Necochea e insisti\u00f3 en que \u201cno vamos a descansar para hablar hasta con el \u00faltimo vecino para decirle qu\u00e9 es lo que queremos. El lunes me imagino con mucho trabajo y pensando en lo que viene despu\u00e9s del 10 de diciembre, en c\u00f3mo seguir\u2026 pero como siempre, yendo a la Municipalidad a laburar al lado de Arturo, porque si bien logramos un mont\u00f3n de cosas que le hacen bien al vecino, lo cierto es que hay que dar un salto m\u00e1s importante y sabiendo que se vendr\u00e1n cuatro a\u00f1os donde tendremos que hacer dos o tres veces m\u00e1s de lo que hemos hecho hasta ahora\u201d.<\/p>\n","protected":false},"excerpt":{"rendered":"<p>De ganar las elecciones a nivel local, el presidente del Honorable Concejo Deliberante, Guillermo S\u00e1nchez, se\u00f1al\u00f3 que tendr\u00e1n que darle un salto de calidad a todo lo bueno que han logrado durante la primera gesti\u00f3n del intendente Arturo Rojas. En di\u00e1logo con el periodista Jorge G\u00f3mez en \u201cVoces de la Ciudad\u201d, ya con el chip [&hellip;]<\/p>\n","protected":false},"author":3,"featured_media":100378,"comment_status":"open","ping_status":"open","sticky":false,"template":"","format":"standard","meta":{"footnotes":""},"categories":[3],"tags":[],"class_list":["post-104174","post","type-post","status-publish","format-standard","has-post-thumbnail","category-masnoticias"],"_links":{"self":[{"href":"https:\/\/primicias2262.com\/noticias\/wp-json\/wp\/v2\/posts\/104174","targetHints":{"allow":["GET"]}}],"collection":[{"href":"https:\/\/primicias2262.com\/noticias\/wp-json\/wp\/v2\/posts"}],"about":[{"href":"https:\/\/primicias2262.com\/noticias\/wp-json\/wp\/v2\/types\/post"}],"author":[{"embeddable":true,"href":"https:\/\/primicias2262.com\/noticias\/wp-json\/wp\/v2\/users\/3"}],"replies":[{"embeddable":true,"href":"https:\/\/primicias2262.com\/noticias\/wp-json\/wp\/v2\/comments?post=104174"}],"version-history":[{"count":2,"href":"https:\/\/primicias2262.com\/noticias\/wp-json\/wp\/v2\/posts\/104174\/revisions"}],"predecessor-version":[{"id":104197,"href":"https:\/\/primicias2262.com\/noticias\/wp-json\/wp\/v2\/posts\/104174\/revisions\/104197"}],"wp:featuredmedia":[{"embeddable":true,"href":"https:\/\/primicias2262.com\/noticias\/wp-json\/wp\/v2\/media\/100378"}],"wp:attachment":[{"href":"https:\/\/primicias2262.com\/noticias\/wp-json\/wp\/v2\/media?parent=104174"}],"wp:term":[{"taxonomy":"category","embeddable":true,"href":"https:\/\/primicias2262.com\/noticias\/wp-json\/wp\/v2\/categories?post=104174"},{"taxonomy":"post_tag","embeddable":true,"href":"https:\/\/primicias2262.com\/noticias\/wp-json\/wp\/v2\/tags?post=104174"}],"curies":[{"name":"wp","href":"https:\/\/api.w.org\/{rel}","templated":true}]}}