{"id":104177,"date":"2023-10-18T12:13:30","date_gmt":"2023-10-18T12:13:30","guid":{"rendered":"https:\/\/primicias2262.com\/noticias\/?p=104177"},"modified":"2023-10-19T12:12:23","modified_gmt":"2023-10-19T12:12:23","slug":"comienza-a-implementarse-la-boleta-electronicapara-las-diferentes-tasas","status":"publish","type":"post","link":"https:\/\/primicias2262.com\/noticias\/comienza-a-implementarse-la-boleta-electronicapara-las-diferentes-tasas\/","title":{"rendered":"Comienza a implementarse la \u201cboleta electr\u00f3nica\u201dpara las diferentes tasas"},"content":{"rendered":"<p><strong>El municipio lanza la herramienta que permitir\u00e1 agilizar los tr\u00e1mites y eliminar de forma progresiva el env\u00edo postal que se estila tradicionalmente.<\/strong><\/p>\n<p>La Agencia de Recaudaci\u00f3n Municipal de Necochea anunci\u00f3 la implementaci\u00f3n de la \u201cboleta electr\u00f3nica\u201d para las diferentes tasas, un servicio gratuito que permitir\u00e1 agilizar los tr\u00e1mites y eliminar progresivamente el env\u00edo postal tradicional.<\/p>\n<p>Si bien los contribuyentes podr\u00e1n suscribirse a partir de este mi\u00e9rcoles 18 de octubre del presente ejercicio, el sistema entrar\u00e1 en vigencia desde la emisi\u00f3n de las tasas correspondientes al pr\u00f3ximo ejercicio comunal 2024, debido a los procesos administrativos, impresi\u00f3n y distribuci\u00f3n de las boletas.<\/p>\n<p><iframe loading=\"lazy\" title=\"Instructivo para adhesi\u00f3n a boleta electr\u00f3nica\" width=\"696\" height=\"392\" src=\"https:\/\/www.youtube.com\/embed\/-jKmrm2-l4c?feature=oembed\" frameborder=\"0\" allow=\"accelerometer; autoplay; clipboard-write; encrypted-media; gyroscope; picture-in-picture; web-share\" allowfullscreen><\/iframe><\/p>\n<p>En ese sentido el titular del \u00e1rea municipal, licenciado Alfredo G\u00f3mez, manifest\u00f3 que \u201cla adhesi\u00f3n de los vecinos a la boleta electr\u00f3nica implicar\u00e1 un notable cambio en relaci\u00f3n a la sustentabilidad y el cuidado del ambiente\u201d.<\/p>\n<p>\u201cEn paralelo -a\u00f1adi\u00f3- se busca mejorar la eficiencia, ya que permitir\u00e1 ahorrar significativamente el costo al municipio, y modernizar el servicio que en este sentido lleva adelante el Estado comunal a partir de brindar facilidades a los contribuyentes, habida cuenta que es un sistema c\u00f3modo, \u00e1gil y accesible desde cualquier lugar y\/o dispositivo electr\u00f3nico\u201d.<\/p>\n<p><a href=\"https:\/\/primicias2262.com\/noticias\/wp-content\/uploads\/2023\/10\/18-10-FOTO-Alfredo-Gomez.jpeg\"><img loading=\"lazy\" decoding=\"async\" class=\"aligncenter size-full wp-image-104178\" src=\"https:\/\/primicias2262.com\/noticias\/wp-content\/uploads\/2023\/10\/18-10-FOTO-Alfredo-Gomez.jpeg\" alt=\"\" width=\"1600\" height=\"1066\" srcset=\"https:\/\/primicias2262.com\/noticias\/wp-content\/uploads\/2023\/10\/18-10-FOTO-Alfredo-Gomez.jpeg 1600w, https:\/\/primicias2262.com\/noticias\/wp-content\/uploads\/2023\/10\/18-10-FOTO-Alfredo-Gomez-300x200.jpeg 300w, https:\/\/primicias2262.com\/noticias\/wp-content\/uploads\/2023\/10\/18-10-FOTO-Alfredo-Gomez-1024x682.jpeg 1024w, https:\/\/primicias2262.com\/noticias\/wp-content\/uploads\/2023\/10\/18-10-FOTO-Alfredo-Gomez-768x512.jpeg 768w, https:\/\/primicias2262.com\/noticias\/wp-content\/uploads\/2023\/10\/18-10-FOTO-Alfredo-Gomez-1536x1023.jpeg 1536w, https:\/\/primicias2262.com\/noticias\/wp-content\/uploads\/2023\/10\/18-10-FOTO-Alfredo-Gomez-150x100.jpeg 150w, https:\/\/primicias2262.com\/noticias\/wp-content\/uploads\/2023\/10\/18-10-FOTO-Alfredo-Gomez-696x464.jpeg 696w, https:\/\/primicias2262.com\/noticias\/wp-content\/uploads\/2023\/10\/18-10-FOTO-Alfredo-Gomez-1068x712.jpeg 1068w\" sizes=\"auto, (max-width: 1600px) 100vw, 1600px\" \/><\/a>El licenciado G\u00f3mez puntualiz\u00f3 tambi\u00e9n que \u201cha sido un trabajo realizado en conjunto desde nuestra repartici\u00f3n con la Direcci\u00f3n de C\u00f3mputos municipal, a cuyo frente se encuentra Ricardo Penna\u201d.<\/p>\n<p>Para adherirse a la citada Boleta Electr\u00f3nica, los interesados podr\u00e1n hacerlo a trav\u00e9s de este link (<strong><a href=\"https:\/\/www.necochea.gov.ar\/BoletaElectronica\">https:\/\/www.necochea.gov.ar\/BoletaElectronica<\/a> <\/strong>), tambi\u00e9n accesible desde el portal municipal (<strong><a href=\"https:\/\/www.necochea.gov.ar\">https:\/\/www.necochea.gov.ar<\/a><\/strong>).<\/p>\n<p>All\u00ed, entre algunos datos b\u00e1sicos que corresponden a los titulares de las tasas o tributos de car\u00e1cter municipal, se solicitar\u00e1 el n\u00famero de CUIL o CUIT, un correo electr\u00f3nico en el que se desee recibir las boletas de la comuna de Necochea, un n\u00famero de tel\u00e9fono de contacto, y una validaci\u00f3n sencilla de datos.<\/p>\n<p>Aquellos contribuyentes que quieran efectuar observaciones o reclamos al respecto pueden comunicarse a tasas@necochea.gov.ar<\/p>\n<p><a href=\"https:\/\/primicias2262.com\/noticias\/wp-content\/uploads\/2023\/10\/18-10-PLACA-Boleta-Electronica.jpeg\"><img loading=\"lazy\" decoding=\"async\" class=\"aligncenter size-full wp-image-104179\" src=\"https:\/\/primicias2262.com\/noticias\/wp-content\/uploads\/2023\/10\/18-10-PLACA-Boleta-Electronica.jpeg\" alt=\"\" width=\"1600\" height=\"1600\" srcset=\"https:\/\/primicias2262.com\/noticias\/wp-content\/uploads\/2023\/10\/18-10-PLACA-Boleta-Electronica.jpeg 1600w, https:\/\/primicias2262.com\/noticias\/wp-content\/uploads\/2023\/10\/18-10-PLACA-Boleta-Electronica-300x300.jpeg 300w, https:\/\/primicias2262.com\/noticias\/wp-content\/uploads\/2023\/10\/18-10-PLACA-Boleta-Electronica-1024x1024.jpeg 1024w, https:\/\/primicias2262.com\/noticias\/wp-content\/uploads\/2023\/10\/18-10-PLACA-Boleta-Electronica-150x150.jpeg 150w, https:\/\/primicias2262.com\/noticias\/wp-content\/uploads\/2023\/10\/18-10-PLACA-Boleta-Electronica-768x768.jpeg 768w, https:\/\/primicias2262.com\/noticias\/wp-content\/uploads\/2023\/10\/18-10-PLACA-Boleta-Electronica-1536x1536.jpeg 1536w, https:\/\/primicias2262.com\/noticias\/wp-content\/uploads\/2023\/10\/18-10-PLACA-Boleta-Electronica-696x696.jpeg 696w, https:\/\/primicias2262.com\/noticias\/wp-content\/uploads\/2023\/10\/18-10-PLACA-Boleta-Electronica-1068x1068.jpeg 1068w\" sizes=\"auto, (max-width: 1600px) 100vw, 1600px\" \/><\/a><\/p>\n","protected":false},"excerpt":{"rendered":"<p>El municipio lanza la herramienta que permitir\u00e1 agilizar los tr\u00e1mites y eliminar de forma progresiva el env\u00edo postal que se estila tradicionalmente. La Agencia de Recaudaci\u00f3n Municipal de Necochea anunci\u00f3 la implementaci\u00f3n de la \u201cboleta electr\u00f3nica\u201d para las diferentes tasas, un servicio gratuito que permitir\u00e1 agilizar los tr\u00e1mites y eliminar progresivamente el env\u00edo postal tradicional. [&hellip;]<\/p>\n","protected":false},"author":3,"featured_media":103246,"comment_status":"open","ping_status":"open","sticky":false,"template":"","format":"standard","meta":{"footnotes":""},"categories":[3],"tags":[],"class_list":["post-104177","post","type-post","status-publish","format-standard","has-post-thumbnail","category-masnoticias"],"_links":{"self":[{"href":"https:\/\/primicias2262.com\/noticias\/wp-json\/wp\/v2\/posts\/104177","targetHints":{"allow":["GET"]}}],"collection":[{"href":"https:\/\/primicias2262.com\/noticias\/wp-json\/wp\/v2\/posts"}],"about":[{"href":"https:\/\/primicias2262.com\/noticias\/wp-json\/wp\/v2\/types\/post"}],"author":[{"embeddable":true,"href":"https:\/\/primicias2262.com\/noticias\/wp-json\/wp\/v2\/users\/3"}],"replies":[{"embeddable":true,"href":"https:\/\/primicias2262.com\/noticias\/wp-json\/wp\/v2\/comments?post=104177"}],"version-history":[{"count":2,"href":"https:\/\/primicias2262.com\/noticias\/wp-json\/wp\/v2\/posts\/104177\/revisions"}],"predecessor-version":[{"id":104210,"href":"https:\/\/primicias2262.com\/noticias\/wp-json\/wp\/v2\/posts\/104177\/revisions\/104210"}],"wp:featuredmedia":[{"embeddable":true,"href":"https:\/\/primicias2262.com\/noticias\/wp-json\/wp\/v2\/media\/103246"}],"wp:attachment":[{"href":"https:\/\/primicias2262.com\/noticias\/wp-json\/wp\/v2\/media?parent=104177"}],"wp:term":[{"taxonomy":"category","embeddable":true,"href":"https:\/\/primicias2262.com\/noticias\/wp-json\/wp\/v2\/categories?post=104177"},{"taxonomy":"post_tag","embeddable":true,"href":"https:\/\/primicias2262.com\/noticias\/wp-json\/wp\/v2\/tags?post=104177"}],"curies":[{"name":"wp","href":"https:\/\/api.w.org\/{rel}","templated":true}]}}