{"id":104190,"date":"2023-10-19T12:03:02","date_gmt":"2023-10-19T12:03:02","guid":{"rendered":"https:\/\/primicias2262.com\/noticias\/?p=104190"},"modified":"2023-10-20T02:55:36","modified_gmt":"2023-10-20T02:55:36","slug":"union-peronista-es-permanente-la-gente-que-va-a-buscar-la-boleta-al-local","status":"publish","type":"post","link":"https:\/\/primicias2262.com\/noticias\/union-peronista-es-permanente-la-gente-que-va-a-buscar-la-boleta-al-local\/","title":{"rendered":"Uni\u00f3n Peronista: \u201cEs permanente la gente que va a buscar la boleta al local\u201d"},"content":{"rendered":"<p><strong>La flamante agrupaci\u00f3n que acompa\u00f1a la f\u00f3rmula nacional de Uni\u00f3n por la Patria con Sergio Massa-Agust\u00edn Rossi; y provincial con Axel Kicillof-Ver\u00f3nica Magario, milita a favor del intendente Arturo Rojas a nivel local, cuya boleta es muy requerida por los vecinos en la sede de calle 519 N\u00ba 2514, a media cuadra del Club Ministerio.<\/strong><\/p>\n<p>As\u00ed lo dejaron entrever en \u201cVoces de la Ciudad\u201d dos integrantes de dicha Agrupaci\u00f3n Vecinal Uni\u00f3n Peronista, Silvia Jensen y la Dra. Florencia Gonz\u00e1lez, en di\u00e1logo con el periodista Jorge G\u00f3mez. La primera de ellas, secretaria actual del Concejo Deliberante, afirm\u00f3 que \u201cestamos militando y repartiendo las boletas y la gente lo recibe muy bien\u2026 incluso, lo de Arturo Rojas no hay que explicarlo demasiado porque la gente est\u00e1 muy conforme con su gesti\u00f3n y al que no le ha llegado alg\u00fan beneficio todav\u00eda de la gesti\u00f3n, est\u00e1 esperanzado de que le va a llegar y est\u00e1 como esa expectativa\u201d.<\/p>\n<p><a href=\"https:\/\/primicias2262.com\/noticias\/wp-content\/uploads\/2023\/10\/jensen-gomez-gonzalez.jpeg\"><img loading=\"lazy\" decoding=\"async\" class=\"aligncenter size-full wp-image-104193\" src=\"https:\/\/primicias2262.com\/noticias\/wp-content\/uploads\/2023\/10\/jensen-gomez-gonzalez.jpeg\" alt=\"\" width=\"1024\" height=\"768\" srcset=\"https:\/\/primicias2262.com\/noticias\/wp-content\/uploads\/2023\/10\/jensen-gomez-gonzalez.jpeg 1024w, https:\/\/primicias2262.com\/noticias\/wp-content\/uploads\/2023\/10\/jensen-gomez-gonzalez-300x225.jpeg 300w, https:\/\/primicias2262.com\/noticias\/wp-content\/uploads\/2023\/10\/jensen-gomez-gonzalez-768x576.jpeg 768w, https:\/\/primicias2262.com\/noticias\/wp-content\/uploads\/2023\/10\/jensen-gomez-gonzalez-150x113.jpeg 150w, https:\/\/primicias2262.com\/noticias\/wp-content\/uploads\/2023\/10\/jensen-gomez-gonzalez-696x522.jpeg 696w\" sizes=\"auto, (max-width: 1024px) 100vw, 1024px\" \/><\/a>\u201cEl local est\u00e1 abierto todo el d\u00eda, y es permanente la gente que va a buscar la boleta de Arturo, y adem\u00e1s estamos asesorando con el tema de los subsidios de luz y gas, que es algo que la gente necesita\u201d, acot\u00f3 Jensen.<\/p>\n<p>En el caso de Florencia, revel\u00f3 que \u201cya ven\u00eda militando en el plano local, no me identifico con la boleta completa a nivel local de Uni\u00f3n por la Patria y nos empezamos a juntar compa\u00f1eros y compa\u00f1eras de diferentes trayectorias militantes, me invitaron a formar parte y dije que s\u00ed\u201d.<\/p>\n<p>Asever\u00f3 al respecto que \u201cme identifico con Arturo Rojas a nivel local y formamos una hermosa agrupaci\u00f3n, donde hay mucha pluralidad de voces, y eso es lo que m\u00e1s me atrajo\u201d.<\/p>\n<p><a href=\"https:\/\/primicias2262.com\/noticias\/wp-content\/uploads\/2023\/10\/florencia-gonzalez.jpeg\"><img loading=\"lazy\" decoding=\"async\" class=\"aligncenter size-full wp-image-104192\" src=\"https:\/\/primicias2262.com\/noticias\/wp-content\/uploads\/2023\/10\/florencia-gonzalez.jpeg\" alt=\"\" width=\"1024\" height=\"768\" srcset=\"https:\/\/primicias2262.com\/noticias\/wp-content\/uploads\/2023\/10\/florencia-gonzalez.jpeg 1024w, https:\/\/primicias2262.com\/noticias\/wp-content\/uploads\/2023\/10\/florencia-gonzalez-300x225.jpeg 300w, https:\/\/primicias2262.com\/noticias\/wp-content\/uploads\/2023\/10\/florencia-gonzalez-768x576.jpeg 768w, https:\/\/primicias2262.com\/noticias\/wp-content\/uploads\/2023\/10\/florencia-gonzalez-150x113.jpeg 150w, https:\/\/primicias2262.com\/noticias\/wp-content\/uploads\/2023\/10\/florencia-gonzalez-696x522.jpeg 696w\" sizes=\"auto, (max-width: 1024px) 100vw, 1024px\" \/><\/a>A t\u00edtulo personal, describi\u00f3 que \u201ctrabajo en el Hospital Irurzun de Quequ\u00e9n y en el Hospital Taraborelli, y creo que las mujeres hemos conquistado un mont\u00f3n de derechos en los \u00faltimos tiempos, yo trabajo en un espacio de salud sexual integral y estoy mucho en contacto con mujeres y adolescentes, y todo lo que se ha conquistado con la lucha feminista en las calles est\u00e1 sobre la tabla someti\u00e9ndose al serrucho\u201d, en referencia a un posible triunfo de Javier Milei.<\/p>\n<p>\u201cTratamos de convencer a aquellas mujeres que no fueron a participar de las PASO que este domingo vayan a votar, porque los primeros derechos serruchados van a ser los nuestros\u201d, culmin\u00f3 Gonz\u00e1lez.<\/p>\n","protected":false},"excerpt":{"rendered":"<p>La flamante agrupaci\u00f3n que acompa\u00f1a la f\u00f3rmula nacional de Uni\u00f3n por la Patria con Sergio Massa-Agust\u00edn Rossi; y provincial con Axel Kicillof-Ver\u00f3nica Magario, milita a favor del intendente Arturo Rojas a nivel local, cuya boleta es muy requerida por los vecinos en la sede de calle 519 N\u00ba 2514, a media cuadra del Club Ministerio. [&hellip;]<\/p>\n","protected":false},"author":3,"featured_media":104195,"comment_status":"open","ping_status":"open","sticky":false,"template":"","format":"standard","meta":{"footnotes":""},"categories":[3],"tags":[],"class_list":["post-104190","post","type-post","status-publish","format-standard","has-post-thumbnail","category-masnoticias"],"_links":{"self":[{"href":"https:\/\/primicias2262.com\/noticias\/wp-json\/wp\/v2\/posts\/104190","targetHints":{"allow":["GET"]}}],"collection":[{"href":"https:\/\/primicias2262.com\/noticias\/wp-json\/wp\/v2\/posts"}],"about":[{"href":"https:\/\/primicias2262.com\/noticias\/wp-json\/wp\/v2\/types\/post"}],"author":[{"embeddable":true,"href":"https:\/\/primicias2262.com\/noticias\/wp-json\/wp\/v2\/users\/3"}],"replies":[{"embeddable":true,"href":"https:\/\/primicias2262.com\/noticias\/wp-json\/wp\/v2\/comments?post=104190"}],"version-history":[{"count":1,"href":"https:\/\/primicias2262.com\/noticias\/wp-json\/wp\/v2\/posts\/104190\/revisions"}],"predecessor-version":[{"id":104196,"href":"https:\/\/primicias2262.com\/noticias\/wp-json\/wp\/v2\/posts\/104190\/revisions\/104196"}],"wp:featuredmedia":[{"embeddable":true,"href":"https:\/\/primicias2262.com\/noticias\/wp-json\/wp\/v2\/media\/104195"}],"wp:attachment":[{"href":"https:\/\/primicias2262.com\/noticias\/wp-json\/wp\/v2\/media?parent=104190"}],"wp:term":[{"taxonomy":"category","embeddable":true,"href":"https:\/\/primicias2262.com\/noticias\/wp-json\/wp\/v2\/categories?post=104190"},{"taxonomy":"post_tag","embeddable":true,"href":"https:\/\/primicias2262.com\/noticias\/wp-json\/wp\/v2\/tags?post=104190"}],"curies":[{"name":"wp","href":"https:\/\/api.w.org\/{rel}","templated":true}]}}