{"id":104198,"date":"2023-10-19T12:04:17","date_gmt":"2023-10-19T12:04:17","guid":{"rendered":"https:\/\/primicias2262.com\/noticias\/?p=104198"},"modified":"2023-10-20T12:43:29","modified_gmt":"2023-10-20T12:43:29","slug":"a-horas-de-las-elecciones-kristiansen-subrayo-los-tres-ejes-de-propuestas-del-chelo-rivero","status":"publish","type":"post","link":"https:\/\/primicias2262.com\/noticias\/a-horas-de-las-elecciones-kristiansen-subrayo-los-tres-ejes-de-propuestas-del-chelo-rivero\/","title":{"rendered":"A horas de las elecciones Kristiansen subray\u00f3 los tres ejes de propuestas del \u201cChelo\u201d Rivero"},"content":{"rendered":"<p><strong>El candidato a primer concejal de Necochea por Uni\u00f3n por la Patria, Julian Kristiansen, visit\u00f3 los estudios de \u201cVoces de la Ciudad\u201d y en nota con el periodista Jorge G\u00f3mez volvi\u00f3 a enfatizar sobre los proyectos del candidato a intendente Marcelo Rivero sobre salud, educaci\u00f3n y producci\u00f3n.<\/strong><\/p>\n<p>El odont\u00f3logo se\u00f1al\u00f3 antes que nada sobre la campa\u00f1a que \u201cme gusta mucho estar en contacto con la gente, estoy acostumbrado del d\u00eda a d\u00eda con los pacientes en el consultorio y a nivel social me gusta el trato con la gente a nivel territorial y hablar, ver las necesidades que tienen, ya que te interioriz\u00e1s de un mont\u00f3n de cosas que no sab\u00edas y para estar en un lugar de gesti\u00f3n ten\u00e9s que saberlas\u201d.<\/p>\n<p>Como \u00faltimo mensaje pre electoral, Juli\u00e1n insisti\u00f3 que \u201cel Chelo se concentr\u00f3 en tres eje de propuestas, la educativa\u00a0 con el proyecto provincial Puentes, de establecer universidad propia en nuestro pago; el de salud con la provincializaci\u00f3n de este tema en el distrito; y a su vez insistir con el tema de la exploraci\u00f3n petrolera offshore, algo fundamental para lo que viene\u201d.<\/p>\n<p>Con una mirada m\u00e1s macro, pero manteniendo el eje en cuesti\u00f3n, Kristiansen afirm\u00f3 que \u201chay que reinvidicar lo que tenemos, muchas veces no valorizamos lo com\u00fan que tenemos, como por ejemplo la educaci\u00f3n p\u00fablica, hay que defenderla y reivindicarla; lo mismo que la salud, el hospital p\u00fablico tiene un recurso humano buen\u00edsimo, el problema es que muchas veces el sistema se vicia por ciertas cuestiones privadas que sin un control hace que se complique la situaci\u00f3n\u201d.<\/p>\n<p>En cuanto a la supuesta justicia social del actual gobierno, Juli\u00e1n manifest\u00f3 que \u201chay mucho bla bla pero no puede estar pasando la gente lo que est\u00e1 pasando en este momento, se genera un estado de bronca y cuando la gente est\u00e1 embroncada no toma las mejores decisiones\u201d.<\/p>\n<p>\u201cAs\u00ed es como surgen personajes de la anti pol\u00edtica como Javier Milei, que viene a romper todo y a patear el tablero, pero la gente tiene que entender que Milei tiene una estructura que es toda casta y est\u00e1 en pol\u00edtica desde la \u00e9poca de Menem, de hecho su econom\u00eda est\u00e1 basada en la econom\u00eda de la \u00e9poca de Menem y Cavallo\u201d, complet\u00f3.<\/p>\n","protected":false},"excerpt":{"rendered":"<p>El candidato a primer concejal de Necochea por Uni\u00f3n por la Patria, Julian Kristiansen, visit\u00f3 los estudios de \u201cVoces de la Ciudad\u201d y en nota con el periodista Jorge G\u00f3mez volvi\u00f3 a enfatizar sobre los proyectos del candidato a intendente Marcelo Rivero sobre salud, educaci\u00f3n y producci\u00f3n. El odont\u00f3logo se\u00f1al\u00f3 antes que nada sobre la [&hellip;]<\/p>\n","protected":false},"author":3,"featured_media":104194,"comment_status":"open","ping_status":"open","sticky":false,"template":"","format":"standard","meta":{"footnotes":""},"categories":[3],"tags":[],"class_list":["post-104198","post","type-post","status-publish","format-standard","has-post-thumbnail","category-masnoticias"],"_links":{"self":[{"href":"https:\/\/primicias2262.com\/noticias\/wp-json\/wp\/v2\/posts\/104198","targetHints":{"allow":["GET"]}}],"collection":[{"href":"https:\/\/primicias2262.com\/noticias\/wp-json\/wp\/v2\/posts"}],"about":[{"href":"https:\/\/primicias2262.com\/noticias\/wp-json\/wp\/v2\/types\/post"}],"author":[{"embeddable":true,"href":"https:\/\/primicias2262.com\/noticias\/wp-json\/wp\/v2\/users\/3"}],"replies":[{"embeddable":true,"href":"https:\/\/primicias2262.com\/noticias\/wp-json\/wp\/v2\/comments?post=104198"}],"version-history":[{"count":1,"href":"https:\/\/primicias2262.com\/noticias\/wp-json\/wp\/v2\/posts\/104198\/revisions"}],"predecessor-version":[{"id":104199,"href":"https:\/\/primicias2262.com\/noticias\/wp-json\/wp\/v2\/posts\/104198\/revisions\/104199"}],"wp:featuredmedia":[{"embeddable":true,"href":"https:\/\/primicias2262.com\/noticias\/wp-json\/wp\/v2\/media\/104194"}],"wp:attachment":[{"href":"https:\/\/primicias2262.com\/noticias\/wp-json\/wp\/v2\/media?parent=104198"}],"wp:term":[{"taxonomy":"category","embeddable":true,"href":"https:\/\/primicias2262.com\/noticias\/wp-json\/wp\/v2\/categories?post=104198"},{"taxonomy":"post_tag","embeddable":true,"href":"https:\/\/primicias2262.com\/noticias\/wp-json\/wp\/v2\/tags?post=104198"}],"curies":[{"name":"wp","href":"https:\/\/api.w.org\/{rel}","templated":true}]}}