{"id":104201,"date":"2023-10-19T12:05:03","date_gmt":"2023-10-19T12:05:03","guid":{"rendered":"https:\/\/primicias2262.com\/noticias\/?p=104201"},"modified":"2023-10-20T12:44:30","modified_gmt":"2023-10-20T12:44:30","slug":"la-inspectora-distrital-confirmo-que-el-lunes-pos-elecciones-habra-clases-normalmente","status":"publish","type":"post","link":"https:\/\/primicias2262.com\/noticias\/la-inspectora-distrital-confirmo-que-el-lunes-pos-elecciones-habra-clases-normalmente\/","title":{"rendered":"La inspectora distrital confirm\u00f3 que el lunes pos elecciones habr\u00e1 clases normalmente"},"content":{"rendered":"<p><strong>As\u00ed lo ratific\u00f3 durante una breve comunicaci\u00f3n telef\u00f3nica con el periodista Jorge G\u00f3mez en \u201cVoces de la Ciudad\u201d.<\/strong><\/p>\n<p>La inspectora Jefa Distrital de Educaci\u00f3n, Elsa Guillermo, confirm\u00f3 este mi\u00e9rcoles que en aquellos establecimientos educativos que estar\u00e1n afectados al proceso electoral, habr\u00e1 clases normalmente al d\u00eda siguiente.<\/p>\n<p>\u201cEl lunes la actividad va a ser normal desde las 7 de la ma\u00f1ana, como lo fue en el proceso eleccionario de las PASO de agosto\u201d, inform\u00f3.<\/p>\n<p>Ampli\u00f3 al respecto que \u201cse garantizan las \u00f3ptimas condiciones de higiene para las escuelas a las 7 de la ma\u00f1ana para poder tener el inicio normal de las clases\u201d, acotando que \u201chay un monto espec\u00edfico de pago a personal auxiliar que trabaja el domingo pos elecciones y al cierre del comicio se deja las escuelas en condiciones para poder tener clases al d\u00eda siguiente\u201d.<\/p>\n","protected":false},"excerpt":{"rendered":"<p>As\u00ed lo ratific\u00f3 durante una breve comunicaci\u00f3n telef\u00f3nica con el periodista Jorge G\u00f3mez en \u201cVoces de la Ciudad\u201d. La inspectora Jefa Distrital de Educaci\u00f3n, Elsa Guillermo, confirm\u00f3 este mi\u00e9rcoles que en aquellos establecimientos educativos que estar\u00e1n afectados al proceso electoral, habr\u00e1 clases normalmente al d\u00eda siguiente. \u201cEl lunes la actividad va a ser normal desde [&hellip;]<\/p>\n","protected":false},"author":3,"featured_media":103507,"comment_status":"open","ping_status":"open","sticky":false,"template":"","format":"standard","meta":{"footnotes":""},"categories":[3],"tags":[],"class_list":["post-104201","post","type-post","status-publish","format-standard","has-post-thumbnail","category-masnoticias"],"_links":{"self":[{"href":"https:\/\/primicias2262.com\/noticias\/wp-json\/wp\/v2\/posts\/104201","targetHints":{"allow":["GET"]}}],"collection":[{"href":"https:\/\/primicias2262.com\/noticias\/wp-json\/wp\/v2\/posts"}],"about":[{"href":"https:\/\/primicias2262.com\/noticias\/wp-json\/wp\/v2\/types\/post"}],"author":[{"embeddable":true,"href":"https:\/\/primicias2262.com\/noticias\/wp-json\/wp\/v2\/users\/3"}],"replies":[{"embeddable":true,"href":"https:\/\/primicias2262.com\/noticias\/wp-json\/wp\/v2\/comments?post=104201"}],"version-history":[{"count":2,"href":"https:\/\/primicias2262.com\/noticias\/wp-json\/wp\/v2\/posts\/104201\/revisions"}],"predecessor-version":[{"id":104230,"href":"https:\/\/primicias2262.com\/noticias\/wp-json\/wp\/v2\/posts\/104201\/revisions\/104230"}],"wp:featuredmedia":[{"embeddable":true,"href":"https:\/\/primicias2262.com\/noticias\/wp-json\/wp\/v2\/media\/103507"}],"wp:attachment":[{"href":"https:\/\/primicias2262.com\/noticias\/wp-json\/wp\/v2\/media?parent=104201"}],"wp:term":[{"taxonomy":"category","embeddable":true,"href":"https:\/\/primicias2262.com\/noticias\/wp-json\/wp\/v2\/categories?post=104201"},{"taxonomy":"post_tag","embeddable":true,"href":"https:\/\/primicias2262.com\/noticias\/wp-json\/wp\/v2\/tags?post=104201"}],"curies":[{"name":"wp","href":"https:\/\/api.w.org\/{rel}","templated":true}]}}