{"id":104206,"date":"2023-10-19T12:12:05","date_gmt":"2023-10-19T12:12:05","guid":{"rendered":"https:\/\/primicias2262.com\/noticias\/?p=104206"},"modified":"2023-10-20T14:17:57","modified_gmt":"2023-10-20T14:17:57","slug":"comenzo-a-funcionar-la-iluminacion-led-de-la-avenida-74-entre-las-avenidas-75-y-la-91","status":"publish","type":"post","link":"https:\/\/primicias2262.com\/noticias\/comenzo-a-funcionar-la-iluminacion-led-de-la-avenida-74-entre-las-avenidas-75-y-la-91\/","title":{"rendered":"Comenz\u00f3 a funcionar la iluminaci\u00f3n LED de la avenida 74 entre las avenidas 75 y la 91"},"content":{"rendered":"<p><strong>Luego del reemplazo llevado a cabo este mi\u00e9rcoles, en la noche se encendieron las luminarias con el nuevo sistema. Uno de los 20 corredores seguros que dispondr\u00e1 la Municipalidad de Necochea\u00a0\u00a0<\/strong><\/p>\n<p><strong>Por Jorge G\u00f3mez\u00a0\u00a0<\/strong><\/p>\n<p>La avenida 74 entre la avenida 75 y la avenida 91 -uniendo la Plaza Scout con el Barrio General San Mart\u00edn- cuenta desde la noche de mi\u00e9rcoles 18 de octubre, ya operativo y funcionando, el flamante sistema de iluminaci\u00f3n extraordinaria dispuesto bajo el sistema LED, en un mejoramiento importante de la capacidad lum\u00ednica de este transitado sector de Necochea.<\/p>\n<p>Comprende uno de los 20 corredores seguros que tambi\u00e9n tendr\u00e1n este servicio de iluminaci\u00f3n LED, dispuesto por la Municipalidad de Necochea.<\/p>\n<p><a href=\"https:\/\/primicias2262.com\/noticias\/wp-content\/uploads\/2023\/10\/WhatsApp-Image-2023-10-18-at-8.12.53-PM1.jpeg\"><img loading=\"lazy\" decoding=\"async\" class=\"aligncenter size-full wp-image-104207\" src=\"https:\/\/primicias2262.com\/noticias\/wp-content\/uploads\/2023\/10\/WhatsApp-Image-2023-10-18-at-8.12.53-PM1.jpeg\" alt=\"\" width=\"1280\" height=\"960\" srcset=\"https:\/\/primicias2262.com\/noticias\/wp-content\/uploads\/2023\/10\/WhatsApp-Image-2023-10-18-at-8.12.53-PM1.jpeg 1280w, https:\/\/primicias2262.com\/noticias\/wp-content\/uploads\/2023\/10\/WhatsApp-Image-2023-10-18-at-8.12.53-PM1-300x225.jpeg 300w, https:\/\/primicias2262.com\/noticias\/wp-content\/uploads\/2023\/10\/WhatsApp-Image-2023-10-18-at-8.12.53-PM1-1024x768.jpeg 1024w, https:\/\/primicias2262.com\/noticias\/wp-content\/uploads\/2023\/10\/WhatsApp-Image-2023-10-18-at-8.12.53-PM1-768x576.jpeg 768w, https:\/\/primicias2262.com\/noticias\/wp-content\/uploads\/2023\/10\/WhatsApp-Image-2023-10-18-at-8.12.53-PM1-150x113.jpeg 150w, https:\/\/primicias2262.com\/noticias\/wp-content\/uploads\/2023\/10\/WhatsApp-Image-2023-10-18-at-8.12.53-PM1-696x522.jpeg 696w, https:\/\/primicias2262.com\/noticias\/wp-content\/uploads\/2023\/10\/WhatsApp-Image-2023-10-18-at-8.12.53-PM1-1068x801.jpeg 1068w\" sizes=\"auto, (max-width: 1280px) 100vw, 1280px\" \/><\/a>El pasado mi\u00e9rcoles en horario diurno, se produjo el reemplazo de las luminarias y a noche se las habilit\u00f3.<\/p>\n<p>Material informativo y fotos enviadas por el secretario de Planeamiento, Obras y Servicios P\u00fablicos de la Municipalidad local, Adri\u00e1n Furno<\/p>\n","protected":false},"excerpt":{"rendered":"<p>Luego del reemplazo llevado a cabo este mi\u00e9rcoles, en la noche se encendieron las luminarias con el nuevo sistema. Uno de los 20 corredores seguros que dispondr\u00e1 la Municipalidad de Necochea\u00a0\u00a0 Por Jorge G\u00f3mez\u00a0\u00a0 La avenida 74 entre la avenida 75 y la avenida 91 -uniendo la Plaza Scout con el Barrio General San Mart\u00edn- [&hellip;]<\/p>\n","protected":false},"author":3,"featured_media":104208,"comment_status":"open","ping_status":"open","sticky":false,"template":"","format":"standard","meta":{"footnotes":""},"categories":[3],"tags":[],"class_list":["post-104206","post","type-post","status-publish","format-standard","has-post-thumbnail","category-masnoticias"],"_links":{"self":[{"href":"https:\/\/primicias2262.com\/noticias\/wp-json\/wp\/v2\/posts\/104206","targetHints":{"allow":["GET"]}}],"collection":[{"href":"https:\/\/primicias2262.com\/noticias\/wp-json\/wp\/v2\/posts"}],"about":[{"href":"https:\/\/primicias2262.com\/noticias\/wp-json\/wp\/v2\/types\/post"}],"author":[{"embeddable":true,"href":"https:\/\/primicias2262.com\/noticias\/wp-json\/wp\/v2\/users\/3"}],"replies":[{"embeddable":true,"href":"https:\/\/primicias2262.com\/noticias\/wp-json\/wp\/v2\/comments?post=104206"}],"version-history":[{"count":2,"href":"https:\/\/primicias2262.com\/noticias\/wp-json\/wp\/v2\/posts\/104206\/revisions"}],"predecessor-version":[{"id":104234,"href":"https:\/\/primicias2262.com\/noticias\/wp-json\/wp\/v2\/posts\/104206\/revisions\/104234"}],"wp:featuredmedia":[{"embeddable":true,"href":"https:\/\/primicias2262.com\/noticias\/wp-json\/wp\/v2\/media\/104208"}],"wp:attachment":[{"href":"https:\/\/primicias2262.com\/noticias\/wp-json\/wp\/v2\/media?parent=104206"}],"wp:term":[{"taxonomy":"category","embeddable":true,"href":"https:\/\/primicias2262.com\/noticias\/wp-json\/wp\/v2\/categories?post=104206"},{"taxonomy":"post_tag","embeddable":true,"href":"https:\/\/primicias2262.com\/noticias\/wp-json\/wp\/v2\/tags?post=104206"}],"curies":[{"name":"wp","href":"https:\/\/api.w.org\/{rel}","templated":true}]}}